{"id":561589,"date":"2025-11-27T05:43:19","date_gmt":"2025-11-27T05:43:19","guid":{"rendered":"https:\/\/www.europesays.com\/fr\/561589\/"},"modified":"2025-11-27T05:43:19","modified_gmt":"2025-11-27T05:43:19","slug":"comment-la-france-insoumise-fait-de-sa-niche-parlementaire-un-outil-de-campagne","status":"publish","type":"post","link":"https:\/\/www.europesays.com\/fr\/561589\/","title":{"rendered":"Comment La France insoumise fait de sa niche parlementaire un outil de campagne"},"content":{"rendered":"<p>        <img decoding=\"async\" loading=\"lazy\" src=\"https:\/\/www.europesays.com\/fr\/wp-content\/uploads\/2025\/11\/d07827d_upload-1-xfz0vxgwn8bv-afp-20251123-84wl4xn-v1-highres-francepoliticselectionslfi.jpg\"  width=\"728\" height=\"410\" alt=\"Mathilde Panot \u00e0 Aubervilliers le 23\u00a0novembre 2025.\"\/>  <\/p>\n<p>BERTRAND GUAY \/ AFP<\/p>\n<p>Mathilde Panot \u00e0 Aubervilliers le 23\u00a0novembre 2025.<\/p>\n<p>      <strong>EN BREF<\/strong> <strong>\u2022 <\/strong>Comme chaque groupe parlementaire durant l\u2019ann\u00e9e, la France insoumise ma\u00eetrise l\u2019ordre du jour de l\u2019Assembl\u00e9e \u00e0 l\u2019occasion de sa niche parlementaire<br \/><strong>\u2022 <\/strong>Le groupe pr\u00e9sid\u00e9 par Mathilde Panot va d\u00e9fendre la nationalisation d\u2019ArcelorMittal (qui met le RN en col\u00e8re), la gratuit\u00e9 des parkings hospitaliers ou des mesures pour les Outre-mer.<br \/><strong>\u2022 <\/strong>Les th\u00e8mes d\u00e9fendus par les insoumis dessinent un embryon de programme pr\u00e9sidentiel de Jean-Luc M\u00e9lenchon.                         <\/p>\n<p class=\"asset asset-text\">Comme un avant-go\u00fbt de campagne \u00e9lectorale. Les th\u00e8mes retenus par <a href=\"https:\/\/www.huffingtonpost.fr\/politique\/article\/municipales-2026-la-france-insoumise-prepare-les-elections-en-regardant-plus-loin_257385.html\" target=\"_blank\" rel=\"noopener\">La France insoumise<\/a> pour <a href=\"https:\/\/www.huffingtonpost.fr\/politique\/article\/comment-la-niche-parlementaire-de-la-france-insoumise-a-tourne-au-pugilat-reportage_242889.html\" target=\"_blank\" rel=\"noopener\">sa niche parlementaire<\/a> donnent \u00e0 voir les sujets sur lesquels entend particuli\u00e8rement insister le mouvement de gauche radicale. Un an apr\u00e8s avoir choisi de mettre en d\u00e9bat l\u2019abrogation de la r\u00e9forme des retraites (qui n\u2019a pas pu aboutir), force est de constater que la question sociale occupe toujours le haut de la pile. Seront ainsi examin\u00e9es la nationalisation d\u2019ArcelorMittal, la gratuit\u00e9 des parkings des h\u00f4pitaux publics ou encore la d\u00e9fiscalisation des pensions alimentaires.<\/p>\n<p class=\"asset asset-text\">Ce jeudi 27\u00a0novembre, de 9h \u00e0 minuit, les insoumis donnent le tempo \u00e0 l\u2019Assembl\u00e9e et esp\u00e8rent d\u00e9crocher plusieurs victoires. \u00ab\u00a0Nous voulons faire rentrer les revendications et les mobilisations populaires \u00e0 l\u2019int\u00e9rieur de l\u2019h\u00e9micycle\u00a0\u00bb, a explicit\u00e9 la pr\u00e9sidente du groupe, Mathilde Panot, devant les journalistes parlementaires le 26\u00a0novembre.<\/p>\n<p class=\"asset asset-text\">La journ\u00e9e commencera par une proposition de r\u00e9solution (un type de texte qui n\u2019a pas de valeur contraignante) contre le trait\u00e9 du Mercosur alors que de nombreux agriculteurs fran\u00e7ais redoutent une concurrence d\u00e9loyale accrue avec l\u2019Am\u00e9rique du Sud. Des craintes raviv\u00e9es par de r\u00e9cents propos d\u2019Emmanuel Macron qui a sembl\u00e9 ouvrir la porte \u00e0 une signature de la France. Le 6\u00a0novembre, depuis le Br\u00e9sil o\u00f9 il a assist\u00e9 \u00e0 la COP30, le chef de l\u2019\u00c9tat s\u2019est dit \u00ab\u00a0plut\u00f4t positif\u00a0\u00bb \u00e0 l\u2019id\u00e9e de conclure l\u2019accord avec les pays du Mercosur semblant contredire tout ce qu\u2019il avait promis jusque-l\u00e0. \u00ab\u00a0Macron est pr\u00eat \u00e0 se coucher devant la Commission europ\u00e9enne, peste Mathilde Panot. Il nous semble donc important qu\u2019il y ait un signal de l\u2019Assembl\u00e9e nationale.\u00a0\u00bb<\/p>\n<p>                     M\u00e9lenchon vise les outre-mer    <\/p>\n<p class=\"asset asset-text\">Viendra ensuite un texte visant \u00e0 \u00ab\u00a0garantir l\u2019\u00e9galit\u00e9 d\u2019acc\u00e8s au service postal\u00a0\u00bb en outre-mer. Selon l\u2019Autorit\u00e9 de la concurrence, la vie y est en moyenne de 19\u00a0% \u00e0 38\u00a0% plus ch\u00e8re que dans l\u2019Hexagone. Mais sur l\u2019envoi de colis postaux c\u2019est encore pire et les insoumis d\u00e9noncent \u00ab\u00a0une discrimination tarifaire\u00a0\u00bb\u00a0: les habitants ultramarins payent une surtaxe de plusieurs dizaines d\u2019euros d\u00e8s lors que le poids de leur envoi d\u00e9passe 100\u00a0g.<\/p>\n<p class=\"asset asset-text\">\u00ab\u00a0On voulait un texte sur les outre-mer\u00a0\u00bb, assume Mathilde Panot dont le groupe compte dans ses rangs trois d\u00e9put\u00e9s ultramarins. Les territoires d\u2019outre-mer sont une cible privil\u00e9gi\u00e9e de <a href=\"https:\/\/www.huffingtonpost.fr\/politique\/article\/avec-ce-meeting-jean-luc-melenchon-lance-sans-le-dire-sa-campagne-presidentielle_257201.html\" target=\"_blank\" rel=\"noopener\">Jean-Luc M\u00e9lenchon<\/a>, qui disait en 2022\u00a0vouloir en faire \u00ab\u00a0les avant-postes du progr\u00e8s humain\u00a0\u00bb. Alors candidat \u00e0 l\u2019\u00e9lection pr\u00e9sidentielle, il y avait r\u00e9alis\u00e9 parmi ses meilleurs scores au premier tour, r\u00e9unissant par exemple 56\u00a0% des voix en Guadeloupe et 53\u00a0% en Martinique.<\/p>\n<p>    Des salari\u00e9s d\u2019ArcelorMittal en tribune    <\/p>\n<p class=\"asset asset-text\">Autre sujet, m\u00eame volont\u00e9 d\u2019en faire une priorit\u00e9\u00a0: la nationalisation d\u2019ArcelorMittal. Les insoumis veulent \u00ab\u00a0p\u00e9renniser l\u2019activit\u00e9\u00a0\u00bb de ce g\u00e9ant de l\u2019acier qui pr\u00e9voit plus de 600\u00a0suppressions d\u2019emplois en France. \u00ab\u00a015\u00a0000\u00a0emplois directs et 80\u00a0000\u00a0emplois indirects sont en jeu, d\u00e9taille Mathilde Panot. C\u2019est l\u2019avenir de plein de familles, mais aussi de presque tous les emplois industriels en France, qui se joue. Sans production d\u2019acier, sans d\u00e9carbonation, sans investissement dans les usines, l\u2019ensemble de notre souverainet\u00e9 industrielle dispara\u00eet.\u00a0\u00bb<\/p>\n<p class=\"asset asset-text\">Sa coll\u00e8gue Aur\u00e9lie Trouv\u00e9 a embray\u00e9 sur BFMTV\u00a0: \u00ab\u00a0La nationalisation est le seul moyen aujourd\u2019hui de sauver ArcelorMittal et la production d\u2019acier en France\u00a0\u00bb. Plusieurs centaines de salari\u00e9s <a href=\"https:\/\/www.huffingtonpost.fr\/politique\/article\/apres-l-annonce-des-licenciements-massifs-chez-arcelormittal-l-etat-somme-d-intervenir_249173.html\" target=\"_blank\" rel=\"noopener\">d\u2019ArcelorMittal<\/a> ont pr\u00e9vu de faire le d\u00e9placement jusqu\u2019\u00e0 Paris, d\u2019abord lors d\u2019une manifestation organis\u00e9e \u00e0 11h aux abords de l\u2019Assembl\u00e9e\u00a0; certains seront m\u00eame en tribune pour assister au d\u00e9bat.<\/p>\n<p class=\"asset asset-text\">Sur ce texte, le Rassemblement national assume d\u2019avoir d\u00e9pos\u00e9 <a href=\"https:\/\/www.huffingtonpost.fr\/politique\/article\/le-rn-assume-de-se-venger-et-de-pourrir-la-niche-lfi-sur-arcelormittal_257512.html\" target=\"_blank\" rel=\"noopener\">un nombre important d\u2019amendements<\/a> pour ralentir les d\u00e9bats. \u00ab\u00a0Face aux salari\u00e9s pr\u00e9sents en tribune, j\u2019esp\u00e8re qu\u2019ils auront honte et qu\u2019ils retireront leurs amendements, peste Mathilde Panot. Ce sont d\u00e9finitivement les ennemis des travailleurs\u00a0\u00bb. Le d\u00e9put\u00e9 RN Jean-Philippe Tanguy confirme vouloir \u00ab\u00a0donner une bonne le\u00e7on \u00e0 LFI qui se croit tout permis\u00a0\u00bb. \u00ab\u00a0On pourrit votre niche parlementaire\u00a0\u00bb, attaque aussi son coll\u00e8gue Matthias Renault. Jean-Luc M\u00e9lenchon a r\u00e9pliqu\u00e9\u00a0: \u00ab\u00a0Ils refusent de sauver l\u2019emploi pour ne pas faire peur au patron. C\u2019est la ligne de Bardella qui fait du RN un parti du grand patronat\u00a0\u00bb.<\/p>\n<p>    L\u2019abrogation de la loi Duplomb a \u00e9t\u00e9 retir\u00e9e    <\/p>\n<p class=\"asset asset-text\">Ce d\u00e9bat sur ArcelorMittal promet d\u2019\u00eatre \u00e9lectrique, alors que le gouvernement ne veut pas entendre parler de nationalisation. \u00ab\u00a0Je ne vais pas nationaliser ArcelorMittal, parce que ce serait d\u00e9penser des milliards d\u2019euros\u00a0\u00bb, avait pr\u00e9venu <a href=\"https:\/\/www.huffingtonpost.fr\/politique\/article\/emmanuel-macron-promet-de-sauver-les-sites-arcelormittal-mais-sans-nationaliser_249979.html\" target=\"_blank\" rel=\"noopener\">Emmanuel Macron lors d\u2019une \u00e9mission face \u00e0 Sophie Binet<\/a> en mai. Ajoutant\u00a0: \u00ab\u00a0La r\u00e9ponse, \u00e7a n\u2019est pas nationaliser\u00a0mais avoir des garanties de d\u00e9veloppement\u00a0\u00bb. Toute la gauche devrait en tout cas se retrouver autour de la proposition LFI. Mathilde Panot assure d\u00e9j\u00e0 que son groupe ne fera pas l\u2019impasse sur le texte, quelle que soit l\u2019avanc\u00e9e des d\u00e9bats. \u00ab\u00a0C\u2019est impossible qu\u2019on retire ce texte, c\u2019est une revendication tellement forte\u00a0\u00bb.<\/p>\n<p class=\"asset asset-text\">En revanche, <a href=\"https:\/\/www.huffingtonpost.fr\/politique\/article\/la-loi-duplomb-promulguee-par-emmanuel-macron-voici-ce-qu-elle-contient-apres-la-censure-de-l-article-phare-clx2_252870.html\" target=\"_blank\" rel=\"noopener\">l\u2019abrogation de la loi Duplomb<\/a>, qui est une exigence notamment de militants \u00e9cologistes, a \u00e9t\u00e9 retir\u00e9e de l\u2019ordre du jour. Le centre, la droite et l\u2019extr\u00eame droite l\u2019ayant \u00ab\u00a0vid\u00e9 de sa substance\u00a0\u00bb en commission selon LFI, en lui faisant dire \u00ab\u00a0exactement le contraire de ce qu\u2019on d\u00e9fendait\u00a0\u00bb. Le texte avait r\u00e9uni contre lui plus de 2\u00a0millions de signatures sur le site de l\u2019Assembl\u00e9e cet \u00e9t\u00e9 et provoqu\u00e9 un vif d\u00e9bat autour de l\u2019exposition \u00e0 certaines substances jug\u00e9es dangereuses voire canc\u00e9rig\u00e8nes comme l\u2019ac\u00e9tamipride. \u00ab\u00a0Mais c\u2019est un combat qu\u2019on continuera \u00e0 mener\u00a0\u00bb, rassure Mathilde Panot.<\/p>\n<p class=\"asset asset-text\">Mises bout \u00e0 bout, ces mesures esquissent presque un programme pr\u00e9sidentiel. On pourrait rajouter la suppression de la CSG pour les apprentis ou encore la demande \u00ab\u00a0de respect du droit international\u00a0\u00bb \u00e0 Gaza, qui n\u2019ont aucune chance d\u2019\u00eatre examin\u00e9es puisqu\u2019elles ont \u00e9t\u00e9 plac\u00e9es en fin de niche. Cinq textes (sur huit) ont \u00e9t\u00e9 adopt\u00e9s en commission. Ce qui fait dire aux insoumis qu\u2019ils pourront, sauf retournement de derni\u00e8re minute, se pr\u00e9valoir de quelques victoires dans l\u2019h\u00e9micycle.<\/p>\n","protected":false},"excerpt":{"rendered":"BERTRAND GUAY \/ AFP Mathilde Panot \u00e0 Aubervilliers le 23\u00a0novembre 2025. EN BREF \u2022 Comme chaque groupe parlementaire&hellip;\n","protected":false},"author":2,"featured_media":561590,"comment_status":"","ping_status":"","sticky":false,"template":"","format":"standard","meta":{"footnotes":""},"categories":[4],"tags":[11,416,1011,27,1023,14552,12,316,26338,25],"class_list":{"0":"post-561589","1":"post","2":"type-post","3":"status-publish","4":"format-standard","5":"has-post-thumbnail","7":"category-france","8":"tag-actualites","9":"tag-assemblee-nationale","10":"tag-fr","11":"tag-france","12":"tag-la-france-insoumise-lfi","13":"tag-mathilde-panot","14":"tag-news","15":"tag-politique","16":"tag-presidentielle-2027","17":"tag-republique-francaise"},"share_on_mastodon":{"url":"https:\/\/pubeurope.com\/@fr\/115620073119352696","error":""},"_links":{"self":[{"href":"https:\/\/www.europesays.com\/fr\/wp-json\/wp\/v2\/posts\/561589","targetHints":{"allow":["GET"]}}],"collection":[{"href":"https:\/\/www.europesays.com\/fr\/wp-json\/wp\/v2\/posts"}],"about":[{"href":"https:\/\/www.europesays.com\/fr\/wp-json\/wp\/v2\/types\/post"}],"author":[{"embeddable":true,"href":"https:\/\/www.europesays.com\/fr\/wp-json\/wp\/v2\/users\/2"}],"replies":[{"embeddable":true,"href":"https:\/\/www.europesays.com\/fr\/wp-json\/wp\/v2\/comments?post=561589"}],"version-history":[{"count":0,"href":"https:\/\/www.europesays.com\/fr\/wp-json\/wp\/v2\/posts\/561589\/revisions"}],"wp:featuredmedia":[{"embeddable":true,"href":"https:\/\/www.europesays.com\/fr\/wp-json\/wp\/v2\/media\/561590"}],"wp:attachment":[{"href":"https:\/\/www.europesays.com\/fr\/wp-json\/wp\/v2\/media?parent=561589"}],"wp:term":[{"taxonomy":"category","embeddable":true,"href":"https:\/\/www.europesays.com\/fr\/wp-json\/wp\/v2\/categories?post=561589"},{"taxonomy":"post_tag","embeddable":true,"href":"https:\/\/www.europesays.com\/fr\/wp-json\/wp\/v2\/tags?post=561589"}],"curies":[{"name":"wp","href":"https:\/\/api.w.org\/{rel}","templated":true}]}}