{"id":561595,"date":"2025-11-27T05:51:15","date_gmt":"2025-11-27T05:51:15","guid":{"rendered":"https:\/\/www.europesays.com\/fr\/561595\/"},"modified":"2025-11-27T05:51:15","modified_gmt":"2025-11-27T05:51:15","slug":"le-look-capilaire-improbable-de-benjamin-thomas-aux-6-jours-de-gand-apres-un-pari-perdu","status":"publish","type":"post","link":"https:\/\/www.europesays.com\/fr\/561595\/","title":{"rendered":"le look capilaire improbable de Benjamin Thomas aux 6 jours de Gand apr\u00e8s un pari perdu"},"content":{"rendered":"<p>Champion olympique de l\u2019omnium aux JO 2024 de Paris, Benjamin Thomas a offert samedi une parenth\u00e8se aussi improbable qu\u2019hilarante lors des 6 Jours de Gand. Affubl\u00e9 d\u2019une perruque aux cheveux longs en pleine course aux points, le Tarnais a d\u00e9clench\u00e9 l\u2019incr\u00e9dulit\u00e9 des commentateurs et l\u2019hilarit\u00e9 du v\u00e9lodrome.<\/p>\n<p>On croyait avoir tout vu sur les pistes indoor, et pourtant. Samedi 22 novembre, au coeur d\u2019une course aux points parfaitement lanc\u00e9e, un coureur capillairement\u2026 surprenant a brusquement attir\u00e9 les cam\u00e9ras. La sc\u00e8ne, devenue virale en quelques heures, restera s\u00fbrement l\u2019un des moments les plus insolites de ces 6 Jours de Gand. Sur les ondes belges, l\u2019un des commentateurs n\u2019a pu contenir sa stup\u00e9faction: \u00ab\u00a0Attendez, attendez, je dois vous interrompre. Que se passe-t-il? Qui est ce coureur? Quelle est donc cette chevelure?\u00a0\u00bb, avant d\u2019exploser de rire en lan\u00e7ant: \u00ab\u00a0Mais c&rsquo;est le carnaval de Binche avant l&rsquo;heure ou quoi?\u00a0\u00bb<\/p>\n<p>Derri\u00e8re la cascade de cheveux synth\u00e9tiques, un homme, <a href=\"https:\/\/rmcsport.bfmtv.com\/cyclisme\/tour-de-france\/video-tour-de-france-e14-hier-on-a-fait-11km-de-velo-5-heures-de-bagnole-thomas-souffre-des-transferts_VN-202507190177.html\" title=\"Tour de France (E14) : &quot;Hier, on a fait 11km de v\u00e9lo, 5 heures de bagnole&quot;, Thomas souffre des transferts\" class=\"internal_link\" target=\"_blank\" rel=\"noopener\">Benjamin Thomas<\/a>, le Fran\u00e7ais de la formation <a href=\"https:\/\/rmcsport.bfmtv.com\/cyclisme\/video-cofidis-relegue-le-double-objectif-du-nouveau-manager_VN-202510200537.html\" title=\"Cofidis rel\u00e9gu\u00e9 : Le double objectif du nouveau manager\" class=\"internal_link\" target=\"_blank\" rel=\"noopener\">Cofidis<\/a>, champion olympique mais \u00e0 l\u2019humour tout aussi remarquable. Une fa\u00e7on l\u00e9g\u00e8re d\u2019amuser la galerie dans une \u00e9preuve pourtant exigeante. Et le principal int\u00e9ress\u00e9 l\u2019a confirm\u00e9 un peu plus tard dans <a href=\"https:\/\/www.ladepeche.fr\/2025\/11\/26\/video-cyclisme-quelle-est-cette-chevelure-lincroyable-defi-dun-champion-olympique-francais-qui-fait-sensation-lors-dune-course-13075554.php\" target=\"_blank\" class=\"external_link\" rel=\"noopener\">La D\u00e9p\u00eache<\/a>: \u00ab\u00a0C\u2019\u00e9tait juste une blague, mon m\u00e9cano l\u2019avait apport\u00e9 pour rigoler et ils m\u2019ont dit que je n\u2019\u00e9tais pas capable de prendre le d\u00e9part d\u2019une course avec\u2026\u00a0\u00bb. Pari tenu, \u00e9clats de rire garantis.<\/p>\n<p>Sixi\u00e8me place mais un succ\u00e8s populaire ind\u00e9niable<\/p>\n<p>Si l\u2019\u00e9quipement capillaire a enflamm\u00e9 les r\u00e9seaux sociaux, Benjamin Thomas n\u2019a pas oubli\u00e9 l\u2019essentiel: courir vite et fort avec son bin\u00f4me Oscar Nilsson-Julien (AVC Aix Provence DOLE). Le duo termine finalement sixi\u00e8me, une place anecdotique.<\/p>\n<p>Le Tarnais, toujours lucide et enthousiaste, retenait surtout la magie de l\u2019\u00e9v\u00e9nement. \u00ab\u00a0Ici, \u00e0 Gand, l\u2019ambiance est incroyable, l\u2019ambiance est incroyable. \u00c7a roule vraiment tr\u00e8s vite parce qu\u2019il n\u2019y a que des sp\u00e9cialistes de ce genre d\u2019\u00e9preuves\u00a0\u00bb, confiait-il, toujours dans les colonnes de La D\u00e9p\u00eache.<\/p>\n","protected":false},"excerpt":{"rendered":"Champion olympique de l\u2019omnium aux JO 2024 de Paris, Benjamin Thomas a offert samedi une parenth\u00e8se aussi improbable&hellip;\n","protected":false},"author":2,"featured_media":561596,"comment_status":"","ping_status":"","sticky":false,"template":"","format":"standard","meta":{"footnotes":""},"categories":[1411],"tags":[1154,207,1011,27,60],"class_list":{"0":"post-561595","1":"post","2":"type-post","3":"status-publish","4":"format-standard","5":"has-post-thumbnail","7":"category-cyclisme","8":"tag-cycling","9":"tag-cyclisme","10":"tag-fr","11":"tag-france","12":"tag-sports"},"share_on_mastodon":{"url":"https:\/\/pubeurope.com\/@fr\/115620104381857961","error":""},"_links":{"self":[{"href":"https:\/\/www.europesays.com\/fr\/wp-json\/wp\/v2\/posts\/561595","targetHints":{"allow":["GET"]}}],"collection":[{"href":"https:\/\/www.europesays.com\/fr\/wp-json\/wp\/v2\/posts"}],"about":[{"href":"https:\/\/www.europesays.com\/fr\/wp-json\/wp\/v2\/types\/post"}],"author":[{"embeddable":true,"href":"https:\/\/www.europesays.com\/fr\/wp-json\/wp\/v2\/users\/2"}],"replies":[{"embeddable":true,"href":"https:\/\/www.europesays.com\/fr\/wp-json\/wp\/v2\/comments?post=561595"}],"version-history":[{"count":0,"href":"https:\/\/www.europesays.com\/fr\/wp-json\/wp\/v2\/posts\/561595\/revisions"}],"wp:featuredmedia":[{"embeddable":true,"href":"https:\/\/www.europesays.com\/fr\/wp-json\/wp\/v2\/media\/561596"}],"wp:attachment":[{"href":"https:\/\/www.europesays.com\/fr\/wp-json\/wp\/v2\/media?parent=561595"}],"wp:term":[{"taxonomy":"category","embeddable":true,"href":"https:\/\/www.europesays.com\/fr\/wp-json\/wp\/v2\/categories?post=561595"},{"taxonomy":"post_tag","embeddable":true,"href":"https:\/\/www.europesays.com\/fr\/wp-json\/wp\/v2\/tags?post=561595"}],"curies":[{"name":"wp","href":"https:\/\/api.w.org\/{rel}","templated":true}]}}