{"id":561599,"date":"2025-11-27T05:53:14","date_gmt":"2025-11-27T05:53:14","guid":{"rendered":"https:\/\/www.europesays.com\/fr\/561599\/"},"modified":"2025-11-27T05:53:14","modified_gmt":"2025-11-27T05:53:14","slug":"juste-avant-de-mourir-il-a-ri-cette-ultime-image-de-lhumoriste-avec-son-pere-sur-son-lit-de-mort","status":"publish","type":"post","link":"https:\/\/www.europesays.com\/fr\/561599\/","title":{"rendered":"\u00ab\u00a0Juste avant de mourir, il a ri\u00a0\u00bb, cette ultime image de l&rsquo;humoriste avec son p\u00e8re sur son lit de mort"},"content":{"rendered":"<p>Perdre un \u00eatre cher laisse un \u00e9norme vide dans le c\u0153ur. Un<br \/>\nsentiment que m\u00eame le temps n\u2019arrive pas \u00e0 faire dispara\u00eetre. Il<br \/>\nsuffit d\u2019une odeur, un objet ou m\u00eame encore d\u2019un film pour que les<br \/>\nsouvenirs de cette personne refassent surface. Une situation dans<br \/>\nlaquelle se trouve Kad Merad. Le 28 octobre 2021, le com\u00e9dien a<br \/>\nperdu son p\u00e8re R\u00e9my Merad. Mais si quatre ans ont pass\u00e9, les<br \/>\nsouvenirs du compagnon de Julia Vignali n\u2019ont absolument pas boug\u00e9.<br \/>\nD\u2019ailleurs, ce dernier ne manque pas une occasion de se confier sur<br \/>\nsa relation avec son p\u00e8re.<\/p>\n<p>\u201cIl \u00e9tait toujours en train de donner un petit cadeau\u201d<\/p>\n<p>Lors de son passage sur le plateau de C \u00e0 vous le 20 mars<br \/>\ndernier, Kad Merad s\u2019est confi\u00e9 sur ses nombreux projets.<br \/>\n<strong>Aux c\u00f4t\u00e9s de Mich\u00e8le Laroque, le com\u00e9dien est revenu sur<br \/>\nleur prochain \u201cone man and woman show\u201d<\/strong> qui commencera \u00e0<br \/>\npartir du 7 octobre 2026 aux Folies Berg\u00e8res, \u00e0 Paris. Mais lors de<br \/>\ncet entretien, <a href=\"https:\/\/www.melty.fr\/people\/sans-filtre-kad-merad-confie-une-enfance-difficile-des-scenes-assez-violentes-2278224.html\" target=\"_blank\" rel=\"noopener\"><br \/>\nle sexag\u00e9naire qui a \u00e9voqu\u00e9 son enfance difficile<\/a> s\u2019est confi\u00e9<br \/>\nsur un sujet plus personnel.<\/p>\n<p>Face \u00e0 Anne-\u00c9lisabeth Lemoine, l\u2019humoriste a abord\u00e9 sa<br \/>\npopularit\u00e9 et ce que cela a chang\u00e9 dans la vie de ses parents.<br \/>\n\u201c<strong>Mes parents sont rest\u00e9s tr\u00e8s modestes<\/strong>, mais<br \/>\nils avaient de la visite tous les jours. Les voisins venaient voir<br \/>\nle papa de Kad Merad !\u201d, confiait-il. Des visites qui \u00e9taient<br \/>\nloin de d\u00e9ranger le d\u00e9funt p\u00e8re de Kad Merad. En effet, ce dernier<br \/>\nprenait \u00e9norm\u00e9ment de plaisir \u00e0 accueillir les fans.<br \/>\n\u201c<strong>Comme mon p\u00e8re \u00e9tait extr\u00eamement gentil, il \u00e9tait<br \/>\ntoujours en train de donner un petit cadeau \u00e0 tout le<br \/>\nmonde<\/strong>. Il signait des photos \u00e0 ma place !\u201d,<br \/>\nd\u00e9clarait-il. Avant d\u2019ajouter : \u201cIl pr\u00e9parait des photos et des<br \/>\nsignatures et les donnait aux voisins.\u201d<\/p>\n<p>Kad Merad sans filtre sur le jour de la mort de son p\u00e8re<\/p>\n<p>R\u00e9cemment invit\u00e9 dans l\u2019\u00e9mission Legend anim\u00e9e par Guillaume<br \/>\nPley, Kad Merad s\u2019est une nouvelle fois confi\u00e9 sur la disparition<br \/>\nde son p\u00e8re. L\u2019occasion pour ce dernier de replonger dans ses<br \/>\nsouvenirs. D\u2019humeur \u00e0 faire des confidences, <strong>l\u2019humoriste<br \/>\nest notamment revenu sur son dernier contact avec son p\u00e8re la<br \/>\nveille de son d\u00e9c\u00e8s<\/strong>. Une simple conversation comme toutes<br \/>\nles autres. Ce jour, le sexag\u00e9naire se trouvait sur le tournage de<br \/>\nLa Flamme. Au moment o\u00f9 son p\u00e8re a d\u00e9croch\u00e9 en FaceTime, l\u2019acteur<br \/>\nest apparu \u00e0 l\u2019\u00e9cran grim\u00e9 et hilare, dans le costume et la<br \/>\ngestuelle farfelue de son personnage Patoche, comme l\u00a0\u00bbindiquent nos<br \/>\nconfr\u00e8res de <a href=\"https:\/\/www.public.fr\/il-a-rigole-juste-avant-de-mourir-kad-merad-les-derniers-instants-surprenants-de-son-pere-remy-merad\" target=\"_blank\" rel=\"noopener\"><br \/>\nPublic<\/a>.<\/p>\n<p>\u201c<strong>La derni\u00e8re fois que j\u2019ai vu mon p\u00e8re, j\u2019\u00e9tais en<br \/>\nPatoche. C\u2019est la derni\u00e8re image qu\u2019il a eue de moi<\/strong>\u201d,<br \/>\na-t-il confi\u00e9. Lors de cette conversation, Kad Merad et son p\u00e8re<br \/>\nont eu le temps d\u2019\u00e9changer de tendres mots. Mais <a href=\"https:\/\/www.melty.fr\/people\/en-couple-avec-kad-merad-julia-vignali-balance-sur-son-beau-fils-ca-peut-mangoisser-2276077.html\" target=\"_blank\" rel=\"noopener\"><br \/>\nle compagnon de Julia Vignali<\/a> \u00e9tait loin de se douter qu\u2019il<br \/>\ns\u2019agissait de sa derni\u00e8re discussion avec son p\u00e8re.<br \/>\n\u201c<strong>Moi, je ne sais pas qu\u2019il va partir dans la nuit<br \/>\nensuite, on a eu le temps de se dire je t\u2019aime et j\u2019\u00e9tais en<br \/>\nPatoche<\/strong>. Je me suis dit : c\u2019est le symbole de ma<br \/>\nvie\u201d, a-t-il r\u00e9v\u00e9l\u00e9.<\/p>\n<p>Une image qui reste grav\u00e9e dans la<br \/>\nm\u00e9moire de l\u2019acteur<\/p>\n<p>Kad Merad ne risque pas d\u2019oublier sa derni\u00e8re conversation avec<br \/>\nson p\u00e8re. Pas seulement parce qu\u2019il n\u2019aura plus jamais l\u2019occasion<br \/>\nde le faire, mais \u00e0 cause de la r\u00e9action de ce dernier lors de<br \/>\nl\u2019appel. En effet, le voyant dans la peau de Patoche, Remy Merad<br \/>\naurait \u00e9clat\u00e9 de rire. Un rire qui est rest\u00e9 grav\u00e9 dans la m\u00e9moire<br \/>\net le c\u0153ur de l\u2019humoriste. \u201c<strong>Il a ri. Juste avant de<br \/>\npartir. C\u2019est fou, mais \u00e7a me suit encore<br \/>\naujourd\u2019hui<\/strong>\u201d, a-t-il confi\u00e9.<\/p>\n<p>Un geste simple et spontan\u00e9 qui a transform\u00e9 un moment tragique<br \/>\nen un r\u00e9cit profond\u00e9ment touchant. D\u00e9sormais, lorsque le compagnon<br \/>\nde Julia Vignali pense \u00e0 son p\u00e8re, il voit son grand sourire. Et<br \/>\ncela fait toute la diff\u00e9rence. Une belle image qui continue<br \/>\nd\u2019accompagner l\u2019acteur et qui a transform\u00e9 sa mani\u00e8re de voir la<br \/>\nvie.<\/p>\n","protected":false},"excerpt":{"rendered":"Perdre un \u00eatre cher laisse un \u00e9norme vide dans le c\u0153ur. Un sentiment que m\u00eame le temps n\u2019arrive&hellip;\n","protected":false},"author":2,"featured_media":561600,"comment_status":"","ping_status":"","sticky":false,"template":"","format":"standard","meta":{"footnotes":""},"categories":[1359],"tags":[1102,21303,58,59,1011,27,45535,973],"class_list":{"0":"post-561599","1":"post","2":"type-post","3":"status-publish","4":"format-standard","5":"has-post-thumbnail","7":"category-people","8":"tag-breakingnews","9":"tag-buzz_nonli","10":"tag-divertissement","11":"tag-entertainment","12":"tag-fr","13":"tag-france","14":"tag-kad-merad","15":"tag-people"},"share_on_mastodon":{"url":"https:\/\/pubeurope.com\/@fr\/115620112279329308","error":""},"_links":{"self":[{"href":"https:\/\/www.europesays.com\/fr\/wp-json\/wp\/v2\/posts\/561599","targetHints":{"allow":["GET"]}}],"collection":[{"href":"https:\/\/www.europesays.com\/fr\/wp-json\/wp\/v2\/posts"}],"about":[{"href":"https:\/\/www.europesays.com\/fr\/wp-json\/wp\/v2\/types\/post"}],"author":[{"embeddable":true,"href":"https:\/\/www.europesays.com\/fr\/wp-json\/wp\/v2\/users\/2"}],"replies":[{"embeddable":true,"href":"https:\/\/www.europesays.com\/fr\/wp-json\/wp\/v2\/comments?post=561599"}],"version-history":[{"count":0,"href":"https:\/\/www.europesays.com\/fr\/wp-json\/wp\/v2\/posts\/561599\/revisions"}],"wp:featuredmedia":[{"embeddable":true,"href":"https:\/\/www.europesays.com\/fr\/wp-json\/wp\/v2\/media\/561600"}],"wp:attachment":[{"href":"https:\/\/www.europesays.com\/fr\/wp-json\/wp\/v2\/media?parent=561599"}],"wp:term":[{"taxonomy":"category","embeddable":true,"href":"https:\/\/www.europesays.com\/fr\/wp-json\/wp\/v2\/categories?post=561599"},{"taxonomy":"post_tag","embeddable":true,"href":"https:\/\/www.europesays.com\/fr\/wp-json\/wp\/v2\/tags?post=561599"}],"curies":[{"name":"wp","href":"https:\/\/api.w.org\/{rel}","templated":true}]}}