{"id":561601,"date":"2025-11-27T05:54:36","date_gmt":"2025-11-27T05:54:36","guid":{"rendered":"https:\/\/www.europesays.com\/fr\/561601\/"},"modified":"2025-11-27T05:54:36","modified_gmt":"2025-11-27T05:54:36","slug":"les-travaux-dinstallation-de-la-statue-de-bernard-lazare-aux-jardins-de-la-fontaine-ont-demarre","status":"publish","type":"post","link":"https:\/\/www.europesays.com\/fr\/561601\/","title":{"rendered":"Les travaux d\u2019installation de la statue de Bernard Lazare aux jardins de la Fontaine ont d\u00e9marr\u00e9"},"content":{"rendered":"<p>\n                                                                Les travaux vont se poursuivre jusqu\u2019au milieu de semaine prochaine pour r\u00e9installer la statue de Bernard Lazare, d\u00e9truite \u00e0 N\u00eemes pendant l\u2019Occupation.\n                            <\/p>\n<p>David Storper, du Collectif Histoire et m\u00e9moire, a le sourire. \u00ab\u00a0On a r\u00e9ussi notre pari. C\u2019est une immense fiert\u00e9\u00a0\u00bb, dit-il simplement alors que\u00a0les tailleurs de pierre de l\u2019atelier Bouvier installent les premiers blocs de la statue de Bernard Lazare aux jardins de la Fontaine.<\/p>\n<p>Inauguration le 14\u00a0d\u00e9cembre<\/p>\n<p>La statue qui rendait hommage au premier d\u00e9fenseur du capitaine Dreyfus avait \u00e9t\u00e9 d\u00e9truite pendant l\u2019Occupation. Ce mardi, David Storper a coul\u00e9 dans le premier bloc de pierre une capsule avec les noms de 193 donateurs qui ont permis de mener \u00e0 bien ce projet.<\/p>\n<p>L\u2019inauguration aura lieu le 14\u00a0d\u00e9cembre. D\u2019ici l\u00e0, les tailleurs de pierre ont du travail\u00a0! Taill\u00e9s par Pierre Nagel, Pascal Larsonneur, Boris Cresson, Dana\u00eb Leblond et Ivan Beaufigeau, les 14 blocs de pierre ont \u00e9t\u00e9 achemin\u00e9s ce lundi et le chantier va se poursuivre jusqu\u2019au milieu de la semaine prochaine. Les artisans ont l\u2019habitude des chantiers d\u2019envergure, ils ont particip\u00e9 r\u00e9cemment \u00e0 la restauration de Notre-Dame-de-Paris et se pr\u00e9parent \u00e0 y retourner prochainement.<\/p>\n<p>Trois jours sont n\u00e9cessaires pour le levage, l\u2019assemblage des diff\u00e9rents blocs que les tailleurs de pierre vont solidariser, \u00ab\u00a0couliner \u00e0 la chaux\u00a0\u00bb, pr\u00e9cise Ivan Beaufigeau, c\u2019est-\u00e0-dire qu\u2019un mortier liquide va \u00eatre coul\u00e9 entre les blocs piquet\u00e9s, marqu\u00e9s de saign\u00e9es et de pattes d\u2019oie. Le travail se poursuivra par le jointoiement, avec un mortier de la couleur de la pierre pour gommer les traces de l\u2019assemblage. Le chantier s\u2019ach\u00e8vera par d\u2019\u00e9ventuelles retouches et une patine permettant d\u2019unifier l\u2019ensemble.<\/p>\n","protected":false},"excerpt":{"rendered":"Les travaux vont se poursuivre jusqu\u2019au milieu de semaine prochaine pour r\u00e9installer la statue de Bernard Lazare, d\u00e9truite&hellip;\n","protected":false},"author":2,"featured_media":561602,"comment_status":"","ping_status":"","sticky":false,"template":"","format":"standard","meta":{"footnotes":""},"categories":[1358],"tags":[1348,1384,1385,1386,58,59,1011,27],"class_list":{"0":"post-561601","1":"post","2":"type-post","3":"status-publish","4":"format-standard","5":"has-post-thumbnail","7":"category-arts-et-design","8":"tag-arts","9":"tag-arts-and-design","10":"tag-arts-et-design","11":"tag-design","12":"tag-divertissement","13":"tag-entertainment","14":"tag-fr","15":"tag-france"},"share_on_mastodon":{"url":"https:\/\/pubeurope.com\/@fr\/115620116131556437","error":""},"_links":{"self":[{"href":"https:\/\/www.europesays.com\/fr\/wp-json\/wp\/v2\/posts\/561601","targetHints":{"allow":["GET"]}}],"collection":[{"href":"https:\/\/www.europesays.com\/fr\/wp-json\/wp\/v2\/posts"}],"about":[{"href":"https:\/\/www.europesays.com\/fr\/wp-json\/wp\/v2\/types\/post"}],"author":[{"embeddable":true,"href":"https:\/\/www.europesays.com\/fr\/wp-json\/wp\/v2\/users\/2"}],"replies":[{"embeddable":true,"href":"https:\/\/www.europesays.com\/fr\/wp-json\/wp\/v2\/comments?post=561601"}],"version-history":[{"count":0,"href":"https:\/\/www.europesays.com\/fr\/wp-json\/wp\/v2\/posts\/561601\/revisions"}],"wp:featuredmedia":[{"embeddable":true,"href":"https:\/\/www.europesays.com\/fr\/wp-json\/wp\/v2\/media\/561602"}],"wp:attachment":[{"href":"https:\/\/www.europesays.com\/fr\/wp-json\/wp\/v2\/media?parent=561601"}],"wp:term":[{"taxonomy":"category","embeddable":true,"href":"https:\/\/www.europesays.com\/fr\/wp-json\/wp\/v2\/categories?post=561601"},{"taxonomy":"post_tag","embeddable":true,"href":"https:\/\/www.europesays.com\/fr\/wp-json\/wp\/v2\/tags?post=561601"}],"curies":[{"name":"wp","href":"https:\/\/api.w.org\/{rel}","templated":true}]}}