{"id":561603,"date":"2025-11-27T05:56:21","date_gmt":"2025-11-27T05:56:21","guid":{"rendered":"https:\/\/www.europesays.com\/fr\/561603\/"},"modified":"2025-11-27T05:56:21","modified_gmt":"2025-11-27T05:56:21","slug":"star-academy-les-duos-et-chansons-du-7eme-prime-du-29-novembre-devoiles","status":"publish","type":"post","link":"https:\/\/www.europesays.com\/fr\/561603\/","title":{"rendered":"Star Academy : les duos et chansons du 7\u00e8me prime du 29 novembre d\u00e9voil\u00e9s"},"content":{"rendered":"<p>\n<br \/>Publicit\u00e9<\/p>\n<p><strong>Star Academy 2025, liste des duos et chansons du 7\u00e8me prime du samedi 29 novembre 2025 \u2013<\/strong> C\u2019est samedi qu\u2019aura lieu le 7\u00e8me prime en direct de la <a href=\"https:\/\/www.stars-actu.fr\/tag\/star-academy\/\" target=\"_blank\" rel=\"noopener\">Star Academy<\/a>. Alors qu\u2019un nouvel \u00e9l\u00e8ve sera \u00e9limin\u00e9 ce soir l\u00e0, il s\u2019agit d\u2019un prime sp\u00e9cial destins li\u00e9s et les \u00e9l\u00e8ves auront la chance de performer avec Gims, Linh, Tina Arena et Superbus.<\/p>\n<p>Si vous voulez savoir qui va chanter avec qui samedi soir, on vous dit tout ce qui a \u00e9t\u00e9 annonc\u00e9 \u00e0 l\u2019heure actuelle. La liste peut encore \u00eatre modifi\u00e9e.<\/p>\n<p><img fetchpriority=\"high\" decoding=\"async\" src=\"data:image\/svg+xml,%3Csvg%20xmlns=\" http:=\"\" alt=\"Star Academy : les duos et chansons du 7\u00e8me prime du 29 novembre d\u00e9voil\u00e9s\" width=\"1200\" height=\"671\" class=\"size-full wp-image-184063\" data-lazy- data-lazy- data-lazy-src=\"https:\/\/www.europesays.com\/fr\/wp-content\/uploads\/2025\/11\/staracademy2025-prime1-2.jpg\"\/>Capture TF1<\/p>\n<p>\n<br \/>Publicit\u00e9<\/p>\n<p>Star Academy 2025, la liste des chansons du prime 7 du 29 novembre<\/p>\n<p><strong>En duos avec les artistes<\/strong><br \/>\u2013 Gims et Sarah \u00ab\u00a0Zombie\u00a0\u00bb<br \/>\u2013 Gims avec Th\u00e9o P. sur \u00ab\u00a0Ninao\u00a0\u00bb et avec Anouk sur \u00ab\u00a0Parisienne\u00a0\u00bb<br \/>\u2013 Linh et L\u00e9a \u00ab\u00a0Ne me dis plus jamais\u00a0\u00bb<br \/>\u2013 Tina Arena et Victor \u00ab\u00a0I want to spend my lifetime loving you\u00a0\u00bb<br \/>\u2013 Superbus et M\u00e9lissa \u00ab\u00a0Lola\u00a0\u00bb<\/p>\n<p><strong>Les grands moments du prime<\/strong><br \/>L\u2019ouverture du prime : Sarah et Ambre sur \u00ab\u00a0Total Eclipse of the Heart\u00a0\u00bb de Bonnie Tyler<br \/>L\u2019auto-portrait : Anouk<br \/>Le tableau chant\u00e9 \/ dans\u00e9 : Th\u00e9o P. sur \u00ab\u00a0A Sky Full of Stars\u00a0\u00bb de Coldplay<br \/>Battle du top 2 : Th\u00e9o P. et Anouk sur \u00ab\u00a0Le g\u00e9ant de papier\u00a0\u00bb de Jean-Jacques Lafon<\/p>\n<p>\n<br \/>Publicit\u00e9<\/p>\n<p><strong>Les medley des bin\u00f4mes<\/strong><br \/>Victor est L\u00e9a sur \u00ab Die With a Smile \u00bb de Lady Gaga et Bruno Mars<br \/>Sarah et Ambre sur \u00ab Ordinary \u00bb d\u2019Alex Warren<br \/>M\u00e9lissa et Bastiaan sur \u00ab Pink Pony Club \u00bb de Chapell Roan <\/p>\n<p><strong>Chaque bin\u00f4me nomin\u00e9 aura sa chanson pour d\u00e9fendre sa place et convaincre le public :<\/strong><br \/>\u2013 Jeanne et L\u00e9o sur \u00ab\u00a0Alter \u00e9go\u00a0\u00bb de Jean-Louis Aubert<br \/>\u2013 Lily et Th\u00e9o L. sur \u00ab\u00a0M\u2019envoler\u00a0\u00bb de Jeck et Carla<br \/>Ils auront aussi une battle secr\u00e8te. Il y aura un seul \u00e9l\u00e8ve de chaque bin\u00f4me qui chantera et \u00e7a devra rester secret jusqu\u2019au prime.<\/p>\n<p>Sondage nominations semaine 6<\/p>\n<p>Rendez-vous demain \u00e0 17h30 sur TF1 pour suivre la quotidienne. Et toutes les vid\u00e9os et le flux live sont \u00e0 retrouver <a href=\"https:\/\/www.tf1.fr\/tf1\/star-academy\" target=\"_blank\" rel=\"noopener\">sur TF1+<\/a>.<\/p>\n","protected":false},"excerpt":{"rendered":"Publicit\u00e9 Star Academy 2025, liste des duos et chansons du 7\u00e8me prime du samedi 29 novembre 2025 \u2013&hellip;\n","protected":false},"author":2,"featured_media":561604,"comment_status":"","ping_status":"","sticky":false,"template":"","format":"standard","meta":{"footnotes":""},"categories":[1356],"tags":[58,59,1011,27,5095,67823,252,1364],"class_list":{"0":"post-561603","1":"post","2":"type-post","3":"status-publish","4":"format-standard","5":"has-post-thumbnail","7":"category-television","8":"tag-divertissement","9":"tag-entertainment","10":"tag-fr","11":"tag-france","12":"tag-star-academy","13":"tag-staracademylelive","14":"tag-television","15":"tag-tv"},"share_on_mastodon":{"url":"https:\/\/pubeurope.com\/@fr\/115620124115846360","error":""},"_links":{"self":[{"href":"https:\/\/www.europesays.com\/fr\/wp-json\/wp\/v2\/posts\/561603","targetHints":{"allow":["GET"]}}],"collection":[{"href":"https:\/\/www.europesays.com\/fr\/wp-json\/wp\/v2\/posts"}],"about":[{"href":"https:\/\/www.europesays.com\/fr\/wp-json\/wp\/v2\/types\/post"}],"author":[{"embeddable":true,"href":"https:\/\/www.europesays.com\/fr\/wp-json\/wp\/v2\/users\/2"}],"replies":[{"embeddable":true,"href":"https:\/\/www.europesays.com\/fr\/wp-json\/wp\/v2\/comments?post=561603"}],"version-history":[{"count":0,"href":"https:\/\/www.europesays.com\/fr\/wp-json\/wp\/v2\/posts\/561603\/revisions"}],"wp:featuredmedia":[{"embeddable":true,"href":"https:\/\/www.europesays.com\/fr\/wp-json\/wp\/v2\/media\/561604"}],"wp:attachment":[{"href":"https:\/\/www.europesays.com\/fr\/wp-json\/wp\/v2\/media?parent=561603"}],"wp:term":[{"taxonomy":"category","embeddable":true,"href":"https:\/\/www.europesays.com\/fr\/wp-json\/wp\/v2\/categories?post=561603"},{"taxonomy":"post_tag","embeddable":true,"href":"https:\/\/www.europesays.com\/fr\/wp-json\/wp\/v2\/tags?post=561603"}],"curies":[{"name":"wp","href":"https:\/\/api.w.org\/{rel}","templated":true}]}}