{"id":561607,"date":"2025-11-27T05:58:15","date_gmt":"2025-11-27T05:58:15","guid":{"rendered":"https:\/\/www.europesays.com\/fr\/561607\/"},"modified":"2025-11-27T05:58:15","modified_gmt":"2025-11-27T05:58:15","slug":"la-bande-annonce-du-nouveau-film-le-diable-shabille-en-prada-au-centre-des-discussions-a-cause-dune-paire-de-chaussures","status":"publish","type":"post","link":"https:\/\/www.europesays.com\/fr\/561607\/","title":{"rendered":"La bande-annonce du nouveau film \u00ab\u00a0Le Diable s&rsquo;habille en Prada\u00a0\u00bb au centre des discussions&#8230; \u00e0 cause d&rsquo;une paire de chaussures"},"content":{"rendered":"<p class=\"ap-StoryElement ap-StoryElement--mb ap-StoryText\">\u00c0 partir du 26 avril 2026, la suite du film culte \u00ab\u00a0Le Diable s&rsquo;habille en Prada\u00a0\u00bb arrive sur grand \u00e9cran.<\/p>\n<p class=\"ap-StoryElement ap-StoryElement--mb ap-StoryText\">Le retour de cette com\u00e9die tr\u00e8s populaire des ann\u00e9es 2000 est tr\u00e8s attendu par les fans de mode et des deux personnages principaux : Miranda Priestly (interpr\u00e9t\u00e9e par Meryl Streep) et Andrea Schas (incarn\u00e9e par Anne Hathaway).<\/p>\n<p class=\"ap-StoryElement ap-StoryElement--mb ap-StoryText\">Pourtant, un d\u00e9tail dans la bande-annonce a d\u00e9rang\u00e9 plus d&rsquo;un internaute.<\/p>\n<p class=\"ap-StoryElement ap-StoryElement--mb ap-StoryText\">\u00ab\u00a0Why is she wearing Valentino Rockstud shoes ? Like who is this ? Who is responsible for that nonsense ?\u00a0\u00bb, soit en fran\u00e7ais, Pourquoi porte-t-elle des chaussures Valentino Rockstud ? Qui c&rsquo;est ? Qui est responsable de ce non-sens ?, est une r\u00e9action parmi tant d&rsquo;autres sur les r\u00e9seaux sociaux de t\u00e9l\u00e9spectateurs qui se questionnent sur le choix mode du personnage endiabl\u00e9, Miranda Presley. En effet, dans la bande-annonce, d\u00e8s le premier plan, Meryl Streep porte des escarpins rouges \u00e0 clous, des Rockstud de la maison Valentino.<\/p>\n<p><a href=\"https:\/\/www.parismatch.be\/culture\/cinema\/2025\/11\/13\/le-diable-shabille-en-prada-2-meryl-streep-et-anne-hathaway-stars-naturelles-de-la-premiere-bande-annonce-video-R3AU64CFG5DHLJ4MB2ZKDFGXXQ\/\" target=\"_self\" class=\"ap-StoryInterstitialLink ap-StoryElement ap-StoryElement--mb js-paywall-target\" rel=\"noopener\">\u00ab\u00a0Le Diable s&rsquo;habille en Prada 2\u00a0\u00bb: Meryl Streep et Anne Hathaway, stars naturelles de la premi\u00e8re bande-annonce (vid\u00e9o)<\/a><\/p>\n<p class=\"ap-StoryElement ap-StoryElement--mb ap-StoryText\">Si cette paire de chaussures est vue comme d\u00e9mod\u00e9e par plusieurs amateurs de mode, d&rsquo;autres ont une th\u00e9orie. Certains affirment que le choix de ces chaussures, qui \u00e9taient des IT shoes des ann\u00e9es 2010 pour la marque de luxe, ce qui leur a valu un succ\u00e8s ph\u00e9nom\u00e9nal \u00e0 l&rsquo;\u00e9poque, montrerait que la \u00ab\u00a0Anna Wintour\u00a0\u00bb du magazine fictif Runway, n&rsquo;est pas forc\u00e9ment \u00e0 jour sur les tendances, alors que d&rsquo;autres d\u00e9fendent ce choix comme judicieux par le fait que cette paire puisse revenir au go\u00fbt du jour.<\/p>\n<p>\u00ab\u00a0S&rsquo;il y a bien une personne capable de lancer une nouvelle tendance chaussures, c&rsquo;est Miranda Priestly\u00a0\u00bb<\/p>\n<p class=\"ap-StoryElement ap-StoryElement--mb ap-StoryText\">Si la production n&rsquo;a donn\u00e9 aucun commentaire suite aux r\u00e9actions sur les r\u00e9seaux sociaux, Julia Hobbs, r\u00e9dactrice mode senior chez Vogue \u00e9dition britannique, explique que lorsqu&rsquo;elle a commenc\u00e9 de travailler pour le magazine de r\u00e9f\u00e9rence mode en 2011, \u00ab\u00a0les Rockstuds \u00e9taient omnipr\u00e9sentes\u00a0\u00bb. \u00ab\u00a0Elles \u00e9voquent pour moi une profonde nostalgie\u00a0\u00bb, rapporte The Guardian.<\/p>\n<p><a href=\"https:\/\/www.parismatch.be\/actualites\/people\/2025\/09\/29\/anna-wintour-et-meryl-streep-reunies-a-la-fashion-week-de-milan-priestly-est-une-icone-video-TNT4E6KUE5ANNJUP3RRYRCXKKE\/\" target=\"_self\" class=\"ap-StoryInterstitialLink ap-StoryElement ap-StoryElement--mb\" rel=\"noopener\">Anna Wintour et Meryl Streep r\u00e9unies \u00e0 la Fashion Week de Milan : \u00ab\u00a0Priestly est une ic\u00f4ne\u00a0\u00bb (vid\u00e9o)<\/a><\/p>\n<p class=\"ap-StoryElement ap-StoryElement--mb ap-StoryText\">\u00ab\u00a0Si je devais jouer l&rsquo;avocat du diable, je dirais que je suis toujours partante pour un retour en force des chaussures vintage \u2013 si tant est qu&rsquo;on puisse qualifier les ann\u00e9es 2010 de vintage, ce qui est un autre d\u00e9bat. Et s&rsquo;il y a bien une personne capable de lancer une nouvelle tendance chaussures, c&rsquo;est Miranda Priestly\u00a0\u00bb, explique-t-elle.<\/p>\n<p class=\"ap-StoryElement ap-StoryElement--mb ap-StoryText\">La journaliste mode laisse d&rsquo;ailleurs entendre que le film r\u00e9serve de nombreuses surprises aux t\u00e9l\u00e9spectateurs.<\/p>\n<p>Pour acc\u00e9der \u00e0 cet article, veuillez vous connecter au r\u00e9seau internet.<\/p>\n","protected":false},"excerpt":{"rendered":"\u00c0 partir du 26 avril 2026, la suite du film culte \u00ab\u00a0Le Diable s&rsquo;habille en Prada\u00a0\u00bb arrive sur&hellip;\n","protected":false},"author":2,"featured_media":561608,"comment_status":"","ping_status":"","sticky":false,"template":"","format":"standard","meta":{"footnotes":""},"categories":[1354],"tags":[11607,67824,58,59,1346,1011,27,40528,1360,30168],"class_list":{"0":"post-561607","1":"post","2":"type-post","3":"status-publish","4":"format-standard","5":"has-post-thumbnail","7":"category-films","8":"tag-anne-hathaway","9":"tag-diable","10":"tag-divertissement","11":"tag-entertainment","12":"tag-films","13":"tag-fr","14":"tag-france","15":"tag-meryl-streep","16":"tag-movies","17":"tag-prada"},"share_on_mastodon":{"url":"https:\/\/pubeurope.com\/@fr\/115620132107156692","error":""},"_links":{"self":[{"href":"https:\/\/www.europesays.com\/fr\/wp-json\/wp\/v2\/posts\/561607","targetHints":{"allow":["GET"]}}],"collection":[{"href":"https:\/\/www.europesays.com\/fr\/wp-json\/wp\/v2\/posts"}],"about":[{"href":"https:\/\/www.europesays.com\/fr\/wp-json\/wp\/v2\/types\/post"}],"author":[{"embeddable":true,"href":"https:\/\/www.europesays.com\/fr\/wp-json\/wp\/v2\/users\/2"}],"replies":[{"embeddable":true,"href":"https:\/\/www.europesays.com\/fr\/wp-json\/wp\/v2\/comments?post=561607"}],"version-history":[{"count":0,"href":"https:\/\/www.europesays.com\/fr\/wp-json\/wp\/v2\/posts\/561607\/revisions"}],"wp:featuredmedia":[{"embeddable":true,"href":"https:\/\/www.europesays.com\/fr\/wp-json\/wp\/v2\/media\/561608"}],"wp:attachment":[{"href":"https:\/\/www.europesays.com\/fr\/wp-json\/wp\/v2\/media?parent=561607"}],"wp:term":[{"taxonomy":"category","embeddable":true,"href":"https:\/\/www.europesays.com\/fr\/wp-json\/wp\/v2\/categories?post=561607"},{"taxonomy":"post_tag","embeddable":true,"href":"https:\/\/www.europesays.com\/fr\/wp-json\/wp\/v2\/tags?post=561607"}],"curies":[{"name":"wp","href":"https:\/\/api.w.org\/{rel}","templated":true}]}}