{"id":561609,"date":"2025-11-27T05:59:15","date_gmt":"2025-11-27T05:59:15","guid":{"rendered":"https:\/\/www.europesays.com\/fr\/561609\/"},"modified":"2025-11-27T05:59:15","modified_gmt":"2025-11-27T05:59:15","slug":"le-monde-moderne-evolue-trop-vite-pour-notre-corps-qui-narrive-plus-a-suivre-le-rythme","status":"publish","type":"post","link":"https:\/\/www.europesays.com\/fr\/561609\/","title":{"rendered":"Le monde moderne \u00e9volue trop vite pour notre corps, qui n&rsquo;arrive plus \u00e0 suivre le rythme"},"content":{"rendered":"<p>R\u00e9chauffement climatique, pollution, d\u00e9gradation des sols, d\u00e9forestation ou encore \u00e9rosion de la biodiversit\u00e9: autant de cons\u00e9quences des activit\u00e9s humaines qui bouleversent notre plan\u00e8te depuis plusieurs d\u00e9cennies. En 1992, le scientifique n\u00e9erlandais Paul Crutzen ancrait ces chamboulements en \u00e9laborant le concept d&rsquo;\u00abAnthropoc\u00e8ne\u00bb, une nouvelle \u00e9poque g\u00e9ologique succ\u00e9dant \u00e0 l&rsquo;Holoc\u00e8ne, d\u00e9butant au moment o\u00f9 l&rsquo;influence de l&rsquo;homme sur la Terre se faisait plus significative.<\/p>\n<p>Certains chercheurs sont depuis all\u00e9s plus loin. Les Am\u00e9ricaines Donna Haraway et Anna Tsing parlent, elles, de \u00abPlantacionoc\u00e8ne\u00bb, une p\u00e9riode marqu\u00e9e par l&rsquo;exploitation intensive et massive de la biosph\u00e8re. Le g\u00e9ographe su\u00e9dois Andr\u00e9as Malm \u00e9voque quant \u00e0 lui le concept de \u00abCapitaloc\u00e8ne\u00bb, arguant que c&rsquo;est le syst\u00e8me capitaliste qui est responsable des d\u00e9r\u00e8glements environnementaux actuels.<\/p>\n<p>        <img decoding=\"async\" alt=\"Abonnez-vous gratuitement \u00e0 la newsletter de Slate !\" loading=\"lazy\" class=\"ms-4 ms-md-0\" width=\"82\" height=\"82\" src=\"https:\/\/www.slate.fr\/assets\/newsletter-dd7c4ea7fb4ce45aacc56875521d4bde7ec4ba23f0a0ae088566df808b3a80c3.svg\"\/><br \/>\n        Abonnez-vous gratuitement \u00e0 la newsletter de Slate !Les articles sont s\u00e9lectionn\u00e9s pour vous, en fonction de vos centres d\u2019int\u00e9r\u00eat, tous les jours dans votre bo\u00eete mail.<\/p>\n<p>Alors que l&rsquo;industrialisation et l&rsquo;essor technologique continuent \u00e0 puiser des ressources et \u00e0 fragiliser notre \u00e9cosyst\u00e8me, un nombre croissant de recherches r\u00e9v\u00e8le que la biologie humaine p\u00e2tit de ces mutations profondes. Qu&rsquo;il s&rsquo;agisse de probl\u00e8mes de <a href=\"https:\/\/www.slate.fr\/sante\/cinq-habitudes-quotidiennes-neuroscientifique-declin-cognitif-memoire\" target=\"_blank\" rel=\"noopener\">sant\u00e9<\/a> chroniques, li\u00e9s au stress, ou de sant\u00e9 publique imputables \u00e0 la pollution ambiante, notre <a href=\"https:\/\/www.slate.fr\/monde\/climat-environnement-opinion-publique-urgence-politique-energie-fossiles-renouvelables-emissions-co2-lutte-rechauffement-decarbonation-ue-france\" target=\"_blank\" rel=\"noopener\">environnement<\/a> artificialis\u00e9 semble d\u00e9sormais nous mettre en danger.<\/p>\n<p>Selon une <a href=\"https:\/\/www.news.uzh.ch\/en\/articles\/news\/2025\/into-the-woods.html\" target=\"_blank\" rel=\"noopener\">nouvelle \u00e9tude<\/a> relay\u00e9e par <a href=\"https:\/\/newatlas.com\/biology\/evolution-modern-life-anthropocene\/\" target=\"_blank\" rel=\"noopener\">New Atlas<\/a>, l&rsquo;homme n&rsquo;est pas con\u00e7u pour vivre au rythme effr\u00e9n\u00e9 de nos soci\u00e9t\u00e9s industrialis\u00e9es et les changements environnementaux de l<a href=\"https:\/\/www.slate.fr\/audio\/20-minutes-avant-la-fin-du-monde\/42-special-noel-awards-anthropocene\" target=\"_blank\" rel=\"noopener\">&lsquo;Anthropoc\u00e8ne<\/a> ont un impact sur la sant\u00e9 g\u00e9n\u00e9rale des Homo sapiens. Des chercheurs de l&rsquo;Universit\u00e9 de Zurich (Suisse) ont synth\u00e9tis\u00e9 des donn\u00e9es concernant l&rsquo;industrialisation, l&rsquo;urbanisation et la sant\u00e9. Pour eux, il n&rsquo;y a aucun doute: l&rsquo;homme moderne n&rsquo;a pas eu le temps de s&rsquo;adapter aux transformations de ces derni\u00e8res d\u00e9cennies. Baisse des taux de fertilit\u00e9, hausse des <a href=\"https:\/\/pubmed.ncbi.nlm.nih.gov\/34290370\/\" target=\"_blank\" rel=\"noopener\">maladies inflammatoires chroniques<\/a>, autres ph\u00e9nom\u00e8nes de sant\u00e9 chroniques, voil\u00e0 autant de signes que nous peinons de plus en plus \u00e0 vivre sur Terre depuis la <a href=\"https:\/\/www.slate.fr\/sciences\/google.com\/search?q=r\u00e9volution+industrielle+slate&amp;rlz=1C1FHFK_enFR1148FR1150&amp;oq=r\u00e9volution+industrielle+slate&amp;gs_lcrp=EgZjaHJvbWUyBggAEEUYOTIICAEQABgWGB4yBwgCEAAY7wUyCggDEAAYgAQYogQyBwgEEAAY7wUyBwgFEAAY7wUyCggGEAAYgAQYogTSAQgzNTUxajBqNKgCALACAA&amp;sourceid=chrome&amp;ie=UTF-8\" target=\"_blank\" rel=\"noopener\">R\u00e9volution industrielle<\/a>.<\/p>\n<p>Le stress des temps modernes tue<\/p>\n<p>Le passage des soci\u00e9t\u00e9s de <a href=\"https:\/\/www.slate.fr\/culture\/chasseurs-cueilleurs-europe-navigation-bateau-afrique-du-nord-maghreb-decouverte-adn-humain-archeologie-agriculture-age-pierre-prehistoire\" target=\"_blank\" rel=\"noopener\">chasseurs-cueilleurs<\/a>\u00a0\u2013habitu\u00e9es \u00e0 des stress ponctuels mais naturels\u2013 \u00e0 des villes satur\u00e9es de stimuli a profond\u00e9ment alt\u00e9r\u00e9 nos r\u00e9ponses corporelles. Bruit incessant, pollution, <a href=\"https:\/\/www.slate.fr\/sciences\/microplastiques-pollution-organisme-corps-humain-environnement-probleme-sante-cerveau-cognitif-danger\" target=\"_blank\" rel=\"noopener\">microplastiques<\/a>, pesticides, lumi\u00e8re artificielle ou encore aliments ultra-transform\u00e9s: des facteurs auxquels Homo sapiens n&rsquo;est pas adapt\u00e9.<\/p>\n<p>De nombreuses \u00e9tudes montrent que le niveau de <a href=\"https:\/\/www.slate.fr\/sciences\/anxiete-source-amygdale-cerveau-souris-experience-proteines-gene-sensation-traitement-sante\" target=\"_blank\" rel=\"noopener\">stress chronique<\/a> de nos soci\u00e9t\u00e9s perturbe les syst\u00e8mes endocriniens, aggrave l&rsquo;anxi\u00e9t\u00e9, favorise les maladies chroniques et r\u00e9duit l&rsquo;<a href=\"slate.fr\/sante\/femmes-hommes-esperance-vie-differences-longevite-genetique-mode-vie#:~:text=En%20France%2C%20selon%20l'Institut,79%20ans%20pour%20les%20hommes.\" target=\"_blank\">esp\u00e9rance de vie<\/a>. Le paradoxe est cruel: si nous avons g\u00e9n\u00e9r\u00e9 confort, <a href=\"https:\/\/www.slate.fr\/story\/243635\/retraite-environnement-renoncer-progres-esperance-vie-croissance-changement-climatique\" target=\"_blank\" rel=\"noopener\">progr\u00e8s <\/a>m\u00e9dical et abondance, certains de ces acquis d\u00e9t\u00e9riorent en fait nos fonctions immunitaires, cognitives, physiques et reproductives.<\/p>\n<p>Une prise de conscience trop limit\u00e9e<\/p>\n<p>Les scientifiques avancent que les progr\u00e8s en <a href=\"https:\/\/www.slate.fr\/story\/240676\/notre-adn-determine-vraiment-intelligence-risques-maladies-genetique-genome-ethique\" target=\"_blank\" rel=\"noopener\">g\u00e9nomique<\/a> montrent que nous nous adaptons pourtant rapidement, r\u00e9v\u00e9lant l&rsquo;extraordinaire plasticit\u00e9 du g\u00e9nome humain. \u00ab\u00a0Nous avons colonis\u00e9 des environnements extr\u00eames et les avons transform\u00e9s en habitats. Nous sommes extr\u00eamement adaptables\u00bb, rassure Karin Broberg de l&rsquo;Institut Karolinska de Stockholm (Su\u00e8de).<\/p>\n<p>Une adaptation biologique qui reste malgr\u00e9 tout trop lente. Pour atteindre les changements g\u00e9n\u00e9tiques n\u00e9cessaires, il nous faudrait des dizaines, voire des centaines de milliers d&rsquo;ann\u00e9es, expliquent les chercheurs. Pour att\u00e9nuer l&rsquo;impact de notre <a href=\"https:\/\/www.slate.fr\/monde\/climat-environnement-opinion-publique-urgence-politique-energie-fossiles-renouvelables-emissions-co2-lutte-rechauffement-decarbonation-ue-france\" target=\"_blank\" rel=\"noopener\">environnement<\/a> sur la sant\u00e9, il est d\u00e9sormais n\u00e9cessaire de repenser notre relation \u00e0 la nature, en construisant des environnements plus \u00e9cologiquement durables. Un rythme qui semble malheureusement incompatible avec l&#8217;emballement de nos soci\u00e9t\u00e9s <a href=\"https:\/\/www.slate.fr\/story\/176046\/alain-touraine-societe-post-industrielle-mythe-hyperindustrielle\" target=\"_blank\" rel=\"noopener\">industrialis\u00e9es<\/a>.<\/p>\n<p>\u00c0 une \u00e9poque o\u00f9 la pression sur les ressources naturelles est en constante augmentation, aliment\u00e9e par des logiques \u00e9conomiques de maximisation des profits, difficile en effet d&rsquo;imaginer un changement total de paradigme. La r\u00e9cente conf\u00e9rence de la COP30, \u00e0 Bel\u00e9m (Br\u00e9sil), est peu rassurante et l&rsquo;accord trouv\u00e9 bien insuffisant.<\/p>\n<p>Pourtant, Colin Shaw, co-auteur de l&rsquo;\u00e9tude, garde espoir: il est encore temps selon lui de sauver notre <a href=\"https:\/\/www.slate.fr\/sciences\/astronomes-decouverte-planete-errante-grossissant-six-milliards-tonnes-seconde-vagabonde-etoiles-espace-telescope-geantes-gazeuses-jupiter\" target=\"_blank\" rel=\"noopener\">plan\u00e8te<\/a> et, ainsi, de nous sauver. Pour cela, il faudra op\u00e9rer une transformation \u00e0 la fois culturelle et environnementale. \u00abNous devons reconsid\u00e9rer la nature comme un facteur de sant\u00e9 essentiel, prot\u00e9ger des espaces proches de ceux o\u00f9 ont \u00e9volu\u00e9 nos anc\u00eatres, et transmettre ces connaissances aux d\u00e9cideurs\u00bb, alerte-t-il.<\/p>\n<p>Selon lui, il faudra concevoir des villes plus durables et des <a href=\"https:\/\/www.slate.fr\/sciences\/simple-marche-nature-recharge-cerveau-fatigue-stress-urbain-foret-attention-cognition-recherche-etude\" target=\"_blank\" rel=\"noopener\">espaces naturels<\/a> vivables, tout en encourageant les populations \u00e0 passer davantage de temps dans la <a href=\"https:\/\/www.slate.fr\/monde\/etats-unis-lycee-punition-colles-randonnes-foret-maine-education-discipline-sante-mentale-physique-jeune-etudiant\" target=\"_blank\" rel=\"noopener\">nature<\/a>.<\/p>\n","protected":false},"excerpt":{"rendered":"R\u00e9chauffement climatique, pollution, d\u00e9gradation des sols, d\u00e9forestation ou encore \u00e9rosion de la biodiversit\u00e9: autant de cons\u00e9quences des activit\u00e9s&hellip;\n","protected":false},"author":2,"featured_media":561610,"comment_status":"","ping_status":"","sticky":false,"template":"","format":"standard","meta":{"footnotes":""},"categories":[10],"tags":[1011,27,72,71],"class_list":{"0":"post-561609","1":"post","2":"type-post","3":"status-publish","4":"format-standard","5":"has-post-thumbnail","7":"category-sante","8":"tag-fr","9":"tag-france","10":"tag-health","11":"tag-sante"},"share_on_mastodon":{"url":"https:\/\/pubeurope.com\/@fr\/115620136726689434","error":""},"_links":{"self":[{"href":"https:\/\/www.europesays.com\/fr\/wp-json\/wp\/v2\/posts\/561609","targetHints":{"allow":["GET"]}}],"collection":[{"href":"https:\/\/www.europesays.com\/fr\/wp-json\/wp\/v2\/posts"}],"about":[{"href":"https:\/\/www.europesays.com\/fr\/wp-json\/wp\/v2\/types\/post"}],"author":[{"embeddable":true,"href":"https:\/\/www.europesays.com\/fr\/wp-json\/wp\/v2\/users\/2"}],"replies":[{"embeddable":true,"href":"https:\/\/www.europesays.com\/fr\/wp-json\/wp\/v2\/comments?post=561609"}],"version-history":[{"count":0,"href":"https:\/\/www.europesays.com\/fr\/wp-json\/wp\/v2\/posts\/561609\/revisions"}],"wp:featuredmedia":[{"embeddable":true,"href":"https:\/\/www.europesays.com\/fr\/wp-json\/wp\/v2\/media\/561610"}],"wp:attachment":[{"href":"https:\/\/www.europesays.com\/fr\/wp-json\/wp\/v2\/media?parent=561609"}],"wp:term":[{"taxonomy":"category","embeddable":true,"href":"https:\/\/www.europesays.com\/fr\/wp-json\/wp\/v2\/categories?post=561609"},{"taxonomy":"post_tag","embeddable":true,"href":"https:\/\/www.europesays.com\/fr\/wp-json\/wp\/v2\/tags?post=561609"}],"curies":[{"name":"wp","href":"https:\/\/api.w.org\/{rel}","templated":true}]}}