{"id":561617,"date":"2025-11-27T06:03:14","date_gmt":"2025-11-27T06:03:14","guid":{"rendered":"https:\/\/www.europesays.com\/fr\/561617\/"},"modified":"2025-11-27T06:03:14","modified_gmt":"2025-11-27T06:03:14","slug":"qui-sont-les-cinq-candidats-a-la-reprise-du-site","status":"publish","type":"post","link":"https:\/\/www.europesays.com\/fr\/561617\/","title":{"rendered":"qui sont les cinq candidats \u00e0 la reprise du site"},"content":{"rendered":"<p>Mercredi 26\u00a0novembre, un point d\u2019\u00e9tape \u00e9tait organis\u00e9 devant le tribunal de commerce sp\u00e9cialis\u00e9 de Bordeaux. Un calendrier se dessine\u00a0: une date limite de d\u00e9p\u00f4t des candidatures avant No\u00ebl, une audience \u00e0 la mi-janvier 2026 et une d\u00e9cision deux ou trois semaines apr\u00e8s. Le repreneur sera choisi en fonction de trois crit\u00e8res, laiss\u00e9s \u00e0 la libre appr\u00e9ciation de la juridiction\u00a0: le nombre de salari\u00e9s repris, le prix d\u2019achat et la p\u00e9rennit\u00e9 du projet dans le temps.<\/p>\n<p>        <img decoding=\"async\" id=\"26869663\" src=\"https:\/\/www.europesays.com\/fr\/wp-content\/uploads\/2025\/11\/whatsapp-image-2025-11-26-at-19-29-44.jpeg\" alt=\"Dominique Bernard, le pr\u00e9sident de Condat (avec l\u2019\u00e9charpe), en discussions avec les \u00e9lus et les syndicats avant de rentrer \u00e0 l\u2019audience.\" itemprop=\"contentURL\"\/><\/p>\n<p>    Dominique Bernard, le pr\u00e9sident de Condat (avec l\u2019\u00e9charpe), en discussions avec les \u00e9lus et les syndicats avant de rentrer \u00e0 l\u2019audience.<\/p>\n<p>Cl\u00e9ment Bouynet \/ SO<\/p>\n<p>    Condat Papers<\/p>\n<p>Les administrateurs judiciaires ont donc indiqu\u00e9 aux juges avoir re\u00e7u \u00ab\u00a0cinq manifestations d\u2019int\u00e9r\u00eat\u00a0\u00bb. \u00ab\u00a0Elles sont anonymes pour des raisons de confidentialit\u00e9\u00a0\u00bb, a insist\u00e9 Dominique Bernard \u00e0 la sortie de l\u2019audience. \u00ab\u00a0Sud Ouest\u00a0\u00bb a toutefois pu se procurer la liste des candidats.<\/p>\n<p>Figure en premier lieu \u2013 et sans surprise \u2013, l\u2019association Condat Papers, soutenue par le groupe europ\u00e9en Finesta. Il s\u2019agit de la Soci\u00e9t\u00e9 coop\u00e9rative d\u2019int\u00e9r\u00eat collectif (Scic) lanc\u00e9e par la CGT et soutenue par les \u00e9lus locaux, en vue de maintenir l\u2019outil tel quel. Condat Papers propose un prix d\u2019achat des actifs pour l\u2019euro symbolique, qui pourrait monter \u00e0 100\u00a0000\u00a0euros gr\u00e2ce \u00e0 l\u2019apport de Finesta.<\/p>\n<p>Le million ou New Delhi\u00a0?<\/p>\n<p>Autre structure fran\u00e7aise sur la ligne de d\u00e9part, la Soci\u00e9t\u00e9 de participation de la Braye. Ce candidat propose un\u00a0million d\u2019euros pour racheter les actifs et reconvertir le site en \u00ab\u00a0Techno Park\u00a0\u00bb, jugeant l\u2019activit\u00e9 papeti\u00e8re obsol\u00e8te. Seulement 20 salari\u00e9s seraient repris sur les 200 actuels, l\u2019id\u00e9e \u00e9tant de recr\u00e9er \u00e0 terme de l\u2019emploi gr\u00e2ce \u00e0 l\u2019implantation d\u2019industries d\u00e9carbon\u00e9es. <\/p>\n<p>Rappelons que le site de Condat h\u00e9berge une chaudi\u00e8re Combustibles solides de r\u00e9cup\u00e9ration (CSR) flambant neuve.<\/p>\n<p>Le groupe Riccobono, acteur historique de l\u2019imprimerie, souhaite de son c\u00f4t\u00e9 s\u00e9curiser son approvisionnement en papier en reprenant Condat, sans s\u2019avancer sur le nombre de salari\u00e9s repris. Prix d\u2019achat des actifs\u00a0? L\u2019euro symbolique. Le groupe italien Fedrigoni, sp\u00e9cialiste dans le papier haut de gamme, a fait part de son int\u00e9r\u00eat sans plus de pr\u00e9cisions. Dernier partant (pour le moment\u00a0?), une structure qui n\u2019a pas voulu faire conna\u00eetre son identit\u00e9, se bornant \u00e0 se d\u00e9finir comme une entreprise majeure bas\u00e9e \u00e0 New Delhi, une entit\u00e9 cl\u00e9 du conglom\u00e9rat indien.<\/p>\n","protected":false},"excerpt":{"rendered":"Mercredi 26\u00a0novembre, un point d\u2019\u00e9tape \u00e9tait organis\u00e9 devant le tribunal de commerce sp\u00e9cialis\u00e9 de Bordeaux. Un calendrier se&hellip;\n","protected":false},"author":2,"featured_media":561618,"comment_status":"","ping_status":"","sticky":false,"template":"","format":"standard","meta":{"footnotes":""},"categories":[6],"tags":[35,33,34,1011,27],"class_list":{"0":"post-561617","1":"post","2":"type-post","3":"status-publish","4":"format-standard","5":"has-post-thumbnail","7":"category-economie","8":"tag-business","9":"tag-economie","10":"tag-economy","11":"tag-fr","12":"tag-france"},"share_on_mastodon":{"url":"https:\/\/pubeurope.com\/@fr\/115620152395818642","error":""},"_links":{"self":[{"href":"https:\/\/www.europesays.com\/fr\/wp-json\/wp\/v2\/posts\/561617","targetHints":{"allow":["GET"]}}],"collection":[{"href":"https:\/\/www.europesays.com\/fr\/wp-json\/wp\/v2\/posts"}],"about":[{"href":"https:\/\/www.europesays.com\/fr\/wp-json\/wp\/v2\/types\/post"}],"author":[{"embeddable":true,"href":"https:\/\/www.europesays.com\/fr\/wp-json\/wp\/v2\/users\/2"}],"replies":[{"embeddable":true,"href":"https:\/\/www.europesays.com\/fr\/wp-json\/wp\/v2\/comments?post=561617"}],"version-history":[{"count":0,"href":"https:\/\/www.europesays.com\/fr\/wp-json\/wp\/v2\/posts\/561617\/revisions"}],"wp:featuredmedia":[{"embeddable":true,"href":"https:\/\/www.europesays.com\/fr\/wp-json\/wp\/v2\/media\/561618"}],"wp:attachment":[{"href":"https:\/\/www.europesays.com\/fr\/wp-json\/wp\/v2\/media?parent=561617"}],"wp:term":[{"taxonomy":"category","embeddable":true,"href":"https:\/\/www.europesays.com\/fr\/wp-json\/wp\/v2\/categories?post=561617"},{"taxonomy":"post_tag","embeddable":true,"href":"https:\/\/www.europesays.com\/fr\/wp-json\/wp\/v2\/tags?post=561617"}],"curies":[{"name":"wp","href":"https:\/\/api.w.org\/{rel}","templated":true}]}}