{"id":561619,"date":"2025-11-27T06:04:13","date_gmt":"2025-11-27T06:04:13","guid":{"rendered":"https:\/\/www.europesays.com\/fr\/561619\/"},"modified":"2025-11-27T06:04:13","modified_gmt":"2025-11-27T06:04:13","slug":"la-qualite-des-chantiers-de-renovation-en-question","status":"publish","type":"post","link":"https:\/\/www.europesays.com\/fr\/561619\/","title":{"rendered":"la qualit\u00e9 des chantiers de r\u00e9novation en question"},"content":{"rendered":"<p>                     <img loading=\"lazy\" decoding=\"async\" src=\"https:\/\/www.europesays.com\/fr\/wp-content\/uploads\/2025\/11\/4835d20_ftp-import-images-1-sq94nmuyis4w-2025-11-26t121215z-533148472-rc2a4iab4tdr-rtrmadp-3-hongkon.jpeg\" alt=\"Tours de la Wang Fuk Court en flammes, dans le quartier de Tai Po \u00e0 Hongkong, le 26\u00a0novembre\u00a02025.\"   width=\"664\" height=\"443\"\/>    Tours de la Wang Fuk Court en flammes, dans le quartier de Tai Po \u00e0 Hongkong, le 26\u00a0novembre\u00a02025.  TYRONE SIU\/REUTERS                 <\/p>\n<p class=\"article__paragraph  \">Le bilan d\u2019un incendie d\u2019ampleur, qui s\u2019est d\u00e9clar\u00e9, mercredi 26\u00a0novembre, dans un complexe d\u2019immeubles en r\u00e9novation du nord de Hongkong continuait de s\u2019\u00e9lever jeudi. Les autorit\u00e9s locales ont annonc\u00e9<a href=\"https:\/\/www.lemonde.fr\/international\/article\/2025\/11\/26\/incendie-a-hongkong-au-moins-36-morts-et-279-personnes-portees-disparues-dans-le-complexe-residentiel-wang-fuk-court_6654937_3211.html\" target=\"_blank\" rel=\"noopener\"> la mort d\u2019au moins 44\u00a0personnes<\/a> et n\u2019arrivaient pas \u00e0 en localiser plus de 270 autres alors que certains r\u00e9sidents ont \u00e9t\u00e9 pris au pi\u00e8ge dans les tours. Les pompiers et la police ont \u00e9galement dit avoir re\u00e7u plusieurs appels de r\u00e9sidents ne pouvant \u00e9vacuer du fait de la progression des flammes. Quarante-cinq personnes ont, par ailleurs, \u00e9t\u00e9 hospitalis\u00e9es dans un \u00e9tat grave.<\/p>\n<p class=\"article__paragraph  \">La cause du d\u00e9part du feu n\u2019est pas encore \u00e9tablie. Il s\u2019est d\u00e9clar\u00e9 mercredi autour de 14\u00a0h\u00a050 (21\u00a0h\u00a050 heure fran\u00e7aise) dans une tour de Wang Fuk Court, une s\u00e9rie de huit immeubles comptant au total 2\u00a0000\u00a0logements construits en\u00a01983, dans un quartier proche de la fronti\u00e8re qui s\u00e9pare l\u2019ancienne colonie britannique de la Chine continentale. Les b\u00e2timents \u00e9taient en cours de r\u00e9novation.<\/p>\n<p class=\"article__paragraph  \">Le feu qui a pris dans l\u2019un des b\u00e2timents s\u2019est r\u00e9pandu \u00e0 six des sept autres immeubles \u00e0 une vitesse qui a surpris les pompiers. Il \u00e9tait ma\u00eetris\u00e9 dans quatre des tours jeudi matin. La police a expliqu\u00e9 que, dans le huiti\u00e8me b\u00e2timent, celui qui a \u00e9chapp\u00e9 aux flammes, a \u00e9t\u00e9 retrouv\u00e9 \u00e0 chaque \u00e9tage du polystyr\u00e8ne employ\u00e9 comme isolant qui pourrait ne pas \u00eatre conforme aux normes et avoir contribu\u00e9 \u00e0 la propagation particuli\u00e8rement rapide du feu d\u2019un appartement \u00e0 l\u2019autre.<\/p>\n<p class=\"reading-mode-only \"><strong>Il vous reste 73.4% de cet article \u00e0 lire. La suite est r\u00e9serv\u00e9e aux abonn\u00e9s.<\/strong><\/p>\n","protected":false},"excerpt":{"rendered":"Tours de la Wang Fuk Court en flammes, dans le quartier de Tai Po \u00e0 Hongkong, le 26\u00a0novembre\u00a02025.&hellip;\n","protected":false},"author":2,"featured_media":561620,"comment_status":"","ping_status":"","sticky":false,"template":"","format":"standard","meta":{"footnotes":""},"categories":[5],"tags":[11,1011,27,14,12,28],"class_list":{"0":"post-561619","1":"post","2":"type-post","3":"status-publish","4":"format-standard","5":"has-post-thumbnail","7":"category-international","8":"tag-actualites","9":"tag-fr","10":"tag-france","11":"tag-international","12":"tag-news","13":"tag-world"},"share_on_mastodon":{"url":"https:\/\/pubeurope.com\/@fr\/115620156052139435","error":""},"_links":{"self":[{"href":"https:\/\/www.europesays.com\/fr\/wp-json\/wp\/v2\/posts\/561619","targetHints":{"allow":["GET"]}}],"collection":[{"href":"https:\/\/www.europesays.com\/fr\/wp-json\/wp\/v2\/posts"}],"about":[{"href":"https:\/\/www.europesays.com\/fr\/wp-json\/wp\/v2\/types\/post"}],"author":[{"embeddable":true,"href":"https:\/\/www.europesays.com\/fr\/wp-json\/wp\/v2\/users\/2"}],"replies":[{"embeddable":true,"href":"https:\/\/www.europesays.com\/fr\/wp-json\/wp\/v2\/comments?post=561619"}],"version-history":[{"count":0,"href":"https:\/\/www.europesays.com\/fr\/wp-json\/wp\/v2\/posts\/561619\/revisions"}],"wp:featuredmedia":[{"embeddable":true,"href":"https:\/\/www.europesays.com\/fr\/wp-json\/wp\/v2\/media\/561620"}],"wp:attachment":[{"href":"https:\/\/www.europesays.com\/fr\/wp-json\/wp\/v2\/media?parent=561619"}],"wp:term":[{"taxonomy":"category","embeddable":true,"href":"https:\/\/www.europesays.com\/fr\/wp-json\/wp\/v2\/categories?post=561619"},{"taxonomy":"post_tag","embeddable":true,"href":"https:\/\/www.europesays.com\/fr\/wp-json\/wp\/v2\/tags?post=561619"}],"curies":[{"name":"wp","href":"https:\/\/api.w.org\/{rel}","templated":true}]}}