{"id":561621,"date":"2025-11-27T06:05:17","date_gmt":"2025-11-27T06:05:17","guid":{"rendered":"https:\/\/www.europesays.com\/fr\/561621\/"},"modified":"2025-11-27T06:05:17","modified_gmt":"2025-11-27T06:05:17","slug":"cette-mysterieuse-epidemie-de-vols-darmes-a-feu-apres-le-tonitruant-piratage-de-la-federation-francaise-de-tir","status":"publish","type":"post","link":"https:\/\/www.europesays.com\/fr\/561621\/","title":{"rendered":"Cette myst\u00e9rieuse \u00e9pid\u00e9mie de vols d\u2019armes \u00e0 feu apr\u00e8s le tonitruant piratage de la F\u00e9d\u00e9ration fran\u00e7aise de tir"},"content":{"rendered":"<p>\n    <strong>R\u00c9CIT <\/strong>&#8211; Ces derni\u00e8res semaines, des vols et cambriolages ont touch\u00e9 des adh\u00e9rents de la F\u00e9d\u00e9ration fran\u00e7aise de tir aux quatre coins de l\u2019Hexagone. Les autorit\u00e9s confirment au Figaro qu\u2019ils d\u00e9coulent d\u2019un piratage massif de donn\u00e9es survenu le 18 octobre dernier.<\/p>\n<p class=\"fig-paragraph\">Jusqu\u2019\u00e0 peu, personne ne se risquait \u00e0 \u00e9tablir un lien entre la s\u00e9rie de tentatives de vols d\u2019<a href=\"http:\/\/www.lefigaro.fr\/nantes\/nantes-apres-de-nouveaux-coups-de-feu-des-armes-de-guerre-saisies-dans-une-voiture-et-deux-individus-interpelles-20251124\" target=\"_blank\" data-fig-type=\"NewsFlash\" rel=\"noopener\" data-gtm-custom-categorie=\"navigation\" data-gtm-custom-action=\"crossclick\" data-gtm-custom-label=\"Contextuel\" data-gtm-event=\"customEventSPE\" data-fig-domain=\"LEFIGARO\">armes \u00e0 feu<\/a>\u00a0constat\u00e9e ces derni\u00e8res semaines en France, et le piratage massif des donn\u00e9es de la\u00a0<a href=\"http:\/\/www.lefigaro.fr\/sports\/autres-sports\/tir-victime-d-un-piratage-la-federation-francaise-s-inquiete-d-une-probable-fuite-de-donnees-personnelles-20251024\" target=\"_blank\" data-fig-type=\"NewsFlash\" rel=\"noopener\" data-gtm-custom-categorie=\"navigation\" data-gtm-custom-action=\"crossclick\" data-gtm-custom-label=\"Contextuel\" data-gtm-event=\"customEventSPE\" data-fig-domain=\"LEFIGARO\">F\u00e9d\u00e9ration fran\u00e7aise de tir<\/a>, survenu le mois dernier. C\u2019est d\u00e9sormais chose r\u00e9volue, puisque le parquet de Paris a confirm\u00e9 au Figaro ce mercredi 26 novembre 2025 que \u00ables donn\u00e9es pirat\u00e9es ont \u00e9t\u00e9 utilis\u00e9es pour commettre des vols par effraction ou par usage de fausse qualit\u00e9, au cours desquels des armes ont \u00e9t\u00e9 notamment d\u00e9rob\u00e9es\u00bb.<\/p>\n<p class=\"fig-paragraph\">Les faits remontent au lundi 20 octobre dernier, lorsque le prestataire informatique de la F\u00e9d\u00e9ration d\u00e9couvre que son site interne a subi, durant le week-end, une \u00abintrusion non autoris\u00e9e\u00bb. En cause, le compte d\u2019un adh\u00e9rent, dont on ne conna\u00eet pour l\u2019heure ni l\u2019identit\u00e9 ni la nature de ses acc\u00e8s, qui a \u00e9t\u00e9 \u00abcompromis\u00bb d\u00e8s le 18 octobre. Cette \u00abcompromission\u00bb permet aux\u00a0<a href=\"http:\/\/www.lefigaro.fr\/international\/une-nouvelle-cyberattaque-par-des-pirates-anti-woke-cible-une-universite-americaine-20251115\" target=\"_blank\" data-fig-type=\"Article\" rel=\"noopener\" data-gtm-custom-categorie=\"navigation\" data-gtm-custom-action=\"crossclick\" data-gtm-custom-label=\"Contextuel\" data-gtm-event=\"customEventSPE\" data-fig-domain=\"LEFIGARO\">pirates<\/a>\u00a0de surgir au sein de l\u2019ITAC, un syst\u00e8me d\u2019information qui r\u00e9f\u00e9rence l\u2019ensemble des donn\u00e9es des adh\u00e9rents\u2026<\/p>\n<p class=\"fig-premium-paywall__infos\">\n        Cet article est r\u00e9serv\u00e9 aux abonn\u00e9s.        Il vous reste 85% \u00e0 d\u00e9couvrir.\n    <\/p>\n<p>                <img  data- alt=\"Le Figaro\" class=\"fig-img--complete fig-img\"\/><\/p>\n<p class=\"fig-premium-paywall__title\">Black Friday<\/p>\n<p class=\"fig-premium-paywall__subtitle\">-70% sur l&rsquo;abonnement num\u00e9rique<\/p>\n<p class=\"fig-premium-paywall__connect\">\n                D\u00e9j\u00e0 abonn\u00e9\u00a0?                <a class=\"fig-premium-paywall__connect-link\" href=\"https:\/\/connect.lefigaro.fr\/login?client=horizon_web&amp;type=main&amp;redirect_uri=https%3A%2F%2Fwww.lefigaro.fr%2Factualite-france%2Fcette-mysterieuse-epidemie-de-vols-d-armes-a-feu-apres-le-tonitruant-piratage-de-la-federation-francaise-de-tir-20251126\" data-js-gtm=\"{&quot;customCategorie&quot;: &quot;conversion&quot;, &quot;customAction&quot;: &quot;before_Landing_Connexion_paywall_auto&quot;, &quot;customLabel&quot;: &quot;bGVmaWdhcm8uZnJfXzFmMGNhZjBjLWEyMTgtNmNlOC1iMDYzLWVmOTI4N2Y0M2NkOV9fTmV3c0ZsYXNo_Cette myst\u00e9rieuse \u00e9pid\u00e9mie de vols d\u2019armes \u00e0 feu apr\u00e8s le tonitruant piratage de la F\u00e9d\u00e9ration fran\u00e7aise de tir_476&quot;, &quot;customIDSPE&quot;: &quot;bGVmaWdhcm8uZnJfXzFmMGNhZjBjLWEyMTgtNmNlOC1iMDYzLWVmOTI4N2Y0M2NkOV9fTmV3c0ZsYXNo&quot;, &quot;event&quot;: &quot;customEventSPE&quot;}\" target=\"_blank\" rel=\"noopener\"><br \/>\n                    Connectez-vous<br \/>\n                <\/a>\n            <\/p>\n","protected":false},"excerpt":{"rendered":"R\u00c9CIT &#8211; Ces derni\u00e8res semaines, des vols et cambriolages ont touch\u00e9 des adh\u00e9rents de la F\u00e9d\u00e9ration fran\u00e7aise de&hellip;\n","protected":false},"author":2,"featured_media":561622,"comment_status":"","ping_status":"","sticky":false,"template":"","format":"standard","meta":{"footnotes":""},"categories":[4],"tags":[11,2873,22302,1011,27,12,25],"class_list":{"0":"post-561621","1":"post","2":"type-post","3":"status-publish","4":"format-standard","5":"has-post-thumbnail","7":"category-france","8":"tag-actualites","9":"tag-armes-a-feu","10":"tag-federation","11":"tag-fr","12":"tag-france","13":"tag-news","14":"tag-republique-francaise"},"share_on_mastodon":{"url":"https:\/\/pubeurope.com\/@fr\/115620159498422873","error":""},"_links":{"self":[{"href":"https:\/\/www.europesays.com\/fr\/wp-json\/wp\/v2\/posts\/561621","targetHints":{"allow":["GET"]}}],"collection":[{"href":"https:\/\/www.europesays.com\/fr\/wp-json\/wp\/v2\/posts"}],"about":[{"href":"https:\/\/www.europesays.com\/fr\/wp-json\/wp\/v2\/types\/post"}],"author":[{"embeddable":true,"href":"https:\/\/www.europesays.com\/fr\/wp-json\/wp\/v2\/users\/2"}],"replies":[{"embeddable":true,"href":"https:\/\/www.europesays.com\/fr\/wp-json\/wp\/v2\/comments?post=561621"}],"version-history":[{"count":0,"href":"https:\/\/www.europesays.com\/fr\/wp-json\/wp\/v2\/posts\/561621\/revisions"}],"wp:featuredmedia":[{"embeddable":true,"href":"https:\/\/www.europesays.com\/fr\/wp-json\/wp\/v2\/media\/561622"}],"wp:attachment":[{"href":"https:\/\/www.europesays.com\/fr\/wp-json\/wp\/v2\/media?parent=561621"}],"wp:term":[{"taxonomy":"category","embeddable":true,"href":"https:\/\/www.europesays.com\/fr\/wp-json\/wp\/v2\/categories?post=561621"},{"taxonomy":"post_tag","embeddable":true,"href":"https:\/\/www.europesays.com\/fr\/wp-json\/wp\/v2\/tags?post=561621"}],"curies":[{"name":"wp","href":"https:\/\/api.w.org\/{rel}","templated":true}]}}