{"id":561625,"date":"2025-11-27T06:07:12","date_gmt":"2025-11-27T06:07:12","guid":{"rendered":"https:\/\/www.europesays.com\/fr\/561625\/"},"modified":"2025-11-27T06:07:12","modified_gmt":"2025-11-27T06:07:12","slug":"on-mange-chaud-en-trois-minutes","status":"publish","type":"post","link":"https:\/\/www.europesays.com\/fr\/561625\/","title":{"rendered":"On mange chaud en trois minutes"},"content":{"rendered":"<p>                    Par<br \/>\n        <strong><br \/>\n            <a href=\"https:\/\/actu.fr\/auteur\/mathias-souteyrat\" title=\"Consulter tous les articles de Mathias Souteyrat\" target=\"_blank\" rel=\"noopener\">Mathias Souteyrat<\/a><br \/>\n                    <\/strong><\/p>\n<p>        Publi\u00e9 le<\/p>\n<p>            27 nov. 2025 \u00e0 6h08        <\/p>\n<p>Si les villes de <a href=\"https:\/\/actu.fr\/auvergne-rhone-alpes\/lyon_69123\/lyon-ou-grenoble-un-celebre-magazine-americain-s-interesse-a-la-naissances-du-tacos_40993426.html\" target=\"_blank\" rel=\"noopener\">Lyon et Grenoble<\/a> se disputent la paternit\u00e9 du tacos fran\u00e7ais, le premier distributeur automatique les commercialisant jour et nuit, <strong>en libre-service<\/strong>, se trouve bien dans la <a href=\"https:\/\/actu.fr\/auvergne-rhone-alpes\/loire_42\" target=\"_blank\" rel=\"noopener\">Loire<\/a>. L\u2019id\u00e9e est venue du fondateur du concept, Florent Meiller (qui a depuis revendu ses parts), lors d\u2019un voyage au Portugal o\u00f9 ce type de restauration existe.<br \/>En 2021, il installe \u00e0 <a href=\"https:\/\/actu.fr\/auvergne-rhone-alpes\/firminy_42095\" target=\"_blank\" rel=\"noopener\">Firminy<\/a>, rue de la Loire (*), son premier distributeur de paninis et de tacos, fonctionnant 7j\/7 et 24h\/24.<\/p>\n<p>Six points de vente dans la Loire et la Haute-Loire<\/p>\n<p class=\" wall-content\">Six mois apr\u00e8s, un second point de vente <strong>Au Petit Encas<\/strong> voit le jour \u00e0 Saint-Etienne, rue des Martyrs-de-Vingr\u00e9 et au Chambon-Feugerolles (rue Gambetta). S\u2019ensuit deux autres, cette fois-ci en Haute-Loire, au Puy-en-Velay, place du Plot et lyc\u00e9e Simone-Veil.<\/p>\n<p class=\" wall-content\">L\u2019activit\u00e9 marche plut\u00f4t tr\u00e8s bien, nous explique R\u00e9mi Mounier, l\u2019un des deux g\u00e9rants.<\/p>\n<blockquote class=\"ac-article-quote wall-content\">\n<p>\u00c7a fonctionne tr\u00e8s bien. Il y a beaucoup de ventes la nuit lorsque les fast-foods sont ferm\u00e9s. Le principe du tacos ou du panini est plus pratique que celui de la pizza car on peut le manger en marchant. On mange chaud en trois minutes.<\/p>\n<p>    <strong>R\u00e9mi Mounier<\/strong><br \/>\n        Associ\u00e9 Au Petit Encas    <\/p><\/blockquote>\n<p class=\" wall-content\">En moyenne, un distributeur vend une vingtaine de tacos par jour. Le prix est aussi int\u00e9ressant\u2009: <strong>6,50\u00a0euros un tacos.<\/strong><\/p>\n<p>Un laboratoire de cuisine dans la Loire<\/p>\n<p class=\" wall-content\">C\u00e9dric Khouri, deuxi\u00e8me associ\u00e9, g\u00e8re la partie restauration. Tacos raclette, panini savoyard, tacos, burger, kebab\u2026 \u00ab\u2009Tout est fait maison. Nous pr\u00e9parons les tacos tous les matins dans notre laboratoire lig\u00e9rien. Les produits sont ensuite livr\u00e9s dans les diff\u00e9rents distributeurs chaque jour.\u2009\u00bb<\/p>\n<p class=\" wall-content\">\u00c0 terme, Au Petit Encas souhaite se d\u00e9velopper petit \u00e0 petit, un peu partout, avec un nouveau projet dans la Haute-Loire, pour l\u2019ann\u00e9e 2026.<\/p>\n<p>Votre r\u00e9gion, votre actu !<\/p>\n<p>Recevez chaque jour les infos qui comptent pour vous.<\/p>\n<p>\t<a href=\"https:\/\/actu.fr\/newsletter\" class=\"ac-btn ac-btn--corner ac-btn--medium ac-btn--blue800\" target=\"_blank\" rel=\"noopener\">S&rsquo;incrire<\/a><\/p>\n<p>(*) Le distributeur de tacos \u00e0 c\u00f4t\u00e9 du lyc\u00e9e \u00e0 Firminy g\u00eanait les riverains appelous \u00e0 cause des nuisances sonores la nuit\u2009: il ne fonctionne d\u00e9sormais plus en soir\u00e9e. Un autre point de vente dans la ville a \u00e9t\u00e9 cr\u00e9\u00e9 cet \u00e9t\u00e9 2025, \u00e0 c\u00f4t\u00e9 de la gare SNCF.<\/p>\n<p class=\" wall-content\">Personnalisez votre actualit\u00e9 en ajoutant vos villes et m\u00e9dias en favori avec <a href=\"https:\/\/moncompte.actu.fr\" title=\"D\u00e9couvez Mon Actu\" rel=\"nofollow noopener\" data-trk=\"{&quot;cta&quot;:{&quot;action&quot;:&quot;https:\\\/\\\/moncompte.actu.fr&quot;,&quot;category&quot;:&quot;mon compte&quot;,&quot;from&quot;:&quot;article footer&quot;,&quot;name&quot;:&quot;Mon actu&quot;,&quot;type&quot;:&quot;cta&quot;}}\" target=\"_blank\">Mon Actu<\/a>.<\/p>\n","protected":false},"excerpt":{"rendered":"Par Mathias Souteyrat Publi\u00e9 le 27 nov. 2025 \u00e0 6h08 Si les villes de Lyon et Grenoble se&hellip;\n","protected":false},"author":2,"featured_media":561626,"comment_status":"","ping_status":"","sticky":false,"template":"","format":"standard","meta":{"footnotes":""},"categories":[9653],"tags":[1111,11,2430,902,33,1777,674,1011,27,12,25,1340,4001],"class_list":{"0":"post-561625","1":"post","2":"type-post","3":"status-publish","4":"format-standard","5":"has-post-thumbnail","7":"category-saint-etienne","8":"tag-actu","9":"tag-actualites","10":"tag-auvergne-rhone-alpes","11":"tag-cuisine","12":"tag-economie","13":"tag-eu","14":"tag-europe","15":"tag-fr","16":"tag-france","17":"tag-news","18":"tag-republique-francaise","19":"tag-restaurant","20":"tag-saint-etienne"},"share_on_mastodon":{"url":"https:\/\/pubeurope.com\/@fr\/115620167328670562","error":""},"_links":{"self":[{"href":"https:\/\/www.europesays.com\/fr\/wp-json\/wp\/v2\/posts\/561625","targetHints":{"allow":["GET"]}}],"collection":[{"href":"https:\/\/www.europesays.com\/fr\/wp-json\/wp\/v2\/posts"}],"about":[{"href":"https:\/\/www.europesays.com\/fr\/wp-json\/wp\/v2\/types\/post"}],"author":[{"embeddable":true,"href":"https:\/\/www.europesays.com\/fr\/wp-json\/wp\/v2\/users\/2"}],"replies":[{"embeddable":true,"href":"https:\/\/www.europesays.com\/fr\/wp-json\/wp\/v2\/comments?post=561625"}],"version-history":[{"count":0,"href":"https:\/\/www.europesays.com\/fr\/wp-json\/wp\/v2\/posts\/561625\/revisions"}],"wp:featuredmedia":[{"embeddable":true,"href":"https:\/\/www.europesays.com\/fr\/wp-json\/wp\/v2\/media\/561626"}],"wp:attachment":[{"href":"https:\/\/www.europesays.com\/fr\/wp-json\/wp\/v2\/media?parent=561625"}],"wp:term":[{"taxonomy":"category","embeddable":true,"href":"https:\/\/www.europesays.com\/fr\/wp-json\/wp\/v2\/categories?post=561625"},{"taxonomy":"post_tag","embeddable":true,"href":"https:\/\/www.europesays.com\/fr\/wp-json\/wp\/v2\/tags?post=561625"}],"curies":[{"name":"wp","href":"https:\/\/api.w.org\/{rel}","templated":true}]}}