{"id":561627,"date":"2025-11-27T06:08:13","date_gmt":"2025-11-27T06:08:13","guid":{"rendered":"https:\/\/www.europesays.com\/fr\/561627\/"},"modified":"2025-11-27T06:08:13","modified_gmt":"2025-11-27T06:08:13","slug":"saint-etienne-bellevue-continue-de-faire-vivre-lart-sous-toutes-ses-formes","status":"publish","type":"post","link":"https:\/\/www.europesays.com\/fr\/561627\/","title":{"rendered":"Saint-\u00c9tienne. Bellevue continue de faire vivre l\u2019art sous toutes ses formes"},"content":{"rendered":"<p class=\"insetTitle\">Un appel \u00e0 r\u00e9sidence pour 2026<\/p>\n<p>Laurent Fr\u00e9churet est n\u00e9 \u00e0 Saint-\u00c9tienne en 1966. Il d\u00e9couvre le th\u00e9\u00e2tre par le biais de la po\u00e9sie et n\u2019a cess\u00e9 de jouer ou de mettre en sc\u00e8ne sa passion. Il fonde sa compagnie, Le Th\u00e9\u00e2tre de L\u2019Incendie en 1994. Avec elle, de 1998 \u00e0 2004, il est artiste en r\u00e9sidence au th\u00e9\u00e2tre de Villefranche-sur-Sa\u00f4ne (Rh\u00f4ne).<\/p>\n<p>De 2004 \u00e0 2012, il est directeur du CDN Th\u00e9\u00e2tre de Sartrouville et des Yvelines.<\/p>\n<p>Apr\u00e8s avoir \u00ab\u00a0r\u00e9veill\u00e9\u00a0\u00bb sa compagnie en 2013, il poursuit son travail d\u2019exploration th\u00e9\u00e2trale aupr\u00e8s, notamment, d\u2019auteurs contemporains et met en sc\u00e8ne des \u0153uvres lyriques, comme Les P\u00eacheurs de perles de Bizet en 2024 \u00e0 l\u2019Op\u00e9ra de Saint-\u00c9tienne.<\/p>\n<p>Une r\u00e9sidence gratuite de trois semaines<\/p>\n<p>\u00c0 noter que la compagnie, administr\u00e9e par Baptiste Delhomme, fait un appel \u00e0 r\u00e9sidence pour 2026. Cela concerne les \u00e9quipes th\u00e9\u00e2trales ayant moins de cinq ans d\u2019existence et\/ou moins de trois cr\u00e9ations \u00e0 leur actif. D\u2019ici No\u00ebl, les 20\u00a0premiers projets seront \u00e9tudi\u00e9s par un jury. Le soutien consistera en une r\u00e9sidence gratuite de trois semaines in situ, assortie d\u2019un accompagnement technique et financier \u00ab\u00a0pour pouvoir travailler sereinement\u00a0\u00bb. Ce projet, soutenu par la DRAC-Minist\u00e8re de la Culture est \u00e0 destination de toutes les compagnies th\u00e9\u00e2trales de la r\u00e9gion Auvergne-Rh\u00f4ne-Alpes.<\/p>\n<p class=\"note\">Pour tous les renseignements concernant le lieu ou l\u2019appel \u00e0 r\u00e9sidence 2026, s\u2019informer sur www.theatredelincendie.fr ou administration@theatredelincendie.fr Lieu Bellevue situ\u00e9 au 17 bis, rue Thimonnier \u00e0 Saint-\u00c9tienne.<\/p>\n","protected":false},"excerpt":{"rendered":"Un appel \u00e0 r\u00e9sidence pour 2026 Laurent Fr\u00e9churet est n\u00e9 \u00e0 Saint-\u00c9tienne en 1966. Il d\u00e9couvre le th\u00e9\u00e2tre&hellip;\n","protected":false},"author":2,"featured_media":561628,"comment_status":"","ping_status":"","sticky":false,"template":"","format":"standard","meta":{"footnotes":""},"categories":[9653],"tags":[1111,11,2430,1687,7539,1777,674,1011,27,12,25,4001,7538],"class_list":{"0":"post-561627","1":"post","2":"type-post","3":"status-publish","4":"format-standard","5":"has-post-thumbnail","7":"category-saint-etienne","8":"tag-actu","9":"tag-actualites","10":"tag-auvergne-rhone-alpes","11":"tag-culture-loisirs","12":"tag-edition-loire-sud","13":"tag-eu","14":"tag-europe","15":"tag-fr","16":"tag-france","17":"tag-news","18":"tag-republique-francaise","19":"tag-saint-etienne","20":"tag-saint-etienne-ville"},"share_on_mastodon":{"url":"https:\/\/pubeurope.com\/@fr\/115620171319332777","error":""},"_links":{"self":[{"href":"https:\/\/www.europesays.com\/fr\/wp-json\/wp\/v2\/posts\/561627","targetHints":{"allow":["GET"]}}],"collection":[{"href":"https:\/\/www.europesays.com\/fr\/wp-json\/wp\/v2\/posts"}],"about":[{"href":"https:\/\/www.europesays.com\/fr\/wp-json\/wp\/v2\/types\/post"}],"author":[{"embeddable":true,"href":"https:\/\/www.europesays.com\/fr\/wp-json\/wp\/v2\/users\/2"}],"replies":[{"embeddable":true,"href":"https:\/\/www.europesays.com\/fr\/wp-json\/wp\/v2\/comments?post=561627"}],"version-history":[{"count":0,"href":"https:\/\/www.europesays.com\/fr\/wp-json\/wp\/v2\/posts\/561627\/revisions"}],"wp:featuredmedia":[{"embeddable":true,"href":"https:\/\/www.europesays.com\/fr\/wp-json\/wp\/v2\/media\/561628"}],"wp:attachment":[{"href":"https:\/\/www.europesays.com\/fr\/wp-json\/wp\/v2\/media?parent=561627"}],"wp:term":[{"taxonomy":"category","embeddable":true,"href":"https:\/\/www.europesays.com\/fr\/wp-json\/wp\/v2\/categories?post=561627"},{"taxonomy":"post_tag","embeddable":true,"href":"https:\/\/www.europesays.com\/fr\/wp-json\/wp\/v2\/tags?post=561627"}],"curies":[{"name":"wp","href":"https:\/\/api.w.org\/{rel}","templated":true}]}}