{"id":561629,"date":"2025-11-27T06:09:11","date_gmt":"2025-11-27T06:09:11","guid":{"rendered":"https:\/\/www.europesays.com\/fr\/561629\/"},"modified":"2025-11-27T06:09:11","modified_gmt":"2025-11-27T06:09:11","slug":"la-circulation-et-le-stationnement-perturbes-ce-week-end-on-fait-le-point","status":"publish","type":"post","link":"https:\/\/www.europesays.com\/fr\/561629\/","title":{"rendered":"la circulation et le stationnement perturb\u00e9s ce week-end, on fait le point"},"content":{"rendered":"<p>                    Par<br \/>\n        <strong><br \/>\n            <a href=\"https:\/\/actu.fr\/auteur\/amandine-mehl\" title=\"Consulter tous les articles de Amandine Mehl\" target=\"_blank\" rel=\"noopener\">Amandine Mehl<\/a><br \/>\n                    <\/strong><\/p>\n<p>        Publi\u00e9 le<\/p>\n<p>            27 nov. 2025 \u00e0 7h02        <\/p>\n<p>\u00c0 <strong>Nancy<\/strong>, les F\u00eates de <a href=\"https:\/\/actu.fr\/tag\/saint-nicolas\" target=\"_blank\" rel=\"noopener\">Saint-Nicolas<\/a>, qui se tiendront <strong>jusqu\u2019au 4 janvier 2026<\/strong>, s\u2019illustrent \u00e9galement \u00e0 travers le sport. Outre les <a href=\"https:\/\/actu.fr\/grand-est\/nancy_54395\/les-courses-de-saint-nicolas-reviennent-bientot-a-nancy-voici-ce-qu-il-faut-savoir_63423876.html\" target=\"_blank\" rel=\"noopener\">courses<\/a> r\u00e9serv\u00e9es aux \u00e9coliers, coll\u00e9giens, lyc\u00e9ens et \u00e9tudiants, les coureurs sont attendus dimanche 30 novembre pour <strong>les 10 km<\/strong> et la <strong>course des familles<\/strong>.<\/p>\n<p class=\" wall-content\">Un rendez-vous qui va occasionner des <strong>perturbations<\/strong> au niveau de la <a href=\"https:\/\/actu.fr\/tag\/circulation\" target=\"_blank\" rel=\"noopener\">circulation<\/a> et du <a href=\"https:\/\/actu.fr\/tag\/stationnement\" target=\"_blank\" rel=\"noopener\">stationnement<\/a>.<\/p>\n<p>La circulation et le stationnement perturb\u00e9s \u00e0 Nancy<\/p>\n<p class=\" wall-content\">\u00c0 compter du <strong>vendredi 28 novembre 18h et jusqu\u2019au dimanche 30 novembre 13h<\/strong>, le <strong>stationnement<\/strong> ne sera pas permis : boulevard du 26e R\u00e9giment d\u2019Infanterie (c\u00f4t\u00e9 P\u00e9pini\u00e8re), sur une partie du parking de l\u2019Ile de Corse, place de la Carri\u00e8re, rue des \u00c9curies, parking Vaud\u00e9mont.<\/p>\n<p class=\" wall-content\"><a href=\"https:\/\/www.instagram.com\/p\/DQ2EU2ujTEB\/embed\" title=\"Ouvrir le lien sur Instagram\" target=\"_blank\" rel=\"noopener\">Visualiser le contenu sur Instagram<\/a><\/p>\n<p class=\" wall-content\">La <strong>circulation<\/strong> sera quant \u00e0 elle <strong>interdite sur l\u2019ensemble du parcours<\/strong>, le 30 novembre, de 9h \u00e0 13h.<\/p>\n<p class=\" wall-content\">\u00c0 noter que les automobilistes d\u00e9sirant <strong>sortir leur v\u00e9hicule du p\u00e9rim\u00e8tre<\/strong> pourront emprunter la rue Jeanne d\u2019Arc et le boulevard Lobau,<strong> ouverts lorsque le flux de coureurs le permettra<\/strong>.<\/p>\n<p class=\" wall-content\">Personnalisez votre actualit\u00e9 en ajoutant vos villes et m\u00e9dias en favori avec <a href=\"https:\/\/moncompte.actu.fr\" title=\"D\u00e9couvez Mon Actu\" rel=\"nofollow noopener\" data-trk=\"{&quot;cta&quot;:{&quot;action&quot;:&quot;https:\\\/\\\/moncompte.actu.fr&quot;,&quot;category&quot;:&quot;mon compte&quot;,&quot;from&quot;:&quot;article footer&quot;,&quot;name&quot;:&quot;Mon actu&quot;,&quot;type&quot;:&quot;cta&quot;}}\" target=\"_blank\">Mon Actu<\/a>.<\/p>\n<p>                    <script async src=\"\/\/www.instagram.com\/embed.js\"><\/script><\/p>\n","protected":false},"excerpt":{"rendered":"Par Amandine Mehl Publi\u00e9 le 27 nov. 2025 \u00e0 7h02 \u00c0 Nancy, les F\u00eates de Saint-Nicolas, qui se&hellip;\n","protected":false},"author":2,"featured_media":561630,"comment_status":"","ping_status":"","sticky":false,"template":"","format":"standard","meta":{"footnotes":""},"categories":[9635],"tags":[1111,11,3542,1777,674,1011,27,775,1702,12,25,14334,104,6173],"class_list":{"0":"post-561629","1":"post","2":"type-post","3":"status-publish","4":"format-standard","5":"has-post-thumbnail","7":"category-nancy","8":"tag-actu","9":"tag-actualites","10":"tag-circulation","11":"tag-eu","12":"tag-europe","13":"tag-fr","14":"tag-france","15":"tag-grand-est","16":"tag-nancy","17":"tag-news","18":"tag-republique-francaise","19":"tag-saint-nicolas","20":"tag-societe","21":"tag-stationnement"},"share_on_mastodon":{"url":"https:\/\/pubeurope.com\/@fr\/115620175277373597","error":""},"_links":{"self":[{"href":"https:\/\/www.europesays.com\/fr\/wp-json\/wp\/v2\/posts\/561629","targetHints":{"allow":["GET"]}}],"collection":[{"href":"https:\/\/www.europesays.com\/fr\/wp-json\/wp\/v2\/posts"}],"about":[{"href":"https:\/\/www.europesays.com\/fr\/wp-json\/wp\/v2\/types\/post"}],"author":[{"embeddable":true,"href":"https:\/\/www.europesays.com\/fr\/wp-json\/wp\/v2\/users\/2"}],"replies":[{"embeddable":true,"href":"https:\/\/www.europesays.com\/fr\/wp-json\/wp\/v2\/comments?post=561629"}],"version-history":[{"count":0,"href":"https:\/\/www.europesays.com\/fr\/wp-json\/wp\/v2\/posts\/561629\/revisions"}],"wp:featuredmedia":[{"embeddable":true,"href":"https:\/\/www.europesays.com\/fr\/wp-json\/wp\/v2\/media\/561630"}],"wp:attachment":[{"href":"https:\/\/www.europesays.com\/fr\/wp-json\/wp\/v2\/media?parent=561629"}],"wp:term":[{"taxonomy":"category","embeddable":true,"href":"https:\/\/www.europesays.com\/fr\/wp-json\/wp\/v2\/categories?post=561629"},{"taxonomy":"post_tag","embeddable":true,"href":"https:\/\/www.europesays.com\/fr\/wp-json\/wp\/v2\/tags?post=561629"}],"curies":[{"name":"wp","href":"https:\/\/api.w.org\/{rel}","templated":true}]}}