{"id":561631,"date":"2025-11-27T06:10:19","date_gmt":"2025-11-27T06:10:19","guid":{"rendered":"https:\/\/www.europesays.com\/fr\/561631\/"},"modified":"2025-11-27T06:10:19","modified_gmt":"2025-11-27T06:10:19","slug":"le-heavy-week-end-est-au-complet","status":"publish","type":"post","link":"https:\/\/www.europesays.com\/fr\/561631\/","title":{"rendered":"le Heavy Week-End est au complet\u00a0!"},"content":{"rendered":"<p>Le <a href=\"https:\/\/www.estrepublicain.fr\/culture-loisirs\/2025\/10\/20\/nancy-open-air-le-heavy-week-end-sort-l-artillerie-lourde\" target=\"_blank\" rel=\"noopener\">20\u00a0octobre dernier, G\u00e9rard Drouot Productions<\/a> a fait sursauter les r\u00e9seaux sociaux en d\u00e9voilant les trois t\u00eates d\u2019affiche du Heavy Week-End 2026. Et pour cause. En chef de file, on retrouvera les Fran\u00e7ais de Gojira le samedi 6\u00a0juin. Depuis la c\u00e9r\u00e9monie d\u2019ouverture des Jeux Olympiques de Paris 2024, et son <a href=\"https:\/\/www.youtube.com\/watch?v=5hTMYk7orHw\" target=\"_blank\" rel=\"noopener\">\u00ab\u00a0Mea Culpa (Ah\u00a0! \u00c7a ira\u00a0!)\u00a0\u00bb<\/a> , la formation encha\u00eene, en 2025, les concerts \u00e0 guichets ferm\u00e9s. L\u2019ann\u00e9e 2026 s\u2019annonce calme puisque le seul concert des fr\u00e8res Duplantier et leur bande en France sera celui du <a href=\"https:\/\/www.estrepublicain.fr\/p\/zenith-du-grand-nancy\" target=\"_blank\" rel=\"noopener\">Z\u00e9nith du Grand Nancy<\/a>.<\/p>\n<p>  De Gojira \u00e0 Sepultura<\/p>\n<p>Le m\u00eame jour, Gojira partagera l\u2019affiche avec les Am\u00e9ricains de Trivium, et leurs 25 ans de carri\u00e8re, Nova Twins\u2026 Mais aussi avec les fr\u00e8res Cavalera, Max et Igor. Un duo ayant jou\u00e9 au sein de Cavalera Conspiracy, avec, durant, un temps, un certain\u2026 Joe Duplantier\u00a0! Pour le Heavy Week-End, ceux qui ont fond\u00e9 le tr\u00e8s influent Sepultura viendront jouer l\u2019int\u00e9gralit\u00e9 de l\u2019embl\u00e9matique album \u00ab\u00a0Chaos A.D.\u00a0\u00bb.<\/p>\n<p>La veille, le vendredi 5\u00a0juin, ce sont les Su\u00e9dois de Sabaton qui boucleront la premi\u00e8re journ\u00e9e de concerts. Le groupe a sorti son onzi\u00e8me album \u00ab\u00a0Legends\u00a0\u00bb le 17\u00a0octobre. Ils ne sont pas les premiers venus. Et comptabilisent plus de 4\u00a0milliards de streams rien que sur Spotify\u2026 Auxquels il faut ajouter les statistiques sur les autres plateformes et plus d\u2019un milliard et demi de vues sur Youtube. Le premier single \u00ab\u00a0I, Emperor\u00a0\u00bb consacr\u00e9 \u00e0 Napol\u00e9on, a d\u00e9j\u00e0 trouv\u00e9 sa place dans les playlists de metalleux.<\/p>\n<p>Ce jour-l\u00e0, voie sera ouverte par les Allemands d\u2019Avantasia emmen\u00e9s par l\u2019incontournable Tobias Sammet. Et parce que la sc\u00e8ne allemande est hyperactive, ils seront rejoints par Dominum, et leur Dr Dead, avant que Savatage ne fasse parler la poudre. Les Am\u00e9ricains seront en tourn\u00e9e durant l\u2019\u00e9t\u00e9 2026, le Heavy Week-End sera l\u2019une de leurs premi\u00e8res dates.<\/p>\n<p>  Un final tonitruant<\/p>\n<p>Enfin, le dimanche, on le sait, Electric Callboy viendra clore la troisi\u00e8me \u00e9dition de l\u2019\u00e9v\u00e9nement d\u00e9di\u00e9 au metal. L\u2019occasion de retrouver le batteur de Sum 41, Frank Zummo, qui a rejoint, pour de bon, la formation \u00e0 l\u2019\u00e9t\u00e9 2025, apr\u00e8s un \u00ab\u00a0d\u00e9pannage\u00a0\u00bb, en d\u00e9cembre\u00a02024, \u00e0 l\u2019occasion d\u2019un concert au festival australien Good Things.<\/p>\n<p>Et ils ne seront \u00e9videmment pas seuls puisqu\u2019\u00e0 l\u2019affiche, l\u2019on retrouvera Ice Nine Kills et les Fran\u00e7ais de Sha\u00e2rghot\u2026 Mas aussi les Canadiens de Three Days Grace. Le groupe enquille les dates. Leur concert, le 6\u00a0d\u00e9cembre, au Trianon, est complet. Tout comme celui du Bataclan, le 15\u00a0d\u00e9cembre. Cette tourn\u00e9e est marqu\u00e9e par le retour du chanteur Adam Gontier apr\u00e8s 11 ans d\u2019absence. Il officie d\u00e9sormais derri\u00e8re le micro aux c\u00f4t\u00e9s Matt Walst, son rempla\u00e7ant depuis 2013.<\/p>\n","protected":false},"excerpt":{"rendered":"Le 20\u00a0octobre dernier, G\u00e9rard Drouot Productions a fait sursauter les r\u00e9seaux sociaux en d\u00e9voilant les trois t\u00eates d\u2019affiche&hellip;\n","protected":false},"author":2,"featured_media":561632,"comment_status":"","ping_status":"","sticky":false,"template":"","format":"standard","meta":{"footnotes":""},"categories":[9635],"tags":[1111,11,1687,3602,1707,1704,1706,1705,1777,674,1011,27,775,873,1702,1703,12,25],"class_list":{"0":"post-561631","1":"post","2":"type-post","3":"status-publish","4":"format-standard","5":"has-post-thumbnail","7":"category-nancy","8":"tag-actu","9":"tag-actualites","10":"tag-culture-loisirs","11":"tag-edition-bar-le-duc","12":"tag-edition-luneville","13":"tag-edition-nancy-et-agglomeration","14":"tag-edition-pont-a-mousson","15":"tag-edition-toul","16":"tag-eu","17":"tag-europe","18":"tag-fr","19":"tag-france","20":"tag-grand-est","21":"tag-musique","22":"tag-nancy","23":"tag-nancy-ville-54b","24":"tag-news","25":"tag-republique-francaise"},"share_on_mastodon":{"url":"https:\/\/pubeurope.com\/@fr\/115620179077967010","error":""},"_links":{"self":[{"href":"https:\/\/www.europesays.com\/fr\/wp-json\/wp\/v2\/posts\/561631","targetHints":{"allow":["GET"]}}],"collection":[{"href":"https:\/\/www.europesays.com\/fr\/wp-json\/wp\/v2\/posts"}],"about":[{"href":"https:\/\/www.europesays.com\/fr\/wp-json\/wp\/v2\/types\/post"}],"author":[{"embeddable":true,"href":"https:\/\/www.europesays.com\/fr\/wp-json\/wp\/v2\/users\/2"}],"replies":[{"embeddable":true,"href":"https:\/\/www.europesays.com\/fr\/wp-json\/wp\/v2\/comments?post=561631"}],"version-history":[{"count":0,"href":"https:\/\/www.europesays.com\/fr\/wp-json\/wp\/v2\/posts\/561631\/revisions"}],"wp:featuredmedia":[{"embeddable":true,"href":"https:\/\/www.europesays.com\/fr\/wp-json\/wp\/v2\/media\/561632"}],"wp:attachment":[{"href":"https:\/\/www.europesays.com\/fr\/wp-json\/wp\/v2\/media?parent=561631"}],"wp:term":[{"taxonomy":"category","embeddable":true,"href":"https:\/\/www.europesays.com\/fr\/wp-json\/wp\/v2\/categories?post=561631"},{"taxonomy":"post_tag","embeddable":true,"href":"https:\/\/www.europesays.com\/fr\/wp-json\/wp\/v2\/tags?post=561631"}],"curies":[{"name":"wp","href":"https:\/\/api.w.org\/{rel}","templated":true}]}}