{"id":561641,"date":"2025-11-27T06:17:43","date_gmt":"2025-11-27T06:17:43","guid":{"rendered":"https:\/\/www.europesays.com\/fr\/561641\/"},"modified":"2025-11-27T06:17:43","modified_gmt":"2025-11-27T06:17:43","slug":"limage-six-mois-apres-son-choc-mortel-avec-le-pont-de-brooklyn-le-cuauhtemoc-voilier-star-de-larmada-de-retour-au-mexique","status":"publish","type":"post","link":"https:\/\/www.europesays.com\/fr\/561641\/","title":{"rendered":"L&rsquo;IMAGE. Six mois apr\u00e8s son choc mortel avec le pont de Brooklyn, le Cuauht\u00e9moc, voilier star de l&rsquo;Armada, de retour au Mexique"},"content":{"rendered":"<p class=\"article__intro\">Le 17 mai 2025, le Cuauht\u00e9moc avait percut\u00e9 le pont de Brooklyn, occasionnant deux morts et une vingtaine de bless\u00e9s. Six mois apr\u00e8s le drame, le navire-\u00e9cole mexicain star de l&rsquo;Armada de Rouen est de retour au Mexique pour une c\u00e9r\u00e9monie officielle.<\/p>\n<p>\n      L\u2019actu des r\u00e9gions\n    <\/p>\n<p>\n      Chaque jour, un tour d\u2019horizon des principales infos de toutes les r\u00e9gions.\n    <\/p>\n<p>    France T\u00e9l\u00e9visions utilise votre adresse e-mail afin de vous envoyer la newsletter \u00ab\u00a0L\u2019actu des r\u00e9gions\u00a0\u00bb. Vous pouvez vous d\u00e9sinscrire \u00e0 tout moment via le lien en bas de cette newsletter. <a target=\"_blank\" href=\"https:\/\/www.francetelevisions.fr\/groupe\/confidentialite\/politique-de-confidentialite\/politique-de-confidentialite-de-france-televisions-6503\" rel=\"noopener\">Notre politique de confidentialit\u00e9<\/a><\/p>\n<p>\u00ab\u00a0La m\u00e9moire (des marins morts sur le Cuauht\u00e9moc), leur d\u00e9vouement, resteront \u00e0 jamais grav\u00e9s dans nos c\u0153urs, ceux du peuple mexicain et de notre pays\u00a0\u00bb, a d\u00e9clar\u00e9 Claudia Sheinbaum Pardo, la pr\u00e9sidente du Mexique, lors d&rsquo;une c\u00e9r\u00e9monie officielle \u00e0 Veracruz, dimanche 23 novembre 2025.<\/p>\n<blockquote class=\"twitter-tweet\">\n<p dir=\"ltr\" lang=\"es\">En el Fuerte de San Juan de Ul\u00faa, Veracruz, la presidenta <a href=\"https:\/\/twitter.com\/Claudiashein?ref_src=twsrc%5Etfw\" target=\"_blank\" rel=\"noopener\">@Claudiashein<\/a> encabeza el Bicentenario de la Consolidaci\u00f3n de la Independencia en la Mar.<br \/>\u201cHoy como ayer, estamos llamados a defender nuestra independencia y la justicia; las naciones miran a M\u00e9xico con esperanza y\u2026 <a href=\"https:\/\/t.co\/Pol6KHow20\">pic.twitter.com\/Pol6KHow20<\/a><\/p>\n<p>\u2014 Gobierno de M\u00e9xico (@GobiernoMX) <a href=\"https:\/\/twitter.com\/GobiernoMX\/status\/1992690371772453265?ref_src=twsrc%5Etfw\" target=\"_blank\" rel=\"noopener\">November 23, 2025<\/a><\/p><\/blockquote>\n<p>La c\u00e9r\u00e9monie a \u00e9t\u00e9 donn\u00e9e \u00e0 l&rsquo;occasion de la \u00ab\u00a0Consolidation de l&rsquo;ind\u00e9pendance du Mexique en mer\u00a0\u00bb, c\u00e9l\u00e9bration marquant la reddition espagnole face aux troupes mexicaines au fort de San Juan de Ul\u00faa, \u00e0 Veracruz, en 1825.<\/p>\n<p><a data-article-figure=\"\" href=\"https:\/\/france3-regions.franceinfo.fr\/image\/G4TyFBn4N5fyIDDuzDdMsgpeKT0\/1500x1000\/regions\/2025\/11\/24\/2025-11-23-bicentenario-de-la-consolidaci-n-de-la-independencia-en-la-mar-69-gm-6924294a0cb23506824859.jpg\" data-pswp-width=\"1500\" data-pswp-height=\"1000\" target=\"_blank\" rel=\"noopener\"><\/p>\n<p>          <img width=\"600\" height=\"400\" class=\"article-image lazy\" data-src=\"https:\/\/www.europesays.com\/fr\/wp-content\/uploads\/2025\/11\/2025-11-23-bicentenario-de-la-consolidaci-n-de-la-independencia-en-la-mar-69-gm-6924294a0cb235068248.webp\" alt=\"La pr\u00e9sidente du Mexique, Claudia Sheinbaum Pardo (au centre) devant le Cuauht\u00e9moc.\" fetchpriority=\"high\" as=\"image\"\/><\/p>\n<p>\n            La pr\u00e9sidente du Mexique, Claudia Sheinbaum Pardo (au centre) devant le Cuauht\u00e9moc.<br \/>\n                           \u2022<br \/>\n                                      \u00a9 Gobierno de M\u00e9xico \/ X\n                      <\/p>\n<p><\/a><\/p>\n<p>La pr\u00e9sidente y a rendu hommage aux marins morts et bless\u00e9s lorsque le Cuauht\u00e9moc, navire-\u00e9cole mexicain, a heurt\u00e9 le pont de Brooklyn, le 17 mai dernier.<\/p>\n<p>Le voilier star de l&rsquo;Armada de Rouen, haut de 48,2 m\u00e8tres, est rentr\u00e9 dimanche dans son pays d&rsquo;origine, soit six mois apr\u00e8s ce choc mortel. La cime de ses m\u00e2ts s&rsquo;\u00e9tait bris\u00e9e sur le tablier du fameux pont devant les regards m\u00e9dus\u00e9s de passants au bord de l&rsquo;East River.<\/p>\n<p><a data-article-figure=\"\" href=\"https:\/\/france3-regions.franceinfo.fr\/image\/Rb6BL3mrKf13es3tmV25e5yKrCw\/2560x1706\/regions\/2025\/11\/24\/g6d0m-dweaaizr9-6924260c74c2d351008247.jpg\" data-pswp-width=\"2560\" data-pswp-height=\"1706\" target=\"_blank\" rel=\"noopener\"><\/p>\n<p>          <img width=\"600\" height=\"400\" class=\"article-image lazy\" data-src=\"https:\/\/www.europesays.com\/fr\/wp-content\/uploads\/2025\/11\/g6d0m-dweaaizr9-6924260c74c2d351008247.jpg\" alt=\"Le gouvernement mexicain a rendu hommage aux marins morts et bless\u00e9s apr\u00e8s l'accident du Cuauht\u00e9moc.\" fetchpriority=\"high\" as=\"image\"\/><\/p>\n<p>\n            Le gouvernement mexicain a rendu hommage aux marins morts et bless\u00e9s apr\u00e8s l&rsquo;accident du Cuauht\u00e9moc.<br \/>\n                           \u2022<br \/>\n                                      \u00a9 Gobierno de M\u00e9xico \/ X\n                      <\/p>\n<p><\/a><\/p>\n<p>Deux marins avaient \u00e9t\u00e9 tu\u00e9s. Il s&rsquo;agit des cadets de la Marine Am\u00e9rica Yamilet S\u00e1nchez et Adal Jair Maldonado, \u00e2g\u00e9s de 20 et 23 ans. Une vingtaine d&rsquo;autres avaient \u00e9t\u00e9 bless\u00e9s.<\/p>\n<\/p>\n<p>L&rsquo;accident avait touch\u00e9 en plein c\u0153ur les Normands. \u00ab\u00a0L&rsquo;arriv\u00e9e de ce bateau \u00e0 Rouen, c&rsquo;est toujours l&rsquo;image embl\u00e9matique de l&rsquo;Armada, c&rsquo;est toujours tr\u00e8s impressionnant et tr\u00e8s \u00e9mouvant \u00e0 la fois de voir ces marins arriver en chantant\u00a0\u00bb, avait d\u00e9plor\u00e9 Patrick Herr, pr\u00e9sident fondateur de l&rsquo;Armada de Rouen.<\/p>\n<\/p>\n<p>Au moment des faits, le Cuauht\u00e9moc entamait sa grande travers\u00e9e annuelle, cens\u00e9e parachever la formation des cadets. Il \u00e9tait parti un mois plus t\u00f4t du port d&rsquo;Acapulco, au Mexique. Selon l&rsquo;enqu\u00eate am\u00e9ricaine, le bateau avait perdu de la puissance, il a recul\u00e9 en acc\u00e9l\u00e9rant au moment de l&rsquo;accident.<\/p>\n<p>Le Cuauht\u00e9moc avait ainsi logiquement fait partie des absents lors des <a href=\"https:\/\/france3-regions.franceinfo.fr\/normandie\/seine-maritime\/havre\/apres-l-accident-de-new-york-le-cuauhtemoc-sera-absent-des-grandes-voiles-du-havre-3158424.html\" target=\"_blank\" rel=\"noopener noreferrer nofollow\" data-tooltip-url=\"https:\/\/france3-regions.franceinfo.fr\/normandie\/seine-maritime\/havre\/apres-l-accident-de-new-york-le-cuauhtemoc-sera-absent-des-grandes-voiles-du-havre-3158424.html\">Grandes Voiles du Havre<\/a>, organis\u00e9es en juillet dernier. Pourra-t-il revenir en 2027 \u00e0 la prochaine Armada de Rouen ? Rien n&rsquo;a encore \u00e9t\u00e9 d\u00e9cid\u00e9.<\/p>\n<\/p>\n<p>  <script async src=\"https:\/\/platform.twitter.com\/widgets.js\" charset=\"utf-8\"><\/script><\/p>\n","protected":false},"excerpt":{"rendered":"Le 17 mai 2025, le Cuauht\u00e9moc avait percut\u00e9 le pont de Brooklyn, occasionnant deux morts et une vingtaine&hellip;\n","protected":false},"author":2,"featured_media":561642,"comment_status":"","ping_status":"","sticky":false,"template":"","format":"standard","meta":{"footnotes":""},"categories":[9587],"tags":[1111,11,1777,674,1011,27,12,5161,25,9590],"class_list":{"0":"post-561641","1":"post","2":"type-post","3":"status-publish","4":"format-standard","5":"has-post-thumbnail","7":"category-rouen","8":"tag-actu","9":"tag-actualites","10":"tag-eu","11":"tag-europe","12":"tag-fr","13":"tag-france","14":"tag-news","15":"tag-normandie","16":"tag-republique-francaise","17":"tag-rouen"},"share_on_mastodon":{"url":"https:\/\/pubeurope.com\/@fr\/115620206627737939","error":""},"_links":{"self":[{"href":"https:\/\/www.europesays.com\/fr\/wp-json\/wp\/v2\/posts\/561641","targetHints":{"allow":["GET"]}}],"collection":[{"href":"https:\/\/www.europesays.com\/fr\/wp-json\/wp\/v2\/posts"}],"about":[{"href":"https:\/\/www.europesays.com\/fr\/wp-json\/wp\/v2\/types\/post"}],"author":[{"embeddable":true,"href":"https:\/\/www.europesays.com\/fr\/wp-json\/wp\/v2\/users\/2"}],"replies":[{"embeddable":true,"href":"https:\/\/www.europesays.com\/fr\/wp-json\/wp\/v2\/comments?post=561641"}],"version-history":[{"count":0,"href":"https:\/\/www.europesays.com\/fr\/wp-json\/wp\/v2\/posts\/561641\/revisions"}],"wp:featuredmedia":[{"embeddable":true,"href":"https:\/\/www.europesays.com\/fr\/wp-json\/wp\/v2\/media\/561642"}],"wp:attachment":[{"href":"https:\/\/www.europesays.com\/fr\/wp-json\/wp\/v2\/media?parent=561641"}],"wp:term":[{"taxonomy":"category","embeddable":true,"href":"https:\/\/www.europesays.com\/fr\/wp-json\/wp\/v2\/categories?post=561641"},{"taxonomy":"post_tag","embeddable":true,"href":"https:\/\/www.europesays.com\/fr\/wp-json\/wp\/v2\/tags?post=561641"}],"curies":[{"name":"wp","href":"https:\/\/api.w.org\/{rel}","templated":true}]}}