{"id":561645,"date":"2025-11-27T06:19:11","date_gmt":"2025-11-27T06:19:11","guid":{"rendered":"https:\/\/www.europesays.com\/fr\/561645\/"},"modified":"2025-11-27T06:19:11","modified_gmt":"2025-11-27T06:19:11","slug":"gagnez-vos-invitations-vip-pour-le-match-vrdr-fc-grenoble-du-12-decembre","status":"publish","type":"post","link":"https:\/\/www.europesays.com\/fr\/561645\/","title":{"rendered":"Gagnez vos invitations VIP pour le match VRDR \u2013 FC Grenoble du 12 d\u00e9cembre\u00a0!"},"content":{"rendered":"<p>Votre radio vous g\u00e2te\u00a0: \u00e0 partir du 1er d\u00e9cembre, remportez vos invitations VIP Virage pour vibrer lors du match VRDR \u2013 FC Grenoble au stade Pompidou.<\/p>\n<p>Vivez le Derby au stade Pompidou\u00a0!<\/p>\n<p>Pour l\u2019occasion, <strong>le VRDR vous invite<\/strong> \u00e0 plonger au c\u0153ur d\u2019une ambiance montagnarde au stade Pompidou de Valence. <strong>Vivez une exp\u00e9rience premium<\/strong>, chaleureuse et conviviale, pens\u00e9e comme une v\u00e9ritable prestation VIP. <strong>Profitez d\u2019un placement exclusif<\/strong> dans l\u2019un des virages les plus anim\u00e9s, juste derri\u00e8re l\u2019en-but, pour une immersion totale au plus pr\u00e8s de l\u2019action.<br \/><strong>D\u00e9gustez des sp\u00e9cialit\u00e9s montagnardes<\/strong> et laissez-vous surprendre par de nombreuses <strong>animations tout au long de la soir\u00e9e\u00a0!<\/strong><\/p>\n<p>Pour gagner vos places, rien de plus simple\u00a0:<\/p>\n<p>\u00c9coutez votre radio <strong>d\u00e8s le 1er d\u00e9cembre<\/strong> et gagnez vos places dans le <strong>jeu Dr\u00f4me ou Ard\u00e8che<\/strong> \u00e0 7h25. Pr\u00eats \u00e0 entrer en m\u00eal\u00e9e\u00a0?<\/p>\n<p> <img decoding=\"async\" src=\"https:\/\/www.europesays.com\/fr\/wp-content\/uploads\/2025\/11\/1764224351_623_1280\" alt=\"illustration agrandir l'image\" style=\"--_image-preview:url('data:image\/jpeg;base64,\/9j\/2wBDACgcHiMeGSgjISMtKygwPGRBPDc3PHtYXUlkkYCZlo+AjIqgtObDoKrarYqMyP\/L2u71\/\/\/\/m8H\/\/\/\/6\/+b9\/\/j\/2wBDASstLTw1PHZBQXb4pYyl+Pj4+Pj4+Pj4+Pj4+Pj4+Pj4+Pj4+Pj4+Pj4+Pj4+Pj4+Pj4+Pj4+Pj4+Pj4+Pj4+Pj\/wAARCAAXACoDASIAAhEBAxEB\/8QAGAABAAMBAAAAAAAAAAAAAAAAAAECAwT\/xAAYEAEAAwEAAAAAAAAAAAAAAAAAAQISEf\/EABUBAQEAAAAAAAAAAAAAAAAAAAAB\/8QAFBEBAAAAAAAAAAAAAAAAAAAAAP\/aAAwDAQACEQMRAD8AniMr8WioMsGG8UJoDnycbTRGUVaIaVqAjSKmQBWaowAr\/9k=');\" loading=\"lazy\" fetchpriority=\"low\" class=\"svelte-1cksh76 rounded\" onload=\"this.__e=event\" onerror=\"this.__e=event\"\/> Offre VIP \u00a9 Radio France  <\/p>\n","protected":false},"excerpt":{"rendered":"Votre radio vous g\u00e2te\u00a0: \u00e0 partir du 1er d\u00e9cembre, remportez vos invitations VIP Virage pour vibrer lors du&hellip;\n","protected":false},"author":2,"featured_media":561646,"comment_status":"","ping_status":"","sticky":false,"template":"","format":"standard","meta":{"footnotes":""},"categories":[9566],"tags":[1111,11,2430,1777,674,1011,27,2731,12,25],"class_list":{"0":"post-561645","1":"post","2":"type-post","3":"status-publish","4":"format-standard","5":"has-post-thumbnail","7":"category-grenoble","8":"tag-actu","9":"tag-actualites","10":"tag-auvergne-rhone-alpes","11":"tag-eu","12":"tag-europe","13":"tag-fr","14":"tag-france","15":"tag-grenoble","16":"tag-news","17":"tag-republique-francaise"},"share_on_mastodon":{"url":"https:\/\/pubeurope.com\/@fr\/115620215261165745","error":""},"_links":{"self":[{"href":"https:\/\/www.europesays.com\/fr\/wp-json\/wp\/v2\/posts\/561645","targetHints":{"allow":["GET"]}}],"collection":[{"href":"https:\/\/www.europesays.com\/fr\/wp-json\/wp\/v2\/posts"}],"about":[{"href":"https:\/\/www.europesays.com\/fr\/wp-json\/wp\/v2\/types\/post"}],"author":[{"embeddable":true,"href":"https:\/\/www.europesays.com\/fr\/wp-json\/wp\/v2\/users\/2"}],"replies":[{"embeddable":true,"href":"https:\/\/www.europesays.com\/fr\/wp-json\/wp\/v2\/comments?post=561645"}],"version-history":[{"count":0,"href":"https:\/\/www.europesays.com\/fr\/wp-json\/wp\/v2\/posts\/561645\/revisions"}],"wp:featuredmedia":[{"embeddable":true,"href":"https:\/\/www.europesays.com\/fr\/wp-json\/wp\/v2\/media\/561646"}],"wp:attachment":[{"href":"https:\/\/www.europesays.com\/fr\/wp-json\/wp\/v2\/media?parent=561645"}],"wp:term":[{"taxonomy":"category","embeddable":true,"href":"https:\/\/www.europesays.com\/fr\/wp-json\/wp\/v2\/categories?post=561645"},{"taxonomy":"post_tag","embeddable":true,"href":"https:\/\/www.europesays.com\/fr\/wp-json\/wp\/v2\/tags?post=561645"}],"curies":[{"name":"wp","href":"https:\/\/api.w.org\/{rel}","templated":true}]}}