{"id":561651,"date":"2025-11-27T06:22:11","date_gmt":"2025-11-27T06:22:11","guid":{"rendered":"https:\/\/www.europesays.com\/fr\/561651\/"},"modified":"2025-11-27T06:22:11","modified_gmt":"2025-11-27T06:22:11","slug":"14-enseignants-en-un-an-dans-cette-ecole-des-parents-denoncent-une-situation-catastrophique","status":"publish","type":"post","link":"https:\/\/www.europesays.com\/fr\/561651\/","title":{"rendered":"14 enseignants en un an dans cette \u00e9cole, des parents d\u00e9noncent une situation \u00ab\u00a0catastrophique\u00a0\u00bb"},"content":{"rendered":"<p>                    Par<br \/>\n        <strong><br \/>\n            <a href=\"https:\/\/actu.fr\/auteur\/thomas-blanc\" title=\"Consulter tous les articles de Thomas Blanc\" target=\"_blank\" rel=\"noopener\">Thomas Blanc<\/a><br \/>\n                    <\/strong><\/p>\n<p>        Publi\u00e9 le<\/p>\n<p>            27 nov. 2025 \u00e0 7h02        <\/p>\n<p>Dans une <a href=\"https:\/\/actu.fr\/tag\/ecoles\" target=\"_blank\" rel=\"noopener\">\u00e9cole<\/a> maternelle du quartier Polygone, \u00e0 <a href=\"https:\/\/actu.fr\/strasbourg\/\" target=\"_blank\" rel=\"noopener\">Strasbourg<\/a>, des parents d\u2019\u00e9l\u00e8ves font remonter une situation alarmante. La classe de leurs <a href=\"https:\/\/actu.fr\/tag\/enfants\" target=\"_blank\" rel=\"noopener\">enfants<\/a> n\u2019aurait pas de professeur attitr\u00e9 depuis plus d\u2019un an.<\/p>\n<p>Une enseignante en arr\u00eat de travail non remplac\u00e9e<\/p>\n<p class=\" wall-content\">C\u2019est une m\u00e8re qui a alert\u00e9 Actu Strasbourg de cette situation. \u00ab\u2009Mon fils est rentr\u00e9 l\u2019ann\u00e9e derni\u00e8re en toute petite section \u00e0 <strong>l\u2019\u00e9cole des Canonniers<\/strong>. Au bout de quelques mois, sa ma\u00eetresse a eu un <strong>accident du travail<\/strong>, elle s\u2019est cass\u00e9e le bras\u2009\u00bb, explique-t-elle.<\/p>\n<p class=\" wall-content\">\u00ab\u2009On attendait tous les matins \u00e0 8h le mail de la directrice pour savoir si oui ou non il allait y avoir quelqu\u2019un pour assurer la journ\u00e9e\u2009\u00bb, se rem\u00e9more-t-elle avant d\u2019ajouter\u2009: \u00ab\u2009On a pass\u00e9 <strong>une ann\u00e9e catastrophique<\/strong> au niveau de l\u2019organisation\u2009\u00bb.<\/p>\n<p>La situation se r\u00e9p\u00e8te cette ann\u00e9e<\/p>\n<p class=\" wall-content\">Cette ann\u00e9e, son fils est en petite section et a officiellement la m\u00eame ma\u00eetresse absente. Durant son explication, elle pose un chiffre\u2009: 14. Son fils aurait eu <strong>14 enseignants<\/strong> depuis un an, \u00ab\u2009qui ne restent <strong>jamais plus de quelques jours<\/strong>\u2009\u00bb, selon elle.<\/p>\n<p class=\" wall-content\">Un passage sur place aupr\u00e8s de plusieurs parents d\u2019\u00e9l\u00e8ves scolaris\u00e9s dans cette \u00e9cole nous a permis de corroborer les faits. Le rectorat de l\u2019acad\u00e9mie de Strasbourg n\u2019a, lui, pas r\u00e9pondu \u00e0 nos sollicitations.<\/p>\n<p class=\" wall-content\">Personnalisez votre actualit\u00e9 en ajoutant vos villes et m\u00e9dias en favori avec <a href=\"https:\/\/moncompte.actu.fr\" title=\"D\u00e9couvez Mon Actu\" rel=\"nofollow noopener\" data-trk=\"{&quot;cta&quot;:{&quot;action&quot;:&quot;https:\\\/\\\/moncompte.actu.fr&quot;,&quot;category&quot;:&quot;mon compte&quot;,&quot;from&quot;:&quot;article footer&quot;,&quot;name&quot;:&quot;Mon actu&quot;,&quot;type&quot;:&quot;cta&quot;}}\" target=\"_blank\">Mon Actu<\/a>.<\/p>\n","protected":false},"excerpt":{"rendered":"Par Thomas Blanc Publi\u00e9 le 27 nov. 2025 \u00e0 7h02 Dans une \u00e9cole maternelle du quartier Polygone, \u00e0&hellip;\n","protected":false},"author":2,"featured_media":561652,"comment_status":"","ping_status":"","sticky":false,"template":"","format":"standard","meta":{"footnotes":""},"categories":[2820],"tags":[1111,11,4019,1057,1719,1777,674,1011,27,775,12,25,104,640],"class_list":{"0":"post-561651","1":"post","2":"type-post","3":"status-publish","4":"format-standard","5":"has-post-thumbnail","7":"category-strasbourg","8":"tag-actu","9":"tag-actualites","10":"tag-ecoles","11":"tag-education","12":"tag-enfants","13":"tag-eu","14":"tag-europe","15":"tag-fr","16":"tag-france","17":"tag-grand-est","18":"tag-news","19":"tag-republique-francaise","20":"tag-societe","21":"tag-strasbourg"},"share_on_mastodon":{"url":"https:\/\/pubeurope.com\/@fr\/115620226256770224","error":""},"_links":{"self":[{"href":"https:\/\/www.europesays.com\/fr\/wp-json\/wp\/v2\/posts\/561651","targetHints":{"allow":["GET"]}}],"collection":[{"href":"https:\/\/www.europesays.com\/fr\/wp-json\/wp\/v2\/posts"}],"about":[{"href":"https:\/\/www.europesays.com\/fr\/wp-json\/wp\/v2\/types\/post"}],"author":[{"embeddable":true,"href":"https:\/\/www.europesays.com\/fr\/wp-json\/wp\/v2\/users\/2"}],"replies":[{"embeddable":true,"href":"https:\/\/www.europesays.com\/fr\/wp-json\/wp\/v2\/comments?post=561651"}],"version-history":[{"count":0,"href":"https:\/\/www.europesays.com\/fr\/wp-json\/wp\/v2\/posts\/561651\/revisions"}],"wp:featuredmedia":[{"embeddable":true,"href":"https:\/\/www.europesays.com\/fr\/wp-json\/wp\/v2\/media\/561652"}],"wp:attachment":[{"href":"https:\/\/www.europesays.com\/fr\/wp-json\/wp\/v2\/media?parent=561651"}],"wp:term":[{"taxonomy":"category","embeddable":true,"href":"https:\/\/www.europesays.com\/fr\/wp-json\/wp\/v2\/categories?post=561651"},{"taxonomy":"post_tag","embeddable":true,"href":"https:\/\/www.europesays.com\/fr\/wp-json\/wp\/v2\/tags?post=561651"}],"curies":[{"name":"wp","href":"https:\/\/api.w.org\/{rel}","templated":true}]}}