{"id":561657,"date":"2025-11-27T06:25:12","date_gmt":"2025-11-27T06:25:12","guid":{"rendered":"https:\/\/www.europesays.com\/fr\/561657\/"},"modified":"2025-11-27T06:25:12","modified_gmt":"2025-11-27T06:25:12","slug":"avec-16-matchs-consecutifs-sans-victoire-nice-pourrait-egaler-un-triste-record","status":"publish","type":"post","link":"https:\/\/www.europesays.com\/fr\/561657\/","title":{"rendered":"avec 16 matchs cons\u00e9cutifs sans victoire, Nice pourrait \u00e9galer un triste record"},"content":{"rendered":"<p>\n    Les Aiglons n\u2019ont pas plus gagn\u00e9 sur la sc\u00e8ne europ\u00e9enne depuis 16 matchs d\u2019affil\u00e9e et pourraient \u00e9galer une s\u00e9rie d\u00e9tenue par&#8230; un autre club fran\u00e7ais.<\/p>\n<p class=\"fig-paragraph\">L\u2019Europe s\u2019est transform\u00e9 en pi\u00e8ge pour Nice. Le Gym n\u2019a plus gagn\u00e9 en coupe d<a href=\"http:\/\/www.lefigaro.fr\/sports\/football\/ligue-europa\/ligue-europa-lille-crucifie-sur-la-fin-nice-continue-de-couler-20251106\" data-fig-type=\"NewsFlash\" data-gtm-custom-categorie=\"navigation\" data-gtm-custom-action=\"crossclick\" data-gtm-custom-label=\"Contextuel\" data-gtm-event=\"customEventSPE\" data-fig-domain=\"LEFIGARO\" target=\"_blank\" rel=\"noopener\">\u2019Europe depuis seize matchs cons\u00e9cutifs<\/a>. Et au fil des soir\u00e9es compliqu\u00e9es, le club s\u2019approche d\u2019un record dont il se passerait volontiers. Le dernier succ\u00e8s des Aiglons remonte au<a href=\"http:\/\/www.lefigaro.fr\/sports\/football\/ligue-europa\/ligue-europa-conference-nice-qualifie-avec-brio-pour-les-quarts-20230316\" data-fig-type=\"NewsFlash\" data-gtm-custom-categorie=\"navigation\" data-gtm-custom-action=\"crossclick\" data-gtm-custom-label=\"Contextuel\" data-gtm-event=\"customEventSPE\" data-fig-domain=\"LEFIGARO\" target=\"_blank\" rel=\"noopener\">\u00a016 mars 2023, face au Sheriff Tiraspol<\/a>\u00a0(3-1), en huiti\u00e8mes de finale de Ligue Conf\u00e9rence. Depuis, c\u2019est quasiment deux ans de disette.<\/p>\n<p class=\"fig-paragraph\">La saison derni\u00e8re, les hommes de Franck Haise se sont distingu\u00e9s&#8230; mais pas pour les bonnes raisons\u00a0: une avant-derni\u00e8re place en Ligue Europa, seulement 3 petits points pris face \u00e0 Bodo\/Glimt, Twente et la Real Sociedad. Des d\u00e9faites marquantes contre des adversaires suppos\u00e9s inf\u00e9rieurs, comme Ferencvaros (Hongrie), les Rangers ou encore Elfsborg (Su\u00e8de).<\/p>\n<p>                                    <a class=\"fig-a11y-skip a11y-hidden\" href=\"#fig-a11y-skip-main-inarticle\"><br \/>\n        Passer la publicit\u00e9<br \/>\n    <\/a><\/p>\n<p class=\"fig-paragraph\">Cette ann\u00e9e, rebelote, l\u2019OGC Nice tutoie le ridicule. Quatre matchs, z\u00e9ro points. Et des regrets.<a href=\"http:\/\/www.lefigaro.fr\/sports\/football\/ligue-europa\/ligue-europa-lille-s-effondre-a-domicile-au-terme-d-un-match-spectaculaire-nice-craque-encore-a-vigo-20251023\" data-fig-type=\"NewsFlash\" data-gtm-custom-categorie=\"navigation\" data-gtm-custom-action=\"crossclick\" data-gtm-custom-label=\"Contextuel\" data-gtm-event=\"customEventSPE\" data-fig-domain=\"LEFIGARO\" target=\"_blank\" rel=\"noopener\">\u00a0\u00c0 Vigo<\/a>, Jonathan Clauss avait plomb\u00e9 les siens avec une exclusion \u00e0 la 38e minute. Face \u00e0 Fribourg, c\u2019est Melvin Bard qui avait \u00e0 son tour fait basculer le match avec une multitude d\u2019erreurs permettant aux Allemands de passer devant alors que Nice menait au score. Le constat est alarmant.<\/p>\n<p>\u00c0 un match du record de Lille<\/p>\n<p class=\"fig-paragraph\">S\u2019il ne parvient pas \u00e0 ramener une victoire de Porto, mardi en Ligue Europe, l\u2019OGC Nice \u00e9galera le triste record fran\u00e7ais\u00a0: 17 matchs europ\u00e9ens sans victoire, d\u00e9tenu par Lille entre 2014 et 2019. \u00c0 cette \u00e9poque, les Dogues avaient encha\u00een\u00e9 une qualification pour la Ligue des champions, deux campagnes de Ligue Europa, puis une de C1, pour un total de sept nuls et dix d\u00e9faites. Ils avaient mis fin \u00e0 cette s\u00e9rie que le 22 octobre 2020, \u00e0 leur retour sur la sc\u00e8ne europ\u00e9enne, une victoire 4 \u00e0 1 face au Sparta Prague.<\/p>\n<p>Franck Haise dans la tourmente<\/p>\n<p class=\"fig-paragraph\">Comme si la spirale europ\u00e9enne ne suffisait pas, l\u2019OGC Nice\u00a0<a href=\"http:\/\/www.lefigaro.fr\/sports\/football\/ligue-1\/ligue-1-avec-un-double-de-greenwood-marseille-humilie-nice-et-prend-provisoirement-la-place-de-leader-20251121\" data-fig-type=\"NewsFlash\" data-gtm-custom-categorie=\"navigation\" data-gtm-custom-action=\"crossclick\" data-gtm-custom-label=\"Contextuel\" data-gtm-event=\"customEventSPE\" data-fig-domain=\"LEFIGARO\" target=\"_blank\" rel=\"noopener\">vient de se faire gifler par Marseille<\/a>\u00a0(4-0) le week-end dernier en Ligue 1. Une d\u00e9faite qui accentue encore un peu plus la fracture au sein du vestiaire de Franck Haise. Les critiques sur la qualit\u00e9 de l\u2019effectif ne passent plus, et<a href=\"http:\/\/www.lefigaro.fr\/sports\/football\/ligue-1\/ligue-1-le-niveau-global-est-insuffisant-mais-il-y-a-aussi-des-defaillances-individuelles-peste-haise-apres-nice-om-20251122\" data-fig-type=\"NewsFlash\" data-gtm-custom-categorie=\"navigation\" data-gtm-custom-action=\"crossclick\" data-gtm-custom-label=\"Contextuel\" data-gtm-event=\"customEventSPE\" data-fig-domain=\"LEFIGARO\" target=\"_blank\" rel=\"noopener\">\u00a0les sorties m\u00e9diatiques<\/a>\u00a0de l\u2019ancien coach lensois agacent. \u00abOn n\u2019est que l\u2019OGC Nice\u00bb, l\u00e2chait-il apr\u00e8s la d\u00e9faite \u00e0 Vigo. \u00abIl faut avoir les joueurs pour le faire\u00bb, r\u00e9pondait-il lorsqu\u2019on l\u2019interrogeait sur un possible changement tactique. Des d\u00e9clarations qui ont laiss\u00e9 des traces\u00a0: \u00abIl a perdu la moiti\u00e9 du vestiaire avec sa com\u2019\u00bb, confie un proche d\u2019un des joueurs. Difficile, aujourd\u2019hui, d\u2019imaginer comment le Seinomarin pourrait redresser la barre.<\/p>\n<p>Une derni\u00e8re chance \u00e0 Porto<\/p>\n<p class=\"fig-paragraph\">Mais Nice et son entra\u00eeneur devront pourtant mettre tout cela de c\u00f4t\u00e9 . \u00c0 Porto, ce jeudi, le Gym joue bien plus qu\u2019un simple match\u00a0: il joue son honneur et peut-\u00eatre un tournant dans son histoire r\u00e9cente. La t\u00e2che s\u2019annonce immense\u00a0: Porto, leader de son championnat et\u00a0<a href=\"https:\/\/www.lefigaro.fr\/sports\/football\/ligue-europa\/classement\" target=\"_blank\" rel=\"sponsored noopener\" data-gtm-custom-categorie=\"navigation\" data-gtm-custom-action=\"crossclick\" data-gtm-custom-label=\"Contextuel\" data-gtm-event=\"customEventSPE\">quatorzi\u00e8me de Ligue Europa<\/a>, est invaincu \u00e0 domicile \u00e0 l\u2019Est\u00e1dio do Drag\u00e3o. Une nouvelle d\u00e9faite pourrait faire basculer l\u2019OGC Nice &#8211; et Franck Haise &#8211; dans une zone dont il sera difficile de sortir.<\/p>\n","protected":false},"excerpt":{"rendered":"Les Aiglons n\u2019ont pas plus gagn\u00e9 sur la sc\u00e8ne europ\u00e9enne depuis 16 matchs d\u2019affil\u00e9e et pourraient \u00e9galer une&hellip;\n","protected":false},"author":2,"featured_media":561658,"comment_status":"","ping_status":"","sticky":false,"template":"","format":"standard","meta":{"footnotes":""},"categories":[2819],"tags":[1111,11,1777,674,1011,27,3308,5843,12,2401,2268,882,25],"class_list":{"0":"post-561657","1":"post","2":"type-post","3":"status-publish","4":"format-standard","5":"has-post-thumbnail","7":"category-nice","8":"tag-actu","9":"tag-actualites","10":"tag-eu","11":"tag-europe","12":"tag-fr","13":"tag-france","14":"tag-franck-haise","15":"tag-ligue-europa","16":"tag-news","17":"tag-nice","18":"tag-ogc-nice","19":"tag-provence-alpes-cote-dazur","20":"tag-republique-francaise"},"share_on_mastodon":{"url":"https:\/\/pubeurope.com\/@fr\/115620238080925107","error":""},"_links":{"self":[{"href":"https:\/\/www.europesays.com\/fr\/wp-json\/wp\/v2\/posts\/561657","targetHints":{"allow":["GET"]}}],"collection":[{"href":"https:\/\/www.europesays.com\/fr\/wp-json\/wp\/v2\/posts"}],"about":[{"href":"https:\/\/www.europesays.com\/fr\/wp-json\/wp\/v2\/types\/post"}],"author":[{"embeddable":true,"href":"https:\/\/www.europesays.com\/fr\/wp-json\/wp\/v2\/users\/2"}],"replies":[{"embeddable":true,"href":"https:\/\/www.europesays.com\/fr\/wp-json\/wp\/v2\/comments?post=561657"}],"version-history":[{"count":0,"href":"https:\/\/www.europesays.com\/fr\/wp-json\/wp\/v2\/posts\/561657\/revisions"}],"wp:featuredmedia":[{"embeddable":true,"href":"https:\/\/www.europesays.com\/fr\/wp-json\/wp\/v2\/media\/561658"}],"wp:attachment":[{"href":"https:\/\/www.europesays.com\/fr\/wp-json\/wp\/v2\/media?parent=561657"}],"wp:term":[{"taxonomy":"category","embeddable":true,"href":"https:\/\/www.europesays.com\/fr\/wp-json\/wp\/v2\/categories?post=561657"},{"taxonomy":"post_tag","embeddable":true,"href":"https:\/\/www.europesays.com\/fr\/wp-json\/wp\/v2\/tags?post=561657"}],"curies":[{"name":"wp","href":"https:\/\/api.w.org\/{rel}","templated":true}]}}