{"id":561659,"date":"2025-11-27T06:26:49","date_gmt":"2025-11-27T06:26:49","guid":{"rendered":"https:\/\/www.europesays.com\/fr\/561659\/"},"modified":"2025-11-27T06:26:49","modified_gmt":"2025-11-27T06:26:49","slug":"une-femme-tuee-par-arme-blanche-mardi-soir-au-sud-de-nantes-un-suspect-activement-recherche","status":"publish","type":"post","link":"https:\/\/www.europesays.com\/fr\/561659\/","title":{"rendered":"Une femme tu\u00e9e par arme blanche mardi soir au sud de Nantes\u00a0: un suspect activement recherch\u00e9"},"content":{"rendered":"<tr wp_automatic_readability=\"5.8895705521472\">\n<td valign=\"middle\" align=\"center\" class=\"col-logo\" wp_automatic_readability=\"5\">\n    <img decoding=\"async\" src=\"https:\/\/maville.com\/design\/images\/logo-of-monetise.svg?version=20130627\" alt=\"logo Ouest-France\" height=\"66\"\/><\/p>\n<p>Contenu r\u00e9serv\u00e9 aux abonn\u00e9s<\/p>\n<\/td>\n<td class=\"col-titre\">\n\t\t\tMercredi 26 novembre 2025 09:33<br \/>\n\t\t\t<a class=\"icon-bulle sizeL count\" href=\"#ancreAvis\"><br \/>\n\t&#8230;<br \/>\n<\/a><\/td>\n<\/tr>\n<p>\t\t<a class=\"mavillebox2 elmt-photo\" href=\"https:\/\/maville.com\/photosmvi\/2025\/11\/26\/P35603123D7081087G.jpg\" title=\" Les gendarmes sont d\u00e9ploy\u00e9s ce mercredi matin dans le hameau du Haut-Roquette ou le drame a eu lieu mardi soir.  \u00a9  Franck Dubray \/Ouest-France  \" rel=\"galerie_actu noopener\" target=\"_blank\"><br \/>\n\t<img decoding=\"async\" src=\"https:\/\/www.europesays.com\/fr\/wp-content\/uploads\/2025\/11\/P35603123D7081087G_crop_640-330_.jpg\" alt=\"photo  les gendarmes sont d\u00e9ploy\u00e9s ce mercredi matin dans le hameau du haut-roquette ou le drame a eu lieu mardi soir.  \u00a9  franck dubray \/ouest-france \"\/><br \/>\n\t1<br \/>\n<\/a><\/p>\n<p class=\"elmt-legende\"> Les gendarmes sont d\u00e9ploy\u00e9s ce mercredi matin dans le hameau du Haut-Roquette ou le drame a eu lieu mardi soir.  \u00a9  Franck Dubray \/Ouest-France  <\/p>\n<p>\t\tUne femme de 52\u00a0ans a \u00e9t\u00e9 tu\u00e9e par arme blanche, mardi 25\u00a0novembre en soir\u00e9e, dans un hameau de la commune de Saint-Colomban (Loire-Atlantique). Un homme est actuellement en fuite et activement recherch\u00e9 par les gendarmes. L\u2019enqu\u00eate se poursuit ce mercredi matin.<\/p>\n<p><b>Cet article est r\u00e9serv\u00e9 aux abonn\u00e9s<\/b><\/p>\n<p>Pour un acc\u00e8s imm\u00e9diat, abonnez-vous<\/p>\n<p><b>1\u00e8re semaine offerte<\/b><\/p>\n<p>\t\t Kevin GRETHEN, avec Thibaud GRASLAND. \u00a0\u00a0<br \/>\n\t\tOuest-France<\/p>\n<p>Retrouvez d&rsquo;autres actus sur les communes de :<\/p>\n<p>\t\t&#13;<\/p>\n","protected":false},"excerpt":{"rendered":"Contenu r\u00e9serv\u00e9 aux abonn\u00e9s Mercredi 26 novembre 2025 09:33 &#8230; 1 Les gendarmes sont d\u00e9ploy\u00e9s ce mercredi matin&hellip;\n","protected":false},"author":2,"featured_media":561660,"comment_status":"","ping_status":"","sticky":false,"template":"","format":"standard","meta":{"footnotes":""},"categories":[2818],"tags":[25570,1111,11,1438,10268,8386,1777,674,1294,1011,27,9778,766,12,2636,959,25,3467,7053,16022,15606],"class_list":{"0":"post-561659","1":"post","2":"type-post","3":"status-publish","4":"format-standard","5":"has-post-thumbnail","7":"category-nantes","8":"tag-activement","9":"tag-actu","10":"tag-actualites","11":"tag-angers","12":"tag-arme","13":"tag-blanche","14":"tag-eu","15":"tag-europe","16":"tag-femme","17":"tag-fr","18":"tag-france","19":"tag-mardi","20":"tag-nantes","21":"tag-news","22":"tag-pays-de-la-loire","23":"tag-recherche","24":"tag-republique-francaise","25":"tag-soir","26":"tag-sud","27":"tag-suspect","28":"tag-tuee"},"share_on_mastodon":{"url":"https:\/\/pubeurope.com\/@fr\/115620246850026249","error":""},"_links":{"self":[{"href":"https:\/\/www.europesays.com\/fr\/wp-json\/wp\/v2\/posts\/561659","targetHints":{"allow":["GET"]}}],"collection":[{"href":"https:\/\/www.europesays.com\/fr\/wp-json\/wp\/v2\/posts"}],"about":[{"href":"https:\/\/www.europesays.com\/fr\/wp-json\/wp\/v2\/types\/post"}],"author":[{"embeddable":true,"href":"https:\/\/www.europesays.com\/fr\/wp-json\/wp\/v2\/users\/2"}],"replies":[{"embeddable":true,"href":"https:\/\/www.europesays.com\/fr\/wp-json\/wp\/v2\/comments?post=561659"}],"version-history":[{"count":0,"href":"https:\/\/www.europesays.com\/fr\/wp-json\/wp\/v2\/posts\/561659\/revisions"}],"wp:featuredmedia":[{"embeddable":true,"href":"https:\/\/www.europesays.com\/fr\/wp-json\/wp\/v2\/media\/561660"}],"wp:attachment":[{"href":"https:\/\/www.europesays.com\/fr\/wp-json\/wp\/v2\/media?parent=561659"}],"wp:term":[{"taxonomy":"category","embeddable":true,"href":"https:\/\/www.europesays.com\/fr\/wp-json\/wp\/v2\/categories?post=561659"},{"taxonomy":"post_tag","embeddable":true,"href":"https:\/\/www.europesays.com\/fr\/wp-json\/wp\/v2\/tags?post=561659"}],"curies":[{"name":"wp","href":"https:\/\/api.w.org\/{rel}","templated":true}]}}