{"id":561661,"date":"2025-11-27T06:28:11","date_gmt":"2025-11-27T06:28:11","guid":{"rendered":"https:\/\/www.europesays.com\/fr\/561661\/"},"modified":"2025-11-27T06:28:11","modified_gmt":"2025-11-27T06:28:11","slug":"une-nouvelle-liaison-va-ouvrir-avec-le-canada-cet-ete","status":"publish","type":"post","link":"https:\/\/www.europesays.com\/fr\/561661\/","title":{"rendered":"une nouvelle liaison va ouvrir avec le Canada cet \u00e9t\u00e9"},"content":{"rendered":"<p>                    Par<br \/>\n        <strong><br \/>\n            <a href=\"https:\/\/actu.fr\/auteur\/laure-gentil\" title=\"Consulter tous les articles de Laure Gentil\" target=\"_blank\" rel=\"noopener\">Laure Gentil<\/a><br \/>\n                    <\/strong><\/p>\n<p>        Publi\u00e9 le<\/p>\n<p>            27 nov. 2025 \u00e0 6h46        <\/p>\n<p>Air Canada a annonc\u00e9 ce mardi 25 novembre \u00ab\u00a0une nouvelle expansion de son r\u00e9seau mondial de l\u2019\u00e9t\u00e9 2026 pour l\u2019Europe\u00a0\u00bb avec de nouvelles destinations notamment au d\u00e9part de Montr\u00e9al. L\u2019a\u00e9roport de Nantes est concern\u00e9.\u00a0<\/p>\n<p>Montr\u00e9al\u2013Nantes<\/p>\n<p class=\" wall-content\">Selon Air Canada, la nouvelle liaison d\u2019Air Canada avec Nantes sera assur\u00e9e par un \u00ab\u00a0<b>monocouloir <\/b>dot\u00e9 de la classe \u00c9conomique Privil\u00e8ge et de la classe \u00e9conomique\u00a0\u00bb.<\/p>\n<p class=\" wall-content\">Les <b>vols de\u00a0Montr\u00e9al (YUL) \u00e0 Nantes (NTE)<\/b> auront lieu les mercredis, vendredis et dimanches, du 10 juin au 11 octobre 2026.\u00a0<\/p>\n<p class=\" wall-content\">Les <b>vols de Nantes (NTE) \u00e0 Montr\u00e9al (YUL<\/b>) auront lieu les lundis, jeudis, et samedis, du 11 juin au 12 octobre 2026.<\/p>\n<p class=\" wall-content\">Personnalisez votre actualit\u00e9 en ajoutant vos villes et m\u00e9dias en favori avec <a href=\"https:\/\/moncompte.actu.fr\" title=\"D\u00e9couvez Mon Actu\" rel=\"nofollow noopener\" data-trk=\"{&quot;cta&quot;:{&quot;action&quot;:&quot;https:\\\/\\\/moncompte.actu.fr&quot;,&quot;category&quot;:&quot;mon compte&quot;,&quot;from&quot;:&quot;article footer&quot;,&quot;name&quot;:&quot;Mon actu&quot;,&quot;type&quot;:&quot;cta&quot;}}\" target=\"_blank\">Mon Actu<\/a>.<\/p>\n","protected":false},"excerpt":{"rendered":"Par Laure Gentil Publi\u00e9 le 27 nov. 2025 \u00e0 6h46 Air Canada a annonc\u00e9 ce mardi 25 novembre&hellip;\n","protected":false},"author":2,"featured_media":561662,"comment_status":"","ping_status":"","sticky":false,"template":"","format":"standard","meta":{"footnotes":""},"categories":[2818],"tags":[1111,11,754,1777,674,1011,27,766,12,2636,25,104],"class_list":{"0":"post-561661","1":"post","2":"type-post","3":"status-publish","4":"format-standard","5":"has-post-thumbnail","7":"category-nantes","8":"tag-actu","9":"tag-actualites","10":"tag-aeroport-de-nantes","11":"tag-eu","12":"tag-europe","13":"tag-fr","14":"tag-france","15":"tag-nantes","16":"tag-news","17":"tag-pays-de-la-loire","18":"tag-republique-francaise","19":"tag-societe"},"share_on_mastodon":{"url":"https:\/\/pubeurope.com\/@fr\/115620250130836684","error":""},"_links":{"self":[{"href":"https:\/\/www.europesays.com\/fr\/wp-json\/wp\/v2\/posts\/561661","targetHints":{"allow":["GET"]}}],"collection":[{"href":"https:\/\/www.europesays.com\/fr\/wp-json\/wp\/v2\/posts"}],"about":[{"href":"https:\/\/www.europesays.com\/fr\/wp-json\/wp\/v2\/types\/post"}],"author":[{"embeddable":true,"href":"https:\/\/www.europesays.com\/fr\/wp-json\/wp\/v2\/users\/2"}],"replies":[{"embeddable":true,"href":"https:\/\/www.europesays.com\/fr\/wp-json\/wp\/v2\/comments?post=561661"}],"version-history":[{"count":0,"href":"https:\/\/www.europesays.com\/fr\/wp-json\/wp\/v2\/posts\/561661\/revisions"}],"wp:featuredmedia":[{"embeddable":true,"href":"https:\/\/www.europesays.com\/fr\/wp-json\/wp\/v2\/media\/561662"}],"wp:attachment":[{"href":"https:\/\/www.europesays.com\/fr\/wp-json\/wp\/v2\/media?parent=561661"}],"wp:term":[{"taxonomy":"category","embeddable":true,"href":"https:\/\/www.europesays.com\/fr\/wp-json\/wp\/v2\/categories?post=561661"},{"taxonomy":"post_tag","embeddable":true,"href":"https:\/\/www.europesays.com\/fr\/wp-json\/wp\/v2\/tags?post=561661"}],"curies":[{"name":"wp","href":"https:\/\/api.w.org\/{rel}","templated":true}]}}