{"id":561665,"date":"2025-11-27T06:30:15","date_gmt":"2025-11-27T06:30:15","guid":{"rendered":"https:\/\/www.europesays.com\/fr\/561665\/"},"modified":"2025-11-27T06:30:15","modified_gmt":"2025-11-27T06:30:15","slug":"%f0%9f%94%b4-budget-tgv-lyon-bordeaux-incendie-a-hong-kong-lessentiel-de-lactualite-ce-jeudi-27-novembre","status":"publish","type":"post","link":"https:\/\/www.europesays.com\/fr\/561665\/","title":{"rendered":"\ud83d\udd34 Budget, TGV Lyon Bordeaux, incendie \u00e0 Hong Kong\u2026 L\u2019essentiel de l\u2019actualit\u00e9 ce jeudi 27 novembre"},"content":{"rendered":"<p>Bonjour \u00e0 tous, nous sommes le<strong> jeudi 27<\/strong><strong>\u00a0novembre<\/strong>. Dans l&rsquo;essentiel de l&rsquo;actualit\u00e9 ce matin,<strong> le S\u00e9nat va s&rsquo;attaquer aujourd&rsquo;hui \u00e0 l&rsquo;examen du budget 2026.\u00a0<\/strong>Sur le budget de la S\u00e9cu, s\u00e9nateurs et d\u00e9put\u00e9s ont <strong>\u00e9chou\u00e9 \u00e0 trouver un compromis en commission mixte paritaire.<\/strong> \u00c0 l&rsquo;international, <strong>l&rsquo;incendie est toujours en cours \u00e0 Hong Kong<\/strong>.<\/p>\n<p>\ud83d\udccd Le S\u00e9nat r\u00e9cup\u00e8re le budget de l&rsquo;\u00c9tat&#13;\n<\/p>\n<p>Le S\u00e9nat, intransigeant sur sa ligne anti-taxes pr\u00f4n\u00e9e par la droite, s&rsquo;attaque jeudi <strong>au projet de budget de l&rsquo;\u00c9tat pour 2026.<\/strong> Une \u00e9tape cruciale sur la route d&rsquo;un compromis budg\u00e9taire encore hors de vue, m\u00eame si certains envisagent toujours une \u00e9troite voie de passage. Le projet de loi de finances (PLF) pour 2026 occupera les s\u00e9nateurs jusqu&rsquo;\u00e0 un <strong>vote solennel le 15 d\u00e9cembre<\/strong>. Et contrairement aux d\u00e9put\u00e9s, qui ont massivement rejet\u00e9 la partie \u00ab recettes \u00bb du texte le week-end dernier, les \u00e9lus de la Haute assembl\u00e9e auront l&rsquo;opportunit\u00e9 de parcourir l&rsquo;ensemble du budget, recettes comme d\u00e9penses.<\/p>\n<p>\ud83d\udccd La SNCF \u00e9tudie le lancement d&rsquo;un TGV Lyon Bordeaux via l&rsquo;Ile-de-France&#13;\n<\/p>\n<p>La SNCF \u00e9tudie la possibilit\u00e9 de <strong>proposer l&rsquo;ouverture d&rsquo;une liaison TGV Ouigo Lyon-Bordeaux via l&rsquo;Ile-de-France,<\/strong> afin de \u00ab\u2009r\u00e9pondre \u00e0 une demande\u2009\u00bb, au grand d\u00e9pit des voyageurs, responsables \u00e9conomiques et \u00e9lus du Massif central \u00e9vinc\u00e9s du parcours alors qu&rsquo;ils s&rsquo;estiment d\u00e9j\u00e0 maltrait\u00e9s par l&rsquo;entreprise ferroviaire. Aucune confirmation formelle n&rsquo;a \u00e9t\u00e9 obtenue par l&rsquo;AFP aupr\u00e8s de la SNCF au sujet de ce projet, malgr\u00e9 plusieurs articles et r\u00e9actions publiques.<\/p>\n<p>\ud83d\udccd Budget de la S\u00e9cu : pas d&rsquo;accord d\u00e9put\u00e9s-s\u00e9nateurs&#13;\n<\/p>\n<p>S\u00e9nateurs et d\u00e9put\u00e9s ont promptement act\u00e9 mercredi<strong> leurs divergences sur le budget de la S\u00e9curit\u00e9 sociale<\/strong>, renvoyant \u00e0 l&rsquo;Assembl\u00e9e nationale le texte du gouvernement avant une semaine cruciale pour son avenir. Pour le gouvernement, Am\u00e9lie de Montchalin (Comptes publics) a pris \u00ab acte \u00bb de <strong>l&rsquo;\u00e9chec de cette commission mixte paritaire (CMP),<\/strong> estimant qu&rsquo;il \u00e9tait possible de \u00ab trouver des accords \u00bb dans la suite de la navette parlementaire.<\/p>\n<p>Aucune version de compromis de ce projet de loi, l&rsquo;un des deux budgets actuellement \u00e0 l&rsquo;examen au Parlement, n&rsquo;a pu \u00eatre trouv\u00e9e, face aux positions orthogonales du S\u00e9nat et de l&rsquo;Assembl\u00e9e sur la suspension de la r\u00e9forme des retraites ou le gel des minima sociaux et des pensions de retraites. Quelques heures apr\u00e8s que le S\u00e9nat a adopt\u00e9 sa propre copie, sept d\u00e9put\u00e9s et sept s\u00e9nateurs ont act\u00e9 en quarante minutes leurs d\u00e9saccords.<\/p>\n<p>\ud83d\udccd Hong Kong : l&rsquo;incendie g\u00e9ant se poursuit&#13;\n<\/p>\n<p>Un violent incendie d\u00e9vore depuis mercredi <strong>un complexe r\u00e9sidentiel \u00e0 Hong Kong, causant au moins 44 morts<\/strong> tandis que des centaines de personnes sont port\u00e9es disparues. Cet incendie est le pire qu&rsquo;ait connu la place financi\u00e8re asiatique depuis des d\u00e9cennies, avec ses immeubles qui comptent parmi les plus hauts et les plus dens\u00e9ment peupl\u00e9s au monde. <strong>L&rsquo;incendie est toujours actif <\/strong>ce matin, bien que les impressionnantes flammes de la nuit ont majoritairement laiss\u00e9 place \u00e0 des fum\u00e9es gris\u00e2tres. Le dirigeant de Hong Kong John Lee parlait t\u00f4t jeudi matin de 279 personnes manquant toujours \u00e0 l&rsquo;appel. Les secours ont cependant indiqu\u00e9 ult\u00e9rieurement avoir localis\u00e9 certains des disparus. Le gouvernement a aussi d\u00e9cid\u00e9 d&rsquo;inspecter les chantiers de r\u00e9novation.<\/p>\n<p>\ud83d\udccd \u00c9tats-Unis : la Fed voit le march\u00e9 de l&#8217;emploi se d\u00e9grader et l&rsquo;inflation persister&#13;\n<\/p>\n<p>Le <strong>march\u00e9 de l&#8217;emploi <\/strong>continue de se d\u00e9grader alors que <strong>l&rsquo;inflation <\/strong>persiste, du fait de l&rsquo;impact des droits de douane, rendant la mission de la R\u00e9serve f\u00e9d\u00e9rale (Fed) d&rsquo;autant plus compliqu\u00e9e, selon une enqu\u00eate publi\u00e9e mercredi par la banque centrale am\u00e9ricaine.<\/p>\n<p>La mission de la Fed est de s&rsquo;assurer d&rsquo;une hausse des prix limit\u00e9e autour de 2 % sur le long terme tout en maintenant les conditions s&rsquo;approchant du plein emploi aux \u00c9tats-Unis, <strong>une double mission<\/strong> qui l&rsquo;am\u00e8ne \u00e0 d\u00e9terminer les risques de part et d&rsquo;autre pour mener sa politique mon\u00e9taire.<\/p>\n<p melodystyle=\"cadreencadre\"><strong>\ud83d\udcc5 L&rsquo;agenda \u00e9co de la journ\u00e9e<br \/>07h00 | <\/strong>Allemagne &#8211; Indice GFK du moral des consommateurs allemands<br \/><strong>08h00 |<\/strong> France &#8211; 20e anniversaire du Conseil des pr\u00e9l\u00e8vements obligatoires<br \/><strong>09h00 | <\/strong>Allemagne &#8211; BCE : publication de l&rsquo;\u00e9volution des cr\u00e9dits au secteur priv\u00e9 et de la masse mon\u00e9taire M3 en zone euro<br \/><strong>11h00 | <\/strong>France &#8211; Pr\u00e9sentation par l&rsquo;OCDE de son \u00ab\u2009panorama des pensions\u2009\u00bb 2025<br \/><strong>12h30 | <\/strong>Allemagne &#8211; BCE : compte-rendu de la r\u00e9union de politique mon\u00e9taire d&rsquo;octobre<br \/><strong>Ce jeudi |<\/strong> France &#8211; Niche du groupe La France insoumise \u00e0 l&rsquo;Assembl\u00e9e nationale<br \/><strong>Ce jeudi |<\/strong> France &#8211; Manifestation de salari\u00e9s de la sid\u00e9rurgie devant l&rsquo;Assembl\u00e9e nationale \u00e0 l&rsquo;appel de la CGT<\/p>\n<p>(Veille r\u00e9alis\u00e9e avec l&rsquo;AFP et Reuters)<\/p>\n","protected":false},"excerpt":{"rendered":"Bonjour \u00e0 tous, nous sommes le jeudi 27\u00a0novembre. Dans l&rsquo;essentiel de l&rsquo;actualit\u00e9 ce matin, le S\u00e9nat va s&rsquo;attaquer&hellip;\n","protected":false},"author":2,"featured_media":561666,"comment_status":"","ping_status":"","sticky":false,"template":"","format":"standard","meta":{"footnotes":""},"categories":[2817],"tags":[17,14016,1111,11,1997,1003,33,1777,674,1011,27,67825,1310,9272,26483,15468,18158,2428,12,2219,24649,25,2214,31708],"class_list":{"0":"post-561665","1":"post","2":"type-post","3":"status-publish","4":"format-standard","5":"has-post-thumbnail","7":"category-bordeaux","8":"tag-17","9":"tag-14016","10":"tag-actu","11":"tag-actualites","12":"tag-bordeaux","13":"tag-budget","14":"tag-economie","15":"tag-eu","16":"tag-europe","17":"tag-fr","18":"tag-france","19":"tag-hong","20":"tag-incendie","21":"tag-jeudi","22":"tag-kong","23":"tag-lessentiel","24":"tag-lactualite","25":"tag-lyon","26":"tag-news","27":"tag-nouvelle-aquitaine","28":"tag-novembre","29":"tag-republique-francaise","30":"tag-tgv","31":"tag-31708"},"share_on_mastodon":{"url":"https:\/\/pubeurope.com\/@fr\/115620257660269765","error":""},"_links":{"self":[{"href":"https:\/\/www.europesays.com\/fr\/wp-json\/wp\/v2\/posts\/561665","targetHints":{"allow":["GET"]}}],"collection":[{"href":"https:\/\/www.europesays.com\/fr\/wp-json\/wp\/v2\/posts"}],"about":[{"href":"https:\/\/www.europesays.com\/fr\/wp-json\/wp\/v2\/types\/post"}],"author":[{"embeddable":true,"href":"https:\/\/www.europesays.com\/fr\/wp-json\/wp\/v2\/users\/2"}],"replies":[{"embeddable":true,"href":"https:\/\/www.europesays.com\/fr\/wp-json\/wp\/v2\/comments?post=561665"}],"version-history":[{"count":0,"href":"https:\/\/www.europesays.com\/fr\/wp-json\/wp\/v2\/posts\/561665\/revisions"}],"wp:featuredmedia":[{"embeddable":true,"href":"https:\/\/www.europesays.com\/fr\/wp-json\/wp\/v2\/media\/561666"}],"wp:attachment":[{"href":"https:\/\/www.europesays.com\/fr\/wp-json\/wp\/v2\/media?parent=561665"}],"wp:term":[{"taxonomy":"category","embeddable":true,"href":"https:\/\/www.europesays.com\/fr\/wp-json\/wp\/v2\/categories?post=561665"},{"taxonomy":"post_tag","embeddable":true,"href":"https:\/\/www.europesays.com\/fr\/wp-json\/wp\/v2\/tags?post=561665"}],"curies":[{"name":"wp","href":"https:\/\/api.w.org\/{rel}","templated":true}]}}