{"id":561675,"date":"2025-11-27T06:37:12","date_gmt":"2025-11-27T06:37:12","guid":{"rendered":"https:\/\/www.europesays.com\/fr\/561675\/"},"modified":"2025-11-27T06:37:12","modified_gmt":"2025-11-27T06:37:12","slug":"vos-conditions-de-circulation-ce-jeudi-27-novembre-dans-lagglomeration-lyonnaise","status":"publish","type":"post","link":"https:\/\/www.europesays.com\/fr\/561675\/","title":{"rendered":"vos conditions de circulation ce jeudi 27 novembre dans l&rsquo;agglom\u00e9ration lyonnaise"},"content":{"rendered":"<p>La circulation est relativement fluide dans l&rsquo;ensemble ce jeudi matin.\u00a0<\/p>\n<p>Il y a n\u00e9anmoins un peu de monde sur la <strong>M6<\/strong> \u00e0 cette heure, en direction de Marseille,\u00a0\u00e0 l&rsquo;approche du\u00a0tunnel de Fourvi\u00e8re. On compte 3 kilom\u00e8tres de bouchons \u00e0 cet endroit.\u00a0<\/p>\n<p>C&rsquo;est aussi charg\u00e9 sur le contournement est de Lyon,\u00a0<strong>A46 sud,<\/strong>\u00a0\u00e0 hauteur de Mions, en direction de Paris.\u00a0<\/p>\n<p>La circulation se densifie aussi petit \u00e0 petit du c\u00f4t\u00e9 de l&rsquo;<strong>A450<\/strong> entre Saint-Genis-Laval et Oullins-Pierre-B\u00e9nite et de l&rsquo;A7 \u00e0 hauteur de Solaize.\u00a0<\/p>\n","protected":false},"excerpt":{"rendered":"La circulation est relativement fluide dans l&rsquo;ensemble ce jeudi matin.\u00a0 Il y a n\u00e9anmoins un peu de monde&hellip;\n","protected":false},"author":2,"featured_media":561676,"comment_status":"","ping_status":"","sticky":false,"template":"","format":"standard","meta":{"footnotes":""},"categories":[1889],"tags":[1111,11,2430,3542,3152,2757,3153,3154,3155,3156,1777,674,1011,27,2428,12,25,2429,2803],"class_list":{"0":"post-561675","1":"post","2":"type-post","3":"status-publish","4":"format-standard","5":"has-post-thumbnail","7":"category-lyon","8":"tag-actu","9":"tag-actualites","10":"tag-auvergne-rhone-alpes","11":"tag-circulation","12":"tag-edition-est-lyonnais","13":"tag-edition-lyon-villeurbanne","14":"tag-edition-ouest-lyonnais","15":"tag-edition-sud-lyonnais","16":"tag-edition-tarare","17":"tag-edition-villefranche","18":"tag-eu","19":"tag-europe","20":"tag-fr","21":"tag-france","22":"tag-lyon","23":"tag-news","24":"tag-republique-francaise","25":"tag-rhone","26":"tag-transport"},"share_on_mastodon":{"url":"https:\/\/pubeurope.com\/@fr\/115620285366480987","error":""},"_links":{"self":[{"href":"https:\/\/www.europesays.com\/fr\/wp-json\/wp\/v2\/posts\/561675","targetHints":{"allow":["GET"]}}],"collection":[{"href":"https:\/\/www.europesays.com\/fr\/wp-json\/wp\/v2\/posts"}],"about":[{"href":"https:\/\/www.europesays.com\/fr\/wp-json\/wp\/v2\/types\/post"}],"author":[{"embeddable":true,"href":"https:\/\/www.europesays.com\/fr\/wp-json\/wp\/v2\/users\/2"}],"replies":[{"embeddable":true,"href":"https:\/\/www.europesays.com\/fr\/wp-json\/wp\/v2\/comments?post=561675"}],"version-history":[{"count":0,"href":"https:\/\/www.europesays.com\/fr\/wp-json\/wp\/v2\/posts\/561675\/revisions"}],"wp:featuredmedia":[{"embeddable":true,"href":"https:\/\/www.europesays.com\/fr\/wp-json\/wp\/v2\/media\/561676"}],"wp:attachment":[{"href":"https:\/\/www.europesays.com\/fr\/wp-json\/wp\/v2\/media?parent=561675"}],"wp:term":[{"taxonomy":"category","embeddable":true,"href":"https:\/\/www.europesays.com\/fr\/wp-json\/wp\/v2\/categories?post=561675"},{"taxonomy":"post_tag","embeddable":true,"href":"https:\/\/www.europesays.com\/fr\/wp-json\/wp\/v2\/tags?post=561675"}],"curies":[{"name":"wp","href":"https:\/\/api.w.org\/{rel}","templated":true}]}}