{"id":561678,"date":"2025-11-27T06:40:12","date_gmt":"2025-11-27T06:40:12","guid":{"rendered":"https:\/\/www.europesays.com\/fr\/561678\/"},"modified":"2025-11-27T06:40:12","modified_gmt":"2025-11-27T06:40:12","slug":"meteo-ile-de-france-un-week-end-gris-et-humide-en-perspective","status":"publish","type":"post","link":"https:\/\/www.europesays.com\/fr\/561678\/","title":{"rendered":"M\u00e9t\u00e9o \u00cele-de-France : un week-end gris et humide en perspective"},"content":{"rendered":"<p>L\u2019\u00cele-de-France conna\u00eetra ce week-end un temps tr\u00e8s changeant, alternant nuages, petites pluies et rares \u00e9claircies. Les temp\u00e9ratures resteront fra\u00eeches, souvent comprises entre 5 et 10\u00b0C, avec une sensation parfois plus froide sous le vent et les nuages.<\/p>\n<p>    Samedi 29 novembreMatin : grisaille g\u00e9n\u00e9ralis\u00e9e et fra\u00eecheur<\/p>\n<p>Le temps sera tr\u00e8s nuageux ce matin sur l\u2019ensemble de l\u2019<a href=\"https:\/\/www.meteocity.com\/france\/ile-de-france-r3012874\" target=\"_blank\" rel=\"noopener\">\u00cele-de-France<\/a>. Les temp\u00e9ratures s\u2019\u00e9chelonneront autour de <strong>5 \u00e0 6\u00b0C<\/strong> \u00e0 <strong>Paris<\/strong>, <strong>Boulogne-Billancourt<\/strong>, <strong>Versailles<\/strong>, <strong>\u00c9vry<\/strong>, <strong>Cergy<\/strong>, <strong>Melun<\/strong> ou encore <strong>Meaux<\/strong>.<\/p>\n<p>Les nuages bas resteront tr\u00e8s pr\u00e9sents, donnant une ambiance assez morne, typique de fin novembre.<\/p>\n<p>Apr\u00e8s-midi : quelques gouttes localement, toujours beaucoup de nuages<\/p>\n<p>L\u2019apr\u00e8s-midi restera domin\u00e9e par la grisaille, avec quelques pluies faibles possibles vers les <strong>Yvelines<\/strong> et le <strong>Val-d\u2019Oise<\/strong>. Les maximales atteindront <strong>9 \u00e0 10\u00b0C<\/strong>, notamment \u00e0 <strong>Versailles<\/strong>,<a href=\"https:\/\/www.meteocity.com\/france\/rambouillet-v2984513\" target=\"_blank\" rel=\"noopener\"> <strong>Rambouillet<\/strong><\/a>, <strong>Cr\u00e9teil<\/strong> et <strong>Melun<\/strong>.<\/p>\n<p>Vous aurez peut-\u00eatre la chance d\u2019apercevoir une timide \u00e9claircie vers l\u2019ouest de la r\u00e9gion, mais elles resteront rares.<\/p>\n<p>Soir : retour d\u2019\u00e9claircies mais averses \u00e9parses<\/p>\n<p>En soir\u00e9e, quelques \u00e9claircies percent enfin entre les nuages, surtout vers <strong>Paris<\/strong>, <a href=\"https:\/\/www.meteocity.com\/france\/nanterre-v2990970\" target=\"_blank\" rel=\"noopener\"><strong>Nanterre<\/strong><\/a>, <strong>Fontainebleau<\/strong> et <strong>Meaux<\/strong>. Les temp\u00e9ratures tourneront autour de <strong>9 \u00e0 10\u00b0C<\/strong>.<\/p>\n<p>Quelques averses isol\u00e9es resteront toutefois possibles, en particulier dans le sud et l\u2019est de l\u2019\u00cele-de-France.<\/p>\n<p>Dimanche 30 novembreMatin : temps variable et un peu humide<\/p>\n<p>Le dimanche d\u00e9butera avec un ciel changeant : alternance d\u2019\u00e9claircies et de nuages, mais aussi quelques gouttes possibles, notamment du c\u00f4t\u00e9 de <strong>Rambouillet<\/strong>, <strong>Cergy<\/strong>, <strong>Melun<\/strong> ou <strong>Fontainebleau<\/strong>.<\/p>\n<p>Les temp\u00e9ratures seront proches de <strong>5\u00b0C<\/strong> dans la majorit\u00e9 des d\u00e9partements franciliens.<\/p>\n<p>Apr\u00e8s-midi : nuages, \u00e9claircies\u2026 et quelques averses<\/p>\n<p>L\u2019apr\u00e8s-midi ne marquera pas de v\u00e9ritable am\u00e9lioration : le ciel restera partag\u00e9 entre passages nuageux et \u00e9claircies. Quelques faibles averses pourront encore se produire, surtout au sud de la r\u00e9gion, du c\u00f4t\u00e9 de l\u2019<strong>Essonne<\/strong> ou de la <strong>Seine-et-Marne<\/strong>.<\/p>\n<p>Les temp\u00e9ratures atteindront <strong>7 \u00e0 8\u00b0C<\/strong> \u00e0 <strong>Paris<\/strong>, <strong>Saint-Denis<\/strong>, <strong>Boulogne<\/strong>, <strong>Cr\u00e9teil<\/strong>, <strong>Massy<\/strong>, <strong>Meaux<\/strong> ou <strong>Melun<\/strong>.<\/p>\n<p>Soir : un temps plus sec mais froid<\/p>\n<p>En soir\u00e9e, l\u2019\u00cele-de-France retrouvera un ciel plus calme, alternant larges nuages et petites \u00e9claircies. Les temp\u00e9ratures chuteront \u00e0 <strong>5 ou 6\u00b0C<\/strong>, renfor\u00e7ant la fra\u00eecheur ambiante.<\/p>\n","protected":false},"excerpt":{"rendered":"L\u2019\u00cele-de-France conna\u00eetra ce week-end un temps tr\u00e8s changeant, alternant nuages, petites pluies et rares \u00e9claircies. Les temp\u00e9ratures resteront&hellip;\n","protected":false},"author":2,"featured_media":561679,"comment_status":"","ping_status":"","sticky":false,"template":"","format":"standard","meta":{"footnotes":""},"categories":[1592],"tags":[1111,11,1777,674,1011,27,662,12,626,25],"class_list":{"0":"post-561678","1":"post","2":"type-post","3":"status-publish","4":"format-standard","5":"has-post-thumbnail","7":"category-ile-de-france","8":"tag-actu","9":"tag-actualites","10":"tag-eu","11":"tag-europe","12":"tag-fr","13":"tag-france","14":"tag-ile-de-france","15":"tag-news","16":"tag-paris","17":"tag-republique-francaise"},"share_on_mastodon":{"url":"https:\/\/pubeurope.com\/@fr\/115620297057553424","error":""},"_links":{"self":[{"href":"https:\/\/www.europesays.com\/fr\/wp-json\/wp\/v2\/posts\/561678","targetHints":{"allow":["GET"]}}],"collection":[{"href":"https:\/\/www.europesays.com\/fr\/wp-json\/wp\/v2\/posts"}],"about":[{"href":"https:\/\/www.europesays.com\/fr\/wp-json\/wp\/v2\/types\/post"}],"author":[{"embeddable":true,"href":"https:\/\/www.europesays.com\/fr\/wp-json\/wp\/v2\/users\/2"}],"replies":[{"embeddable":true,"href":"https:\/\/www.europesays.com\/fr\/wp-json\/wp\/v2\/comments?post=561678"}],"version-history":[{"count":0,"href":"https:\/\/www.europesays.com\/fr\/wp-json\/wp\/v2\/posts\/561678\/revisions"}],"wp:featuredmedia":[{"embeddable":true,"href":"https:\/\/www.europesays.com\/fr\/wp-json\/wp\/v2\/media\/561679"}],"wp:attachment":[{"href":"https:\/\/www.europesays.com\/fr\/wp-json\/wp\/v2\/media?parent=561678"}],"wp:term":[{"taxonomy":"category","embeddable":true,"href":"https:\/\/www.europesays.com\/fr\/wp-json\/wp\/v2\/categories?post=561678"},{"taxonomy":"post_tag","embeddable":true,"href":"https:\/\/www.europesays.com\/fr\/wp-json\/wp\/v2\/tags?post=561678"}],"curies":[{"name":"wp","href":"https:\/\/api.w.org\/{rel}","templated":true}]}}