{"id":561680,"date":"2025-11-27T06:41:15","date_gmt":"2025-11-27T06:41:15","guid":{"rendered":"https:\/\/www.europesays.com\/fr\/561680\/"},"modified":"2025-11-27T06:41:15","modified_gmt":"2025-11-27T06:41:15","slug":"le-nouveau-service-national-militaire-se-fera-sur-la-base-du-volontariat-avec-un-objectif-de-100-000-reservistes-en-2030","status":"publish","type":"post","link":"https:\/\/www.europesays.com\/fr\/561680\/","title":{"rendered":"Le nouveau service national militaire se fera sur la base du volontariat, avec un objectif de 100 000 r\u00e9servistes en 2030"},"content":{"rendered":"\n<p class=\"c-chapo \">\n  En d\u00e9placement en Is\u00e8re, Emmanuel Macon va annoncer les contours de ce nouveau service militaire dont il est d\u00e9sormais questions depuis plusieurs jours.\n<\/p>\n<p>      lire plus tard<\/p>\n<p id=\"dialog__title\" class=\"dialog__title\">Pour sauvegarder cet article, connectez-vous ou cr\u00e9ez un compte franceinfo<\/p>\n<p class=\"dialog__description\">Sans paiement. Sans abonnement.<\/p>\n<p>        Fermer la fen\u00eatre d\u2019activation des notifications France Info<\/p>\n<p>      cr\u00e9er votre compte<\/p>\n<p>      se connecter<\/p>\n<p>        Fermer la fen\u00eatre de pr\u00e9sentation<\/p>\n<p>    <img loading=\"lazy\" decoding=\"async\" class=\"signature__image lazyload\" width=\"100\" height=\"100\" data- alt=\"\" src=\"https:\/\/www.europesays.com\/fr\/wp-content\/uploads\/2025\/05\/64a7df4c5fe71_placeholder-36b69ec8.png\"\/><\/p>\n<p>    Publi\u00e9 le 27\/11\/2025 06:25<\/p>\n<p>        Temps de lecture : 1min<\/p>\n<p>    <img decoding=\"async\"  alt=\"\u00a0 (SPEICH FR?D?RIC \/ MAXPPP)\" width=\"432\" height=\"243\" src=\"https:\/\/www.europesays.com\/fr\/wp-content\/uploads\/2025\/11\/phpxXceaB.jpg\" fetchpriority=\"high\"\/><\/p>\n<p>      \u00a0 (SPEICH FR?D?RIC \/ MAXPPP)<\/p>\n<p>Le nouveau service national militaire, dont <a href=\"https:\/\/www.franceinfo.fr\/economie\/emploi\/metiers\/armee-et-securite\/remuneration-effectifs-objectifs-les-contours-du-projet-de-service-national-volontaire-du-gouvernement_7636637.html\" target=\"_blank\" rel=\"noopener\" data-tooltip-url=\"https:\/\/www.franceinfo.fr\/economie\/emploi\/metiers\/armee-et-securite\/remuneration-effectifs-objectifs-les-contours-du-projet-de-service-national-volontaire-du-gouvernement_7636637.html\">les contours vont \u00eatre annonc\u00e9s<\/a> jeudi 27 novembre \u00e0 midi par Emmanuel Macron lors d\u2019un d\u00e9placement en Is\u00e8re, se fera sur la base du volontariat, avec un objectif de 100\u00a0000 r\u00e9servistes dans l&rsquo;arm\u00e9e fran\u00e7aise en 2030, a appris franceinfo aupr\u00e8s de l&rsquo;entourage du chef de l&rsquo;Etat.<\/p>\n<p>Le pr\u00e9sident de la R\u00e9publique reconna\u00eet que le Service national universel (SNU), lanc\u00e9 en 2019, ne correspond plus \u00e0 l&rsquo;\u00e9poque actuelle. \u00ab\u00a0Quand il a \u00e9t\u00e9 cr\u00e9\u00e9, il n&rsquo;y avait pas la guerre en Europe, pas la crainte de voir les Etats-Unis se d\u00e9sengager\u00a0\u00bb, admet un conseiller d&rsquo;Emmanuel Macron, sans toutefois r\u00e9habiliter le service militaire obligatoire supprim\u00e9 par Jacques Chirac.<\/p>\n<p>Selon les informations de franceinfo, le chef de l&rsquo;Etat veut un dispositif ouvert aux volontaires, orient\u00e9 sur la d\u00e9couverte des activit\u00e9s militaires et la formation \u00e0 des m\u00e9tiers au sein des arm\u00e9es, avec l&rsquo;objectif d&rsquo;avoir 100\u00a0000 r\u00e9servistes dans l&rsquo;arm\u00e9e fran\u00e7aise d&rsquo;ici 2030, contre environ 45\u00a0000 aujourd&rsquo;hui. L&rsquo;\u00c9lys\u00e9e promet un projet \u00ab\u00a0r\u00e9aliste\u00a0\u00bb, pour donner \u00e0 la jeunesse \u00ab\u00a0le choix de servir\u00a0\u00bb.<\/p>\n<p>Mardi matin, <a href=\"https:\/\/www.franceinfo.fr\/politique\/emmanuel-macron\/menace-de-la-russie-plan-de-paix-nouveau-service-national-ce-qu-il-faut-retenir-de-l-interview-d-emmanuel-macron_7638419.html\" target=\"_self\" rel=\"noopener noreferrer nofollow\" data-tooltip-url=\"https:\/\/www.franceinfo.fr\/politique\/emmanuel-macron\/menace-de-la-russie-plan-de-paix-nouveau-service-national-ce-qu-il-faut-retenir-de-l-interview-d-emmanuel-macron_7638419.html\">sur RTL<\/a>, Emmanuel Macron avait assur\u00e9 que le nouveau service national volontaire qu&rsquo;il s&rsquo;appr\u00eate \u00e0 annoncer n&rsquo;implique aucunement d'\u00a0\u00bbenvoyer nos jeunes en Ukraine\u00a0\u00bb. \u00ab\u00a0Il faut vraiment, en tout cas tout de suite, supprimer toute id\u00e9e confuse qui consisterait \u00e0 dire qu&rsquo;on va envoyer nos jeunes en Ukraine. Ce n\u2019est pas du tout le sens de cette affaire\u00a0\u00bb, a-t-il insist\u00e9.<\/p>\n","protected":false},"excerpt":{"rendered":"En d\u00e9placement en Is\u00e8re, Emmanuel Macon va annoncer les contours de ce nouveau service militaire dont il est&hellip;\n","protected":false},"author":2,"featured_media":561681,"comment_status":"","ping_status":"","sticky":false,"template":"","format":"standard","meta":{"footnotes":""},"categories":[1888],"tags":[1111,1928,11,1927,1777,674,1011,27,12,1926,626,1925,25],"class_list":{"0":"post-561680","1":"post","2":"type-post","3":"status-publish","4":"format-standard","5":"has-post-thumbnail","7":"category-paris","8":"tag-actu","9":"tag-actu-paris","10":"tag-actualites","11":"tag-actualites-paris","12":"tag-eu","13":"tag-europe","14":"tag-fr","15":"tag-france","16":"tag-news","17":"tag-news-paris","18":"tag-paris","19":"tag-paris-news","20":"tag-republique-francaise"},"share_on_mastodon":{"url":"https:\/\/pubeurope.com\/@fr\/115620301874036027","error":""},"_links":{"self":[{"href":"https:\/\/www.europesays.com\/fr\/wp-json\/wp\/v2\/posts\/561680","targetHints":{"allow":["GET"]}}],"collection":[{"href":"https:\/\/www.europesays.com\/fr\/wp-json\/wp\/v2\/posts"}],"about":[{"href":"https:\/\/www.europesays.com\/fr\/wp-json\/wp\/v2\/types\/post"}],"author":[{"embeddable":true,"href":"https:\/\/www.europesays.com\/fr\/wp-json\/wp\/v2\/users\/2"}],"replies":[{"embeddable":true,"href":"https:\/\/www.europesays.com\/fr\/wp-json\/wp\/v2\/comments?post=561680"}],"version-history":[{"count":0,"href":"https:\/\/www.europesays.com\/fr\/wp-json\/wp\/v2\/posts\/561680\/revisions"}],"wp:featuredmedia":[{"embeddable":true,"href":"https:\/\/www.europesays.com\/fr\/wp-json\/wp\/v2\/media\/561681"}],"wp:attachment":[{"href":"https:\/\/www.europesays.com\/fr\/wp-json\/wp\/v2\/media?parent=561680"}],"wp:term":[{"taxonomy":"category","embeddable":true,"href":"https:\/\/www.europesays.com\/fr\/wp-json\/wp\/v2\/categories?post=561680"},{"taxonomy":"post_tag","embeddable":true,"href":"https:\/\/www.europesays.com\/fr\/wp-json\/wp\/v2\/tags?post=561680"}],"curies":[{"name":"wp","href":"https:\/\/api.w.org\/{rel}","templated":true}]}}