{"id":561690,"date":"2025-11-27T06:46:16","date_gmt":"2025-11-27T06:46:16","guid":{"rendered":"https:\/\/www.europesays.com\/fr\/561690\/"},"modified":"2025-11-27T06:46:16","modified_gmt":"2025-11-27T06:46:16","slug":"macron-attendu-sur-un-futur-service-militaire-volontaire","status":"publish","type":"post","link":"https:\/\/www.europesays.com\/fr\/561690\/","title":{"rendered":"Macron attendu sur un futur service militaire volontaire\u2026"},"content":{"rendered":"<p>Macron attendu sur un futur service militaire volontaire<\/p>\n<p>Emmanuel Macron va d\u00e9voiler ce jeudi un nouveau service militaire volontaire cens\u00e9 r\u00e9pondre aux besoins des arm\u00e9es, au moment o\u00f9 l\u2019ex\u00e9cutif et l\u2019\u00e9tat-major mettent en garde contre les menaces russes et les risques accrus de conflit.<\/p>\n<p>Le pr\u00e9sident est attendu en fin de matin\u00e9e aupr\u00e8s de la 27e Brigade d\u2019Infanterie de Montagne (BIM) de Varces, en Is\u00e8re, o\u00f9 il doit prononcer un discours sur ce dispositif, qui signera aussi l\u2019enterrement du service national universel (SNU) qui lui \u00e9tait cher.<\/p>\n<p>Le FMI ouvre son portefeuille pour l\u2019Ukraine<\/p>\n<p>Le Fonds mon\u00e9taire international a annonc\u00e9 mercredi s\u2019\u00eatre entendu avec le gouvernement ukrainien pour un nouveau programme d\u2019aide de 8,2\u00a0milliards de dollars, sur quatre ans, afin de soutenir \u00ab\u00a0une s\u00e9rie de r\u00e9formes macro\u00e9conomiques et structurelles\u00a0\u00bb visant \u00e0 stabiliser l\u2019\u00e9conomie du pays en guerre.<\/p>\n<p>Ce nouvel accord, qui doit encore \u00eatre valid\u00e9 par le Conseil d\u2019administration du Fonds, vient prendre le relais du pr\u00e9c\u00e9dent programme d\u2019aide d\u2019un peu plus de 15\u00a0milliards de dollars accord\u00e9 en mars\u00a02023, dans le cadre d\u2019un grand plan d\u2019aide internationale de 122\u00a0milliards de dollars.<\/p>\n<p>Bienvenue dans ce nouveau Live<\/p>\n<p>Bonjour \u00e0 toutes et \u00e0 tous. Comme chaque jour, la r\u00e9daction de 20 Minutes est mobilis\u00e9e pour vous donner l\u2019ensemble des informations sur le conflit entre Kiev et Moscou. Au menu de ce jeudi\u00a0: les tractions sur le plan de paix de Donald Trump et les choix d\u2019Emmanuel Macron sur un futur service militaire volontaire.<\/p>\n","protected":false},"excerpt":{"rendered":"Macron attendu sur un futur service militaire volontaire Emmanuel Macron va d\u00e9voiler ce jeudi un nouveau service militaire&hellip;\n","protected":false},"author":2,"featured_media":561691,"comment_status":"","ping_status":"","sticky":false,"template":"","format":"standard","meta":{"footnotes":""},"categories":[1590],"tags":[47,11,75,1073,73,1777,674,131,74,12,132,220,133,135,134],"class_list":{"0":"post-561690","1":"post","2":"type-post","3":"status-publish","4":"format-standard","5":"has-post-thumbnail","7":"category-ukraine","8":"tag-actualite","9":"tag-actualites","10":"tag-donald-trump","11":"tag-emmanuel-macron","12":"tag-etats-unis","13":"tag-eu","14":"tag-europe","15":"tag-guerre-en-ukraine","16":"tag-monde","17":"tag-news","18":"tag-russie","19":"tag-ukraine","20":"tag-video","21":"tag-vladimir-poutine","22":"tag-volodymyr-zelensky"},"share_on_mastodon":{"url":"https:\/\/pubeurope.com\/@fr\/115620320598475614","error":""},"_links":{"self":[{"href":"https:\/\/www.europesays.com\/fr\/wp-json\/wp\/v2\/posts\/561690","targetHints":{"allow":["GET"]}}],"collection":[{"href":"https:\/\/www.europesays.com\/fr\/wp-json\/wp\/v2\/posts"}],"about":[{"href":"https:\/\/www.europesays.com\/fr\/wp-json\/wp\/v2\/types\/post"}],"author":[{"embeddable":true,"href":"https:\/\/www.europesays.com\/fr\/wp-json\/wp\/v2\/users\/2"}],"replies":[{"embeddable":true,"href":"https:\/\/www.europesays.com\/fr\/wp-json\/wp\/v2\/comments?post=561690"}],"version-history":[{"count":0,"href":"https:\/\/www.europesays.com\/fr\/wp-json\/wp\/v2\/posts\/561690\/revisions"}],"wp:featuredmedia":[{"embeddable":true,"href":"https:\/\/www.europesays.com\/fr\/wp-json\/wp\/v2\/media\/561691"}],"wp:attachment":[{"href":"https:\/\/www.europesays.com\/fr\/wp-json\/wp\/v2\/media?parent=561690"}],"wp:term":[{"taxonomy":"category","embeddable":true,"href":"https:\/\/www.europesays.com\/fr\/wp-json\/wp\/v2\/categories?post=561690"},{"taxonomy":"post_tag","embeddable":true,"href":"https:\/\/www.europesays.com\/fr\/wp-json\/wp\/v2\/tags?post=561690"}],"curies":[{"name":"wp","href":"https:\/\/api.w.org\/{rel}","templated":true}]}}