{"id":561692,"date":"2025-11-27T06:47:14","date_gmt":"2025-11-27T06:47:14","guid":{"rendered":"https:\/\/www.europesays.com\/fr\/561692\/"},"modified":"2025-11-27T06:47:14","modified_gmt":"2025-11-27T06:47:14","slug":"tirs-contre-deux-militaires-a-washington-le-suspect-est-un-afghan-qui-a-travaille-pour-larmee-americaine-et-la-cia-avant-detre-exfiltre-aux-usa","status":"publish","type":"post","link":"https:\/\/www.europesays.com\/fr\/561692\/","title":{"rendered":"Tirs contre deux militaires \u00e0 Washington : le suspect est un Afghan qui a travaill\u00e9 pour l&rsquo;arm\u00e9e am\u00e9ricaine et la CIA avant d&rsquo;\u00eatre exfiltr\u00e9 aux USA"},"content":{"rendered":"<p>\n                                                                Ce ressortissant afghan comptait dans les rangs de l&rsquo;arm\u00e9e afghane qui luttaient contre les Talibans aux c\u00f4t\u00e9s des forces sp\u00e9ciales am\u00e9ricaines.\u00a0\n                            <\/p>\n<p>Le ressortissant afghan soup\u00e7onn\u00e9 d&rsquo;avoir tir\u00e9 sur deux militaires de la Garde nationale \u00e0 Washington avait travaill\u00e9 avec les forces arm\u00e9es am\u00e9ricaines en Afghanistan avant d&rsquo;\u00eatre exfiltr\u00e9 vers les Etats-Unis, ont affirm\u00e9 mercredi des m\u00e9dias am\u00e9ricains.<\/p>\n<p>Selon la cha\u00eene Fox News, le suspect, \u00e2g\u00e9 de 29 ans, avait travaill\u00e9 avec l&rsquo;arm\u00e9e am\u00e9ricaine et la CIA en Afghanistan et est arriv\u00e9 aux Etats-Unis un mois apr\u00e8s le retrait pr\u00e9cipit\u00e9 des forces am\u00e9ricaines de ce pays pendant la pr\u00e9sidence du d\u00e9mocrate Joe Biden, en ao\u00fbt 2021. Il se nomme Rahmanullah Lakanwal et est par ailleurs mari\u00e9 et p\u00e8re de cinq gar\u00e7ons.\u00a0<\/p>\n<p>Fox News cite le directeur de la CIA, John Ratcliffe, selon qui le suspect avait travaill\u00e9 avec les Etats-Unis \u00e0 Kandahar, dans la sud de l&rsquo;Afghanistan, o\u00f9 se trouvait une des plus importantes bases militaires am\u00e9ricaines.<\/p>\n<p>\u00ab\u00a0Dans le sillage du retrait d\u00e9sastreux d&rsquo;Afghanistan par Joe Biden, l&rsquo;administration Biden a justifi\u00e9 d&#8217;emmener le tireur pr\u00e9sum\u00e9 aux Etats-Unis en septembre 2021 en raison de son travail pass\u00e9 avec le gouvernement am\u00e9ricain, y compris la CIA, en tant que membre d&rsquo;une force partenaire \u00e0 Kandahar\u00a0\u00bb, a d\u00e9clar\u00e9 M. Ratcliffe \u00e0 Fox News.<\/p>\n<p>Les tirs ont eu lieu mercredi apr\u00e8s-midi en plein centre de la capitale am\u00e9ricaine, investie depuis ao\u00fbt par des centaines de ces militaires de r\u00e9serve pour y mener des patrouilles \u00e0 pied, \u00e0 la demande du pr\u00e9sident am\u00e9ricain Donald Trump et contre l&rsquo;avis des autorit\u00e9s locales d\u00e9mocrates.<\/p>\n<p>Les deux militaires touch\u00e9s sont \u00ab\u00a0gri\u00e8vement bless\u00e9s\u00a0\u00bb et le tireur pr\u00e9sum\u00e9 est lui aussi \u00ab\u00a0s\u00e9v\u00e8rement bless\u00e9\u00a0\u00bb, a \u00e9crit M. Trump sur son r\u00e9seau Truth Social, qualifiant l&rsquo;auteur d'\u00a0\u00bbanimal\u00a0\u00bb qui \u00ab\u00a0paierait tr\u00e8s cher\u00a0\u00bb son acte.<\/p>\n","protected":false},"excerpt":{"rendered":"Ce ressortissant afghan comptait dans les rangs de l&rsquo;arm\u00e9e afghane qui luttaient contre les Talibans aux c\u00f4t\u00e9s des&hellip;\n","protected":false},"author":2,"featured_media":561693,"comment_status":"","ping_status":"","sticky":false,"template":"","format":"standard","meta":{"footnotes":""},"categories":[1589],"tags":[11,73,1866,12,1864,1865,1863,308],"class_list":{"0":"post-561692","1":"post","2":"type-post","3":"status-publish","4":"format-standard","5":"has-post-thumbnail","7":"category-etats-unis","8":"tag-actualites","9":"tag-etats-unis","10":"tag-etats-unis-damerique","11":"tag-news","12":"tag-united-states","13":"tag-united-states-of-america","14":"tag-us","15":"tag-usa"},"share_on_mastodon":{"url":"https:\/\/pubeurope.com\/@fr\/115620324602235798","error":""},"_links":{"self":[{"href":"https:\/\/www.europesays.com\/fr\/wp-json\/wp\/v2\/posts\/561692","targetHints":{"allow":["GET"]}}],"collection":[{"href":"https:\/\/www.europesays.com\/fr\/wp-json\/wp\/v2\/posts"}],"about":[{"href":"https:\/\/www.europesays.com\/fr\/wp-json\/wp\/v2\/types\/post"}],"author":[{"embeddable":true,"href":"https:\/\/www.europesays.com\/fr\/wp-json\/wp\/v2\/users\/2"}],"replies":[{"embeddable":true,"href":"https:\/\/www.europesays.com\/fr\/wp-json\/wp\/v2\/comments?post=561692"}],"version-history":[{"count":0,"href":"https:\/\/www.europesays.com\/fr\/wp-json\/wp\/v2\/posts\/561692\/revisions"}],"wp:featuredmedia":[{"embeddable":true,"href":"https:\/\/www.europesays.com\/fr\/wp-json\/wp\/v2\/media\/561693"}],"wp:attachment":[{"href":"https:\/\/www.europesays.com\/fr\/wp-json\/wp\/v2\/media?parent=561692"}],"wp:term":[{"taxonomy":"category","embeddable":true,"href":"https:\/\/www.europesays.com\/fr\/wp-json\/wp\/v2\/categories?post=561692"},{"taxonomy":"post_tag","embeddable":true,"href":"https:\/\/www.europesays.com\/fr\/wp-json\/wp\/v2\/tags?post=561692"}],"curies":[{"name":"wp","href":"https:\/\/api.w.org\/{rel}","templated":true}]}}