{"id":561695,"date":"2025-11-27T06:49:13","date_gmt":"2025-11-27T06:49:13","guid":{"rendered":"https:\/\/www.europesays.com\/fr\/561695\/"},"modified":"2025-11-27T06:49:13","modified_gmt":"2025-11-27T06:49:13","slug":"treves-allemagne-734-victimes-dabus-recensees-en-80-ans","status":"publish","type":"post","link":"https:\/\/www.europesays.com\/fr\/561695\/","title":{"rendered":"Tr\u00e8ves (Allemagne) : 734 victimes d&rsquo;abus recens\u00e9es en 80 ans"},"content":{"rendered":"<p>Un rapport fait par des universitaires sur les abus sexuels dans le dioc\u00e8se de Tr\u00e8ves en Allemagne a <a href=\"https:\/\/www.thetablet.co.uk\/news\/reports-find-mixed-record-on-abuse-in-german-dioceses\/\" target=\"_blank\" rel=\"noopener\">recens\u00e9<\/a> 734 victimes d\u2019abus en 80 ans, dont 21 entre 2008 et 2021, suscitant les regrets du cardinal Marx sur son inaction en mati\u00e8re d\u2019abus\u00a0 :<\/p>\n<p>\u00ab\u00a0Des universitaires de l\u2019Universit\u00e9 de Tr\u00e8ves ont recens\u00e9 734 victimes de violences sexuelles dans le dioc\u00e8se de Tr\u00e8ves et 246 auteurs de ces violences au cours des huit derni\u00e8res d\u00e9cennies.<\/p>\n<p>Le cardinal Reinhard Marx, aujourd\u2019hui archev\u00eaque de Munich et Freising, a \u00e9t\u00e9 \u00e9v\u00eaque de Tr\u00e8ves de 2002 \u00e0 2008. Le rapport indique qu\u2019il n\u2019a pas accord\u00e9 une attention suffisante \u00e0 la prise en charge des victimes.<\/p>\n<p>Dans une r\u00e9ponse \u00e9crite, Marx a d\u00e9clar\u00e9 : \u00ab J\u2019\u00e9tais tr\u00e8s heureux d\u2019\u00eatre \u00e9v\u00eaque de Tr\u00e8ves. Il me peine d\u2019autant plus de r\u00e9aliser que je n\u2019ai pas rendu justice \u00e0 tous ceux qui m\u2019ont \u00e9t\u00e9 confi\u00e9s dans cette fonction \u00e9piscopale. \u00bb<\/p>\n<p>Marx a d\u00e9clar\u00e9 qu\u2019avec le recul, il agirait diff\u00e9remment sur certains points. Au contact des victimes et des survivants, il avait pris conscience que, \u00ab durant mon mandat d\u2019\u00e9v\u00eaque de Tr\u00e8ves, je n\u2019avais pas appr\u00e9hend\u00e9 la question des violences et des abus sexuels avec toute la clart\u00e9 et l\u2019\u00e9tendue qu\u2019il aurait fallu \u00bb. Conform\u00e9ment aux directives de la Conf\u00e9rence \u00e9piscopale allemande de l\u2019\u00e9poque, les auteurs de ces actes devaient \u00eatre incit\u00e9s \u00e0 se d\u00e9noncer aux autorit\u00e9s. \u00ab Avec le recul, il est clair que ce n\u2019\u00e9tait pas la bonne approche \u00bb, a d\u00e9clar\u00e9 Marx.<\/p>\n<p>Le rapport a recens\u00e9 24 victimes entre la nomination du successeur de Marx, l\u2019actuel \u00e9v\u00eaque de Tr\u00e8ves Stefan Ackermann, et 2021\u00ab\u00a0.<\/p>\n<p>\u00a0<\/p>\n","protected":false},"excerpt":{"rendered":"Un rapport fait par des universitaires sur les abus sexuels dans le dioc\u00e8se de Tr\u00e8ves en Allemagne a&hellip;\n","protected":false},"author":2,"featured_media":561696,"comment_status":"","ping_status":"","sticky":false,"template":"","format":"standard","meta":{"footnotes":""},"categories":[1587],"tags":[11108,46509,11,672,1804,67826,1805,1803,67827,1777,674,1801,12,1802],"class_list":{"0":"post-561695","1":"post","2":"type-post","3":"status-publish","4":"format-standard","5":"has-post-thumbnail","7":"category-allemagne","8":"tag-abus-sexuels","9":"tag-abus-sexuels-du-clerge","10":"tag-actualites","11":"tag-allemagne","12":"tag-bundesrepublik-deutschland","13":"tag-cardinal-reinhard-marx","14":"tag-de","15":"tag-deutschland","16":"tag-diocese-de-treves-allemagne","17":"tag-eu","18":"tag-europe","19":"tag-germany","20":"tag-news","21":"tag-republique-federale-dallemagne"},"share_on_mastodon":{"url":"https:\/\/pubeurope.com\/@fr\/115620332435747650","error":""},"_links":{"self":[{"href":"https:\/\/www.europesays.com\/fr\/wp-json\/wp\/v2\/posts\/561695","targetHints":{"allow":["GET"]}}],"collection":[{"href":"https:\/\/www.europesays.com\/fr\/wp-json\/wp\/v2\/posts"}],"about":[{"href":"https:\/\/www.europesays.com\/fr\/wp-json\/wp\/v2\/types\/post"}],"author":[{"embeddable":true,"href":"https:\/\/www.europesays.com\/fr\/wp-json\/wp\/v2\/users\/2"}],"replies":[{"embeddable":true,"href":"https:\/\/www.europesays.com\/fr\/wp-json\/wp\/v2\/comments?post=561695"}],"version-history":[{"count":0,"href":"https:\/\/www.europesays.com\/fr\/wp-json\/wp\/v2\/posts\/561695\/revisions"}],"wp:featuredmedia":[{"embeddable":true,"href":"https:\/\/www.europesays.com\/fr\/wp-json\/wp\/v2\/media\/561696"}],"wp:attachment":[{"href":"https:\/\/www.europesays.com\/fr\/wp-json\/wp\/v2\/media?parent=561695"}],"wp:term":[{"taxonomy":"category","embeddable":true,"href":"https:\/\/www.europesays.com\/fr\/wp-json\/wp\/v2\/categories?post=561695"},{"taxonomy":"post_tag","embeddable":true,"href":"https:\/\/www.europesays.com\/fr\/wp-json\/wp\/v2\/tags?post=561695"}],"curies":[{"name":"wp","href":"https:\/\/api.w.org\/{rel}","templated":true}]}}