{"id":561699,"date":"2025-11-27T06:51:13","date_gmt":"2025-11-27T06:51:13","guid":{"rendered":"https:\/\/www.europesays.com\/fr\/561699\/"},"modified":"2025-11-27T06:51:13","modified_gmt":"2025-11-27T06:51:13","slug":"gueret-ma-soeur-a-eu-besoin-de-sang-cest-important-de-donner-encore-une-collecte-de-sang-qui-fait-salle-comble","status":"publish","type":"post","link":"https:\/\/www.europesays.com\/fr\/561699\/","title":{"rendered":"Gu\u00e9ret\u00a0: \u00ab\u00a0Ma s\u0153ur a eu besoin de sang, c&rsquo;est important de donner\u00a0\u00bb : encore une collecte de sang qui fait salle comble"},"content":{"rendered":"<p> <img decoding=\"async\" src=\"https:\/\/www.europesays.com\/fr\/wp-content\/uploads\/2025\/11\/1764226273_995_1200x680\" alt=\"illustration agrandir l'image\" style=\"--_image-preview:url('data:image\/jpeg;base64,\/9j\/2wBDACgcHiMeGSgjISMtKygwPGRBPDc3PHtYXUlkkYCZlo+AjIqgtObDoKrarYqMyP\/L2u71\/\/\/\/m8H\/\/\/\/6\/+b9\/\/j\/2wBDASstLTw1PHZBQXb4pYyl+Pj4+Pj4+Pj4+Pj4+Pj4+Pj4+Pj4+Pj4+Pj4+Pj4+Pj4+Pj4+Pj4+Pj4+Pj4+Pj4+Pj\/wAARCAAXACoDASIAAhEBAxEB\/8QAFgABAQEAAAAAAAAAAAAAAAAAAAIB\/8QAFhABAQEAAAAAAAAAAAAAAAAAAAER\/8QAFgEBAQEAAAAAAAAAAAAAAAAAAQIA\/8QAFhEBAQEAAAAAAAAAAAAAAAAAAAER\/9oADAMBAAIRAxEAPwC2U1lQpNRVVNIAbg0rjQZk1NAgkVgJqn\/\/2Q==');\" loading=\"eager\" fetchpriority=\"high\" class=\"svelte-1cksh76 rounded\" onload=\"this.__e=event\" onerror=\"this.__e=event\"\/> C&rsquo;est le 12\u00e8me don du sang pour Mathilde Bastien, \u00e9tudiante en 5\u00e8me ann\u00e9e de m\u00e9decine \u00e0 Limoges qui travaille actuellement \u00e0 l&rsquo;h\u00f4pital de Gu\u00e9ret. \u00a9 Radio France &#8211; Fany Boucaud    <\/p>\n<p class=\"g-ici-body-regular-3 info svelte-1tw4hsy\">Diffus\u00e9 le jeudi 27 novembre 2025 \u00e0 7:31 <\/p>\n<p class=\"g-ici-body-regular-3 info svelte-1tw4hsy\">Publi\u00e9 le jeudi 27 novembre 2025 \u00e0 7:31 <\/p>\n<p class=\"g-ici-body-bold-1 standFirst svelte-1gkeky6\">A Gu\u00e9ret, une collecte de sang a eu lieu ce mercredi 26 novembre. Un moment tourn\u00e9 vers les jeunes cette fois-ci, m\u00eame s&rsquo;ils n&rsquo;\u00e9taient pas nombreux \u00e0 se mobiliser. Parmi eux, Mathilde Bastien, \u00e9tudiante en m\u00e9decine \u00e0 Limoges, travaillant actuellement \u00e0 l&rsquo;h\u00f4pital de Gu\u00e9ret, a d\u00e9cid\u00e9 de donner.<\/p>\n<p>Une collecte de sang a \u00e9t\u00e9 organis\u00e9e ce mercredi 26 novembre, dans la grande salle de la mairie de Gu\u00e9ret. Au moins 90 inscrits. Un vrai boom de dons alors que la Creuse n&rsquo;a plus de maison du don dirig\u00e9e par l&rsquo;EFS, l&rsquo;Etablissement Fran\u00e7ais du Sang. Install\u00e9e \u00e0 l&rsquo;h\u00f4pital de Gu\u00e9ret, elle a \u00e9t\u00e9 d\u00e9finitivement ferm\u00e9e il y a quelques mois. Seules les collectes continuent de se faire en Creuse, comme \u00e0 la mairie de Gu\u00e9ret, depuis le mois de mai. Des collectes qui ont toujours beaucoup de succ\u00e8s selon les infirmiers qui s&rsquo;en occupent.<\/p>\n<p>Il faut 800 donneurs chaque semaine en Limousin pour soigner les malades selon les chiffres de l&rsquo;EFS. Mathilde Bastien est \u00e9tudiante en 5\u00e8me ann\u00e9e de m\u00e9decine \u00e0 Limoges et travaille actuellement \u00e0 l&rsquo;h\u00f4pital de Gu\u00e9ret. Elle a fait son 12\u00e8me don du sang ce mercredi. Pour elle, c&rsquo;est sauver la vie des gens qui ont aussi sauver la vie de sa s\u0153ur.<\/p>\n<ul class=\"SocialNetworks svelte-oam7rq\">\n<li class=\"svelte-oam7rq\"><\/li>\n<li class=\"svelte-oam7rq\"><\/li>\n<li class=\"svelte-oam7rq\"><\/li>\n<li class=\"svelte-oam7rq\"><\/li>\n<li class=\"svelte-oam7rq\"><\/li>\n<\/ul>\n","protected":false},"excerpt":{"rendered":"C&rsquo;est le 12\u00e8me don du sang pour Mathilde Bastien, \u00e9tudiante en 5\u00e8me ann\u00e9e de m\u00e9decine \u00e0 Limoges qui&hellip;\n","protected":false},"author":2,"featured_media":561700,"comment_status":"","ping_status":"","sticky":false,"template":"","format":"standard","meta":{"footnotes":""},"categories":[1586],"tags":[11,1777,674,1779,1011,27,12,25,1778,364],"class_list":{"0":"post-561699","1":"post","2":"type-post","3":"status-publish","4":"format-standard","5":"has-post-thumbnail","7":"category-europe","8":"tag-actualites","9":"tag-eu","10":"tag-europe","11":"tag-european-union","12":"tag-fr","13":"tag-france","14":"tag-news","15":"tag-republique-francaise","16":"tag-ue","17":"tag-union-europeenne"},"share_on_mastodon":{"url":"https:\/\/pubeurope.com\/@fr\/115620340948002585","error":""},"_links":{"self":[{"href":"https:\/\/www.europesays.com\/fr\/wp-json\/wp\/v2\/posts\/561699","targetHints":{"allow":["GET"]}}],"collection":[{"href":"https:\/\/www.europesays.com\/fr\/wp-json\/wp\/v2\/posts"}],"about":[{"href":"https:\/\/www.europesays.com\/fr\/wp-json\/wp\/v2\/types\/post"}],"author":[{"embeddable":true,"href":"https:\/\/www.europesays.com\/fr\/wp-json\/wp\/v2\/users\/2"}],"replies":[{"embeddable":true,"href":"https:\/\/www.europesays.com\/fr\/wp-json\/wp\/v2\/comments?post=561699"}],"version-history":[{"count":0,"href":"https:\/\/www.europesays.com\/fr\/wp-json\/wp\/v2\/posts\/561699\/revisions"}],"wp:featuredmedia":[{"embeddable":true,"href":"https:\/\/www.europesays.com\/fr\/wp-json\/wp\/v2\/media\/561700"}],"wp:attachment":[{"href":"https:\/\/www.europesays.com\/fr\/wp-json\/wp\/v2\/media?parent=561699"}],"wp:term":[{"taxonomy":"category","embeddable":true,"href":"https:\/\/www.europesays.com\/fr\/wp-json\/wp\/v2\/categories?post=561699"},{"taxonomy":"post_tag","embeddable":true,"href":"https:\/\/www.europesays.com\/fr\/wp-json\/wp\/v2\/tags?post=561699"}],"curies":[{"name":"wp","href":"https:\/\/api.w.org\/{rel}","templated":true}]}}