{"id":561703,"date":"2025-11-27T06:53:18","date_gmt":"2025-11-27T06:53:18","guid":{"rendered":"https:\/\/www.europesays.com\/fr\/561703\/"},"modified":"2025-11-27T06:53:18","modified_gmt":"2025-11-27T06:53:18","slug":"proces-de-frederic-pechier-quand-jannonce-le-deces-du-patient-il-a-un-rictus-jubilatoire-liberation","status":"publish","type":"post","link":"https:\/\/www.europesays.com\/fr\/561703\/","title":{"rendered":"Proc\u00e8s de Fr\u00e9d\u00e9ric P\u00e9chier : \u00abQuand j\u2019annonce le d\u00e9c\u00e8s du patient, il a un rictus jubilatoire\u00bb &#8211; Lib\u00e9ration"},"content":{"rendered":"<ol>\n<li><a href=\"https:\/\/news.google.com\/rss\/articles\/CBMihAJBVV95cUxPcGtISy1ySHZtS0V4cnRVckh1Q19BcnotcTlJUDFKeEU1bXRNanVkc29Zc1dPOGZwbGlqOUZfd0hKckE3a0pqbUI4TGc1X21VUkxKSUNoclpITFNyT3NZU1YzVy0yRXhHak1PeGZQRzRoS0dyQnVQTUJzSTRlVklYbi0xOF9xWUNsUDR5OVJXSTBrNkZ6cWJwenpVelNGMklGNDJSVV85SGZDUUw5LUxwWUJ0SHNpWi0tRTd2MDBLd3N5Z2ZmMHhLMnU3bjRpWTdvd0RBQTA1ZW1sUUtGZlVrWTB0QVlfNVFCRTJzRU9ZUXc4dFBaTDRHYXNpZDJ6RjdDbXB2VA?oc=5\" target=\"_blank\" rel=\"noopener\">Proc\u00e8s de Fr\u00e9d\u00e9ric P\u00e9chier : \u00abQuand j\u2019annonce le d\u00e9c\u00e8s du patient, il a un rictus jubilatoire\u00bb<\/a>&nbsp;&nbsp;Lib\u00e9ration<\/li>\n<li><a href=\"https:\/\/news.google.com\/rss\/articles\/CBMiogJBVV95cUxQc0pmR1YwRGZNeDVKaU9NSm1PRHMxRVhobFJTYlJWOWFBQzV4Vl9ibmZOQ2Qyc19YYlB6aFMzWXFWSEYtR19XaUtULW5PRUY0MWZYT0NIcU9PSzBUQzNaZnRJc253RVktSVBOektMM2xxRWd2Q09iaWJYR0ZhcERuSml3VWVEc1JiUnllbUN3N1JvRFdsdTBYU3Vsa3RWZFA5b0tsbXBKUHZxcVlGTGdndVpGWlNtVlk3d3I2YzdqSnMxZHdqV1RWYkFFM25FVTMxZUxxUzNBbVFMVVJvV3NPNEMxZUtWOUxEcDNPTjBaU3RiZm1ibnhwLW9NLVZHNU5BNHFhRHJMSzdJaDc3Y1R4cWZkLUtZUEdVTi10Q2c3d1N5QQ?oc=5\" target=\"_blank\" rel=\"noopener\">Proc\u00e8s P\u00e9chier : \u201cJe pense qu\u2019il l\u2019ach\u00e8ve, il essaie de la tuer\u00a0\u00bb, revivez la d\u00e9position \u00ab\u00a0coup de poing\u00a0\u00bb du Dr Assila<\/a>&nbsp;&nbsp;France 3 R\u00e9gions<\/li>\n<li><a href=\"https:\/\/news.google.com\/rss\/articles\/CBMigwJBVV95cUxOYVRxRUtpRnR2dVRDbXZaakN5RHNpdVViUG5RT05BUjFSbl9NTDVMdUN1dVlITU5MOUcwdndtLU5jQ3poVnEzNjNUa2QxTkwyWUJwc1BjUEpHTG1pc1R5OW50eEtXejl6QUUyNjFYZEt3TWtEQm5aRlJWcGZGSHF1QjFoYlYxalVNMU9uQ0dVSUpkZG15eDVBQ1VCNkVnWEhGaG40OVJ5UE5OaGRWM0lrMGthc0pRazZJOWw2OUp0TV82bDlMcmloM0FvUmtGZk4xLXk4Mk01NnhveVpkWS1HaUhaQ2FDc3FMd3YwZ3QyblJ3OXFIV1lSUTJ0XzUxSHlDV01v?oc=5\" target=\"_blank\" rel=\"noopener\">Proc\u00e8s P\u00e9chier : tous les regards braqu\u00e9s sur l&rsquo;anesth\u00e9siste, pour l&rsquo;ultime round sur les faits, suivez le 53e jour<\/a>&nbsp;&nbsp;L&rsquo;Est R\u00e9publicain<\/li>\n<li><a href=\"https:\/\/news.google.com\/rss\/articles\/CBMi_AFBVV95cUxOYk9VS21WWUZXaGRkbVltQW02d0J3aFlJM2Zwdm5aajJOM3VPa0pjSGpsS19LdHdsQVZBcDVDNVdLdXpKVFFKclctZmdlV1hDSHROUTFpZU1tcGF6RmxqZ014LU5VZFktRGI3NWJnd09DblFiWkZFc1N6VUZreXBld19VMFk5eWtENG5CWGJGSFV4clY1MFg3ZUVTQVFYUXpjZkwxaVl5ZjRLU0F5Wk9FU2tXV0UxcDczeHRrSnd5WmZHMG4yN052OXRQT2E0dTZ1UkUyQmUxX1c0aHkySWgyRXNkODhMajFKZ29ycnVOUDlaTXBaenlfRWI2Tk4?oc=5\" target=\"_blank\" rel=\"noopener\">Proc\u00e8s P\u00e9chier : accus\u00e9 d\u2019avoir empoisonn\u00e9 un enfant de 4 ans, l\u2019anesth\u00e9siste persiste dans sa d\u00e9n\u00e9gation<\/a>&nbsp;&nbsp;Le Monde.fr<\/li>\n<li><a href=\"https:\/\/news.google.com\/rss\/articles\/CBMizgFBVV95cUxQQUpaTjJrVERUSHFYd1E4OTY2MkdIS1p4RHJnQm16VDFrLXBVOHdFb2Y5UUNPOS12OXFKelNEbzc0ODFzd2hwNWwxRDVielplNVJDeDh5OFU1RFdnREdGd3dzdkxNaUFfOUwzNVpURnd1UHl2LVlYUGpSZHMtSElaMUxMRnljb19JSkZuQ1dfVHdmc0xXaXJsTmRKZndDLTNrMlhoUzk4MkxtckRpYWRaX2FLbmFCbFhIYVV6bnc1WGd1Yk9PZXdRLV9tdDFuUQ?oc=5\" target=\"_blank\" rel=\"noopener\">Besan\u00e7on. Proc\u00e8s P\u00e9chier : \u00ab J\u2019ai hurl\u00e9 ma douleur, de toute mon \u00e2me, de tout mon c\u0153ur \u00bb<\/a>&nbsp;&nbsp;L&rsquo;Est R\u00e9publicain<\/li>\n<\/ol>\n","protected":false},"excerpt":{"rendered":"Proc\u00e8s de Fr\u00e9d\u00e9ric P\u00e9chier : \u00abQuand j\u2019annonce le d\u00e9c\u00e8s du patient, il a un rictus jubilatoire\u00bb&nbsp;&nbsp;Lib\u00e9ration Proc\u00e8s P\u00e9chier&hellip;\n","protected":false},"author":2,"featured_media":561704,"comment_status":"","ping_status":"","sticky":false,"template":"","format":"standard","meta":{"footnotes":""},"categories":[2],"tags":[11,1011,27,51056,12,25],"class_list":{"0":"post-561703","1":"post","2":"type-post","3":"status-publish","4":"format-standard","5":"has-post-thumbnail","7":"category-actualites","8":"tag-actualites","9":"tag-fr","10":"tag-france","11":"tag-frederic-pechier","12":"tag-news","13":"tag-republique-francaise"},"share_on_mastodon":{"url":"https:\/\/pubeurope.com\/@fr\/115620348145683455","error":""},"_links":{"self":[{"href":"https:\/\/www.europesays.com\/fr\/wp-json\/wp\/v2\/posts\/561703","targetHints":{"allow":["GET"]}}],"collection":[{"href":"https:\/\/www.europesays.com\/fr\/wp-json\/wp\/v2\/posts"}],"about":[{"href":"https:\/\/www.europesays.com\/fr\/wp-json\/wp\/v2\/types\/post"}],"author":[{"embeddable":true,"href":"https:\/\/www.europesays.com\/fr\/wp-json\/wp\/v2\/users\/2"}],"replies":[{"embeddable":true,"href":"https:\/\/www.europesays.com\/fr\/wp-json\/wp\/v2\/comments?post=561703"}],"version-history":[{"count":0,"href":"https:\/\/www.europesays.com\/fr\/wp-json\/wp\/v2\/posts\/561703\/revisions"}],"wp:featuredmedia":[{"embeddable":true,"href":"https:\/\/www.europesays.com\/fr\/wp-json\/wp\/v2\/media\/561704"}],"wp:attachment":[{"href":"https:\/\/www.europesays.com\/fr\/wp-json\/wp\/v2\/media?parent=561703"}],"wp:term":[{"taxonomy":"category","embeddable":true,"href":"https:\/\/www.europesays.com\/fr\/wp-json\/wp\/v2\/categories?post=561703"},{"taxonomy":"post_tag","embeddable":true,"href":"https:\/\/www.europesays.com\/fr\/wp-json\/wp\/v2\/tags?post=561703"}],"curies":[{"name":"wp","href":"https:\/\/api.w.org\/{rel}","templated":true}]}}