{"id":561711,"date":"2025-11-27T07:02:16","date_gmt":"2025-11-27T07:02:16","guid":{"rendered":"https:\/\/www.europesays.com\/fr\/561711\/"},"modified":"2025-11-27T07:02:16","modified_gmt":"2025-11-27T07:02:16","slug":"six-equipes-candidates-au-statut-de-conti-federale-actualite","status":"publish","type":"post","link":"https:\/\/www.europesays.com\/fr\/561711\/","title":{"rendered":"Six \u00e9quipes candidates au statut de Conti F\u00e9d\u00e9rale &#8211; Actualit\u00e9"},"content":{"rendered":"<p style=\"text-align: justify;\">Six \u00e9quipes sont candidates au statut de Conti F\u00e9d\u00e9rale pour la saison 2026, a officialis\u00e9 la F\u00e9d\u00e9ration Fran\u00e7aise de Cyclisme.<\/p>\n<p>Il s\u2019agit des cinq \u00e9quipes qui avaient d\u00e9j\u00e0 le statut en 2025 \u00e0 savoir l\u2019<strong><a href=\"https:\/\/www.directvelo.com\/equipe\/8\/avc-aix-provence-dole\" target=\"_blank\" rel=\"noopener\">AVC Aix-en-Provence Dole<\/a><\/strong>, <strong><a href=\"https:\/\/www.directvelo.com\/equipe\/3\/bourg-en-bresse-ain-cyclisme\" target=\"_blank\" rel=\"noopener\">Bourg-en-Bresse Ain Cyclisme<\/a><\/strong>, le <strong><a href=\"https:\/\/www.directvelo.com\/equipe\/77\/vc-rouen-76\" target=\"_blank\" rel=\"noopener\">VC Rouen 76<\/a><\/strong>, le<strong>\u00a0<a href=\"https:\/\/www.directvelo.com\/equipe\/79\/vc-villefranche-beaujolais\" target=\"_blank\" rel=\"noopener\">VC Villefranche Beaujolais<\/a> <\/strong>et le <strong><a href=\"https:\/\/www.directvelo.com\/equipe\/82\/vendee-u\" target=\"_blank\" rel=\"noopener\">Vend\u00e9e U-Pays de la Loire<\/a><\/strong>, ainsi que le\u00a0<strong><a href=\"https:\/\/www.directvelo.com\/equipe\/49\/sco-dijon-team-materiel-velo-com\" target=\"_blank\" rel=\"noopener\">SCO Dijon-Team Materiel-Velo.com<\/a><\/strong> seul nouveau candidat.<\/p>\n<p>Pour rappel, le statut Conti F\u00e9d\u00e9rale a vu le jour l&rsquo;hiver dernier.<\/p>\n","protected":false},"excerpt":{"rendered":"Six \u00e9quipes sont candidates au statut de Conti F\u00e9d\u00e9rale pour la saison 2026, a officialis\u00e9 la F\u00e9d\u00e9ration Fran\u00e7aise&hellip;\n","protected":false},"author":2,"featured_media":561712,"comment_status":"","ping_status":"","sticky":false,"template":"","format":"standard","meta":{"footnotes":""},"categories":[1411],"tags":[834,828,836,829,837,827,83,826,824,823,1154,207,814,817,815,816,822,821,832,211,839,1011,27,820,818,819,835,831,830,833,838,60,212,208,825],"class_list":{"0":"post-561711","1":"post","2":"type-post","3":"status-publish","4":"format-standard","5":"has-post-thumbnail","7":"category-cyclisme","8":"tag-attaque","9":"tag-belgique","10":"tag-braquet","11":"tag-bretagne","12":"tag-chute","13":"tag-competition","14":"tag-coupe-de-france","15":"tag-coureur","16":"tag-course-cyclisme","17":"tag-course-cycliste","18":"tag-cycling","19":"tag-cyclisme","20":"tag-direct","21":"tag-direct-velo","22":"tag-directvelo","23":"tag-directvelo-com","24":"tag-epreuve","25":"tag-epreuve-cycliste","26":"tag-federation-francaise-de-cyclisme","27":"tag-ffc","28":"tag-flandres","29":"tag-fr","30":"tag-france","31":"tag-live","32":"tag-live-course","33":"tag-live-epreuve","34":"tag-peloton","35":"tag-radio-peloton","36":"tag-radio-tour","37":"tag-ravitaillement","38":"tag-relance","39":"tag-sports","40":"tag-uci","41":"tag-velo","42":"tag-velos"},"share_on_mastodon":{"url":"https:\/\/pubeurope.com\/@fr\/115620383569321177","error":""},"_links":{"self":[{"href":"https:\/\/www.europesays.com\/fr\/wp-json\/wp\/v2\/posts\/561711","targetHints":{"allow":["GET"]}}],"collection":[{"href":"https:\/\/www.europesays.com\/fr\/wp-json\/wp\/v2\/posts"}],"about":[{"href":"https:\/\/www.europesays.com\/fr\/wp-json\/wp\/v2\/types\/post"}],"author":[{"embeddable":true,"href":"https:\/\/www.europesays.com\/fr\/wp-json\/wp\/v2\/users\/2"}],"replies":[{"embeddable":true,"href":"https:\/\/www.europesays.com\/fr\/wp-json\/wp\/v2\/comments?post=561711"}],"version-history":[{"count":0,"href":"https:\/\/www.europesays.com\/fr\/wp-json\/wp\/v2\/posts\/561711\/revisions"}],"wp:featuredmedia":[{"embeddable":true,"href":"https:\/\/www.europesays.com\/fr\/wp-json\/wp\/v2\/media\/561712"}],"wp:attachment":[{"href":"https:\/\/www.europesays.com\/fr\/wp-json\/wp\/v2\/media?parent=561711"}],"wp:term":[{"taxonomy":"category","embeddable":true,"href":"https:\/\/www.europesays.com\/fr\/wp-json\/wp\/v2\/categories?post=561711"},{"taxonomy":"post_tag","embeddable":true,"href":"https:\/\/www.europesays.com\/fr\/wp-json\/wp\/v2\/tags?post=561711"}],"curies":[{"name":"wp","href":"https:\/\/api.w.org\/{rel}","templated":true}]}}