{"id":561715,"date":"2025-11-27T07:04:15","date_gmt":"2025-11-27T07:04:15","guid":{"rendered":"https:\/\/www.europesays.com\/fr\/561715\/"},"modified":"2025-11-27T07:04:15","modified_gmt":"2025-11-27T07:04:15","slug":"tara-reid-affirme-avoir-ete-droguee-a-son-insu-dans-un-bar-et-porte-plainte","status":"publish","type":"post","link":"https:\/\/www.europesays.com\/fr\/561715\/","title":{"rendered":"Tara Reid affirme avoir \u00e9t\u00e9 drogu\u00e9e \u00e0 son insu dans un bar et porte plainte"},"content":{"rendered":"<p>Tara Reid a connu une d\u00e9sagr\u00e9able <a href=\"https:\/\/www.20minutes.fr\/arts-stars\/people\/2355503-20181016-tara-reid-debarquee-avion\" rel=\"nofollow noopener\" target=\"_blank\" class=\"c-link c-link--is-underlined\">m\u00e9saventure<\/a> qui aurait pu avoir des cons\u00e9quences n\u00e9fastes sur sa sant\u00e9. L\u2019actrice de The Big Lebowski a \u00e9t\u00e9 prise d\u2019un malaise dans le bar d\u2019un h\u00f4tel pr\u00e8s de l\u2019a\u00e9roport de Chicago. Elle venait de consommer un verre de vin, quand, tr\u00e8s agit\u00e9e, elle a prof\u00e9r\u00e9 des propos incoh\u00e9rents et, ne tenant plus sur ses jambes, a d\u00fb \u00eatre install\u00e9e sur un fauteuil roulant, puis une civi\u00e8re par des ambulanciers, comme en t\u00e9moignent des images obtenues par <a href=\"https:\/\/www.tmz.com\/2025\/11\/24\/tara-reid-drugged\/\" rel=\"nofollow noopener\" target=\"_blank\" class=\"c-link c-link--is-underlined\">TMZ<\/a><\/p>\n<p>Emmen\u00e9e rapidement \u00e0 l\u2019h\u00f4pital, <a href=\"https:\/\/www.20minutes.fr\/arts-stars\/people\/2317275-20180803-actrice-tara-reid-affirme-american-pie-5-fera\" rel=\"nofollow noopener\" target=\"_blank\" class=\"c-link c-link--is-underlined\">Tara Reid<\/a> a souffert d\u2019un blackout. Pas assez cependant pour ne pas se souvenir de quelques bribes du d\u00e9roulement de la soir\u00e9e. Ce qui a conduit la quinquag\u00e9naire \u00e0 expliquer \u00e0 la presse qu\u2019elle avait l\u2019intention de porter plainte.<\/p>\n<p>Blackout<\/p>\n<p>Ce qu\u2019elle a fait, aupr\u00e8s du service de police en ligne de la ville de Rosemont. Le magazine <a href=\"https:\/\/people.com\/tara-reid-claims-she-was-drugged-and-blacked-out-at-chicago-hotel-police-say-theyre-committed-to-investigating-incident-11857297\" rel=\"nofollow noopener\" target=\"_blank\" class=\"c-link c-link--is-underlined\">People<\/a> s\u2019est procur\u00e9 la plainte qui r\u00e9sume les faits. Tara Reid y raconte qu\u2019elle a command\u00e9 un verre de vin blanc au bar de l\u2019h\u00f4tel, o\u00f9 se tenaient un groupe de \u00ab\u00a0YouTubeurs\u00a0\u00bb. Ensuite, \u00e9crit-elle, \u00ab\u00a0un homme s\u2019est approch\u00e9 de moi et s\u2019est pr\u00e9sent\u00e9 comme \u00e9tant Sean P, un influenceur et YouTubeur \u00e0 succ\u00e8s\u00a0\u00bb. Ils sont sortis pour fumer une cigarette et ont \u00e9chang\u00e9 leurs num\u00e9ros de t\u00e9l\u00e9phone. Quand elle est rentr\u00e9e dans le bar, \u00ab\u00a0il y avait une serviette sur mon verre\u00a0\u00bb, qu\u2019elle n\u2019avait pas plac\u00e9 l\u00e0 elle-m\u00eame.<\/p>\n<p>Ensuite, ses souvenirs sont flous, puis absents. \u00ab\u00a0La derni\u00e8re chose dont je me souvienne, c\u2019est d\u2019avoir bu ce verre et d\u2019avoir vu un couple assis \u00e0 c\u00f4t\u00e9 de nous\u00a0\u00bb, indique-t-elle. Elle s\u2019est \u00ab\u00a0r\u00e9veill\u00e9e \u00e0 l\u2019h\u00f4pital environ 8 heures ou plus tard, sans savoir, dit-elle, ni o\u00f9 j\u2019\u00e9tais ni rien de ce qui s\u2019\u00e9tait pass\u00e9. J\u2019ai compl\u00e8tement perdu connaissance et je ne me souviens de rien\u00a0\u00bb.<\/p>\n<p>Drogue du violeur<\/p>\n<p>Heureusement, la com\u00e9dienne a pu r\u00e9cup\u00e9rer assez rapidement et son agent est parvenu \u00e0 la localiser pour la ramener de l\u2019h\u00f4pital. Apr\u00e8s avoir r\u00e9cup\u00e9r\u00e9 ses affaires \u00e0 l\u2019h\u00f4tel, Tara Reid est all\u00e9e \u00e0 la s\u00e9ance de d\u00e9dicaces pour laquelle elle s\u2019\u00e9tait rendue \u00e0 Chicago. \u00c0 son retour chez elle, \u00e0 Los Angeles, Tara Reid ne doutait plus qu\u2019on ait gliss\u00e9 la \u00ab\u00a0<a href=\"https:\/\/www.20minutes.fr\/sante\/3179055-20211124-balance-bar-ghb-drogue-violeur\" rel=\"nofollow noopener\" target=\"_blank\" class=\"c-link c-link--is-underlined\">drogue du violeur\u00a0<\/a>\u00bb dans son (unique) verre de vin.<\/p>\n<p>Mais l\u2019affaire ne s\u2019est pas arr\u00eat\u00e9e l\u00e0\u00a0: Tara Reid aurait aussi \u00e9t\u00e9 victime d\u2019une tentative de chantage. Elle accuse Sean P. de lui avoir envoy\u00e9 des vid\u00e9os d\u2019elle \u00ab\u00a0par SMS le lendemain\u00a0\u00bb. Il lui aurait expliqu\u00e9 qu\u2019il \u00ab\u00a0pouvait emp\u00eacher la diffusion des vid\u00e9os\u00a0\u00bb. L\u2019actrice consid\u00e8re qu\u2019il s\u2019agit d\u2019une tentative d\u2019extorsion et ne va pas se laisser faire. \u00ab\u00a0Je suis pr\u00eate \u00e0 engager des poursuites\u00a0\u00bb, a-t-elle averti. Ce qu\u2019elle a donc commenc\u00e9 \u00e0 faire. De son c\u00f4t\u00e9, la police travaille avec l\u2019h\u00f4tel pour \u00ab\u00a0recueillir autant de vid\u00e9osurveillances que possible\u00a0\u00bb, selon une d\u00e9claration \u00e0 People.<\/p>\n","protected":false},"excerpt":{"rendered":"Tara Reid a connu une d\u00e9sagr\u00e9able m\u00e9saventure qui aurait pu avoir des cons\u00e9quences n\u00e9fastes sur sa sant\u00e9. L\u2019actrice&hellip;\n","protected":false},"author":2,"featured_media":561716,"comment_status":"","ping_status":"","sticky":false,"template":"","format":"standard","meta":{"footnotes":""},"categories":[1359],"tags":[2594,17005,58,1052,59,73,1011,27,973,133],"class_list":{"0":"post-561715","1":"post","2":"type-post","3":"status-publish","4":"format-standard","5":"has-post-thumbnail","7":"category-people","8":"tag-actrice","9":"tag-chicago","10":"tag-divertissement","11":"tag-drogue","12":"tag-entertainment","13":"tag-etats-unis","14":"tag-fr","15":"tag-france","16":"tag-people","17":"tag-video"},"share_on_mastodon":{"url":"https:\/\/pubeurope.com\/@fr\/115620391509669640","error":""},"_links":{"self":[{"href":"https:\/\/www.europesays.com\/fr\/wp-json\/wp\/v2\/posts\/561715","targetHints":{"allow":["GET"]}}],"collection":[{"href":"https:\/\/www.europesays.com\/fr\/wp-json\/wp\/v2\/posts"}],"about":[{"href":"https:\/\/www.europesays.com\/fr\/wp-json\/wp\/v2\/types\/post"}],"author":[{"embeddable":true,"href":"https:\/\/www.europesays.com\/fr\/wp-json\/wp\/v2\/users\/2"}],"replies":[{"embeddable":true,"href":"https:\/\/www.europesays.com\/fr\/wp-json\/wp\/v2\/comments?post=561715"}],"version-history":[{"count":0,"href":"https:\/\/www.europesays.com\/fr\/wp-json\/wp\/v2\/posts\/561715\/revisions"}],"wp:featuredmedia":[{"embeddable":true,"href":"https:\/\/www.europesays.com\/fr\/wp-json\/wp\/v2\/media\/561716"}],"wp:attachment":[{"href":"https:\/\/www.europesays.com\/fr\/wp-json\/wp\/v2\/media?parent=561715"}],"wp:term":[{"taxonomy":"category","embeddable":true,"href":"https:\/\/www.europesays.com\/fr\/wp-json\/wp\/v2\/categories?post=561715"},{"taxonomy":"post_tag","embeddable":true,"href":"https:\/\/www.europesays.com\/fr\/wp-json\/wp\/v2\/tags?post=561715"}],"curies":[{"name":"wp","href":"https:\/\/api.w.org\/{rel}","templated":true}]}}