{"id":561717,"date":"2025-11-27T07:05:18","date_gmt":"2025-11-27T07:05:18","guid":{"rendered":"https:\/\/www.europesays.com\/fr\/561717\/"},"modified":"2025-11-27T07:05:18","modified_gmt":"2025-11-27T07:05:18","slug":"a-douarnenez-veronique-le-brusq-transforme-les-archives-familiales-en-patrimoine-numerique","status":"publish","type":"post","link":"https:\/\/www.europesays.com\/fr\/561717\/","title":{"rendered":"\u00c0 Douarnenez, V\u00e9ronique Le Brusq transforme les archives familiales en patrimoine num\u00e9rique"},"content":{"rendered":"<p>Fille d\u2019Henri et de Ren\u00e9e Le Brusq, les fameux photographes des studios Le Brusq, install\u00e9s successivement rue Jean-Jaur\u00e8s puis rue Duguay-Trouin \u00e0 Douarnenez, V\u00e9ronique a grandi dans un univers o\u00f9 l\u2019image tenait une place centrale. Ses parents, derri\u00e8re leur objectif, ont immortalis\u00e9 la vie douarneniste pendant des d\u00e9cennies. V\u00e9ronique Le Brusq a travaill\u00e9 pendant quinze ans aux Studios Le Brusq, principalement au laboratoire, o\u00f9 elle s\u2019est sp\u00e9cialis\u00e9e dans la repique photo, un travail de pr\u00e9cision. \u00ab\u00a0C\u2019est mon p\u00e8re qui m\u2019a appris le m\u00e9tier de photographe\u00a0\u00bb, raconte-t-elle. \u00ab\u00a0J\u2019ai commenc\u00e9 comme apprentie, puis je suis devenue salari\u00e9e jusqu\u2019en 1999.\u00a0\u00bb<\/p>\n<p>Pr\u00e9voir deux \u00e0 trois semaines<\/p>\n<p>Cet h\u00e9ritage de la prise de vue, nourri souvent d\u2019\u00e9v\u00e9nements familiaux (bapt\u00eames, mariages, premiers pas\u2026), ne l\u2019a jamais quitt\u00e9e. Ce sont des images qu\u2019elle observe avec l\u2019\u0153il de la technicienne, mais aussi avec de l\u2019affection. Dix ans plus tard, V\u00e9ronique a cr\u00e9\u00e9 \u00e0 son tour sa propre activit\u00e9, m\u00ealant les images d\u2019autrefois et les technologies d\u2019aujourd\u2019hui. En 2018, V\u00e9ronique a lanc\u00e9 Clap, son activit\u00e9 de transfert vid\u00e9o. Elle convertit toutes sortes de cassettes, de la VHS \u00e0 la mini-DV, ainsi que les films Super 8 et 8 mm, en format MP4, lisible sur tous les supports actuels. Selon la quantit\u00e9 et la longueur des documents, il faut compter de dix jours \u00e0 trois semaines pour une restitution compl\u00e8te.<\/p>\n<p>En cette p\u00e9riode de fin d\u2019ann\u00e9e, ceux qui souhaitent offrir ce cadeau rempli de souvenirs doivent s\u2019y prendre un peu \u00e0 l\u2019avance\u00a0: la date limite pour confier vos films \u00e0 V\u00e9ronique est fix\u00e9e au 12 d\u00e9cembre\u00a0! Pour rencontrer V\u00e9ronique, il est conseill\u00e9 de prendre rendez-vous \u00e0 l\u2019espace Ty-Co de Tr\u00e9boul ou de la retrouver sur les march\u00e9s. Elle sera dor\u00e9navant le vendredi matin aux Halles de Douarnenez.<\/p>\n<p><b>Pratique<\/b><\/p>\n<p class=\"note\">Programme des march\u00e9s\u00a0: un mardi matin sur deux \u00e0 Guilvinec, le mercredi matin \u00e0 Quimper, le vendredi matin \u00e0 Douarnenez, autour des Halles, et le samedi matin \u00e0 Audierne. T\u00e9l. 06\u00a002\u00a039\u00a016\u00a068.<\/p>\n","protected":false},"excerpt":{"rendered":"Fille d\u2019Henri et de Ren\u00e9e Le Brusq, les fameux photographes des studios Le Brusq, install\u00e9s successivement rue Jean-Jaur\u00e8s&hellip;\n","protected":false},"author":2,"featured_media":561718,"comment_status":"","ping_status":"","sticky":false,"template":"","format":"standard","meta":{"footnotes":""},"categories":[1358],"tags":[1348,1384,1385,215,1386,58,3320,59,1011,27],"class_list":{"0":"post-561717","1":"post","2":"type-post","3":"status-publish","4":"format-standard","5":"has-post-thumbnail","7":"category-arts-et-design","8":"tag-arts","9":"tag-arts-and-design","10":"tag-arts-et-design","11":"tag-commerce","12":"tag-design","13":"tag-divertissement","14":"tag-douarnenez","15":"tag-entertainment","16":"tag-fr","17":"tag-france"},"share_on_mastodon":{"url":"https:\/\/pubeurope.com\/@fr\/115620395314018262","error":""},"_links":{"self":[{"href":"https:\/\/www.europesays.com\/fr\/wp-json\/wp\/v2\/posts\/561717","targetHints":{"allow":["GET"]}}],"collection":[{"href":"https:\/\/www.europesays.com\/fr\/wp-json\/wp\/v2\/posts"}],"about":[{"href":"https:\/\/www.europesays.com\/fr\/wp-json\/wp\/v2\/types\/post"}],"author":[{"embeddable":true,"href":"https:\/\/www.europesays.com\/fr\/wp-json\/wp\/v2\/users\/2"}],"replies":[{"embeddable":true,"href":"https:\/\/www.europesays.com\/fr\/wp-json\/wp\/v2\/comments?post=561717"}],"version-history":[{"count":0,"href":"https:\/\/www.europesays.com\/fr\/wp-json\/wp\/v2\/posts\/561717\/revisions"}],"wp:featuredmedia":[{"embeddable":true,"href":"https:\/\/www.europesays.com\/fr\/wp-json\/wp\/v2\/media\/561718"}],"wp:attachment":[{"href":"https:\/\/www.europesays.com\/fr\/wp-json\/wp\/v2\/media?parent=561717"}],"wp:term":[{"taxonomy":"category","embeddable":true,"href":"https:\/\/www.europesays.com\/fr\/wp-json\/wp\/v2\/categories?post=561717"},{"taxonomy":"post_tag","embeddable":true,"href":"https:\/\/www.europesays.com\/fr\/wp-json\/wp\/v2\/tags?post=561717"}],"curies":[{"name":"wp","href":"https:\/\/api.w.org\/{rel}","templated":true}]}}