{"id":561719,"date":"2025-11-27T07:07:19","date_gmt":"2025-11-27T07:07:19","guid":{"rendered":"https:\/\/www.europesays.com\/fr\/561719\/"},"modified":"2025-11-27T07:07:19","modified_gmt":"2025-11-27T07:07:19","slug":"avec-leur-commission-denquete-eric-ciotti-et-le-rn-veulent-ils-se-payer-laudiovisuel-public","status":"publish","type":"post","link":"https:\/\/www.europesays.com\/fr\/561719\/","title":{"rendered":"Avec leur commission d\u2019enqu\u00eate, Eric Ciotti et le RN veulent-ils se \u00ab\u00a0payer\u00a0\u00bb l\u2019audiovisuel public\u00a0?"},"content":{"rendered":"<p> \u00abVous ne comprenez pas l\u2019indignation suscit\u00e9e par une grande majorit\u00e9 des Fran\u00e7ais\u00a0?\u00a0\u00bb La <a href=\"https:\/\/www.20minutes.fr\/dossier\/commission_d_enquete\" class=\"c-link c-link--is-underlined\" target=\"_blank\" rel=\"noopener\">commission d\u2019enqu\u00eate<\/a> sur \u00ab\u00a0la neutralit\u00e9, le fonctionnement et le financement de l\u2019audiovisuel public\u00a0\u00bb a d\u00e9but\u00e9 mardi apr\u00e8s-midi \u00e0 l\u2019<a href=\"https:\/\/www.20minutes.fr\/dossier\/assemblee_nationale\" class=\"c-link c-link--is-underlined\" target=\"_blank\" rel=\"noopener\">Assembl\u00e9e nationale<\/a> avec l\u2019audition du pr\u00e9sident de <a href=\"https:\/\/www.20minutes.fr\/dossier\/csa\" class=\"c-link c-link--is-underlined\" target=\"_blank\" rel=\"noopener\">l\u2019Arcom<\/a>, Martin Ajdari. Cette <a href=\"https:\/\/www.20minutes.fr\/arts-stars\/medias\/4187718-20251125-audiovisuel-public-va-etre-auditionne-commission-chargee-enqueter-neutralite\" class=\"c-link c-link--is-underlined\" target=\"_blank\" rel=\"noopener\">commission a \u00e9t\u00e9 voulue fin septembre<\/a> par Eric Ciotti (Union des droites pour la R\u00e9publique, UDR), dans la foul\u00e9e de la pol\u00e9mique sur les journalistes<a href=\"https:\/\/www.20minutes.fr\/arts-stars\/medias\/4173719-20250917-affaire-legrand-cohen-france-tv-radio-france-denoncent-campagne-denigrement-medias-bollore\" class=\"c-link c-link--is-underlined\" target=\"_blank\" rel=\"noopener\"> Thomas Legrand et Patrick Cohen, <\/a>accus\u00e9s de connivence avec le PS. Elle intervient dans un contexte \u00e9conomique et politique d\u00e9licat pour Radio France et France T\u00e9l\u00e9visions. Certains \u00e9lus voient dans cette d\u00e9marche une volont\u00e9 \u00ab\u00a0politique\u00a0\u00bb du <a href=\"https:\/\/www.20minutes.fr\/politique\/rassemblement-national\/\" class=\"c-link c-link--is-underlined\" target=\"_blank\" rel=\"noopener\">Rassemblement national<\/a> et de ses alli\u00e9s ciottistes de fragiliser l\u2019audiovisuel public afin de mieux d\u00e9fendre sa privatisation.<\/p>\n<\/p>\n<p>\u00ab\u00a0Bastion id\u00e9ologique\u00a0\u00bb et \u00ab\u00a0cadavres\u00a0\u00bb<\/p>\n<p><a href=\"https:\/\/www.20minutes.fr\/television\/france_televisions\/\" class=\"c-link c-link--is-underlined\" target=\"_blank\" rel=\"noopener\">France T\u00e9l\u00e9visions<\/a> et <a href=\"https:\/\/www.20minutes.fr\/medias\/radio-france\/\" class=\"c-link c-link--is-underlined\" target=\"_blank\" rel=\"noopener\">Radio France<\/a> sont r\u00e9guli\u00e8rement attaqu\u00e9es pour leurs suppos\u00e9s manques de neutralit\u00e9 et d\u2019impartialit\u00e9 par le RN. \u00ab\u00a0Une grande d\u00e9mocratie comme la France n\u2019a aucune raison de d\u00e9penser <a href=\"https:\/\/www.arcom.fr\/nous-connaitre\/notre-institution\/laudiovisuel-public-en-france\" target=\"_blank\" class=\"c-link c-link--is-underlined\" rel=\"noopener\">4\u00a0milliards<\/a> par an pour un mastodonte m\u00e9diatique partisan\u00a0\u00bb, avait ainsi encore tacl\u00e9 fin septembre <a href=\"https:\/\/www.lejdd.fr\/politique\/marine-le-pen-au-jdd-dissoudre-ou-durer-macron-doit-choisir-162105\" target=\"_blank\" class=\"c-link c-link--is-underlined\" rel=\"noopener\">Marine Le\u00a0Pen au Journal du dimanche (JDD).<\/a> Le Rassemblement national pr\u00e9voit d\u2019ailleurs dans son programme la privatisation de l\u2019audiovisuel public, <a href=\"https:\/\/rassemblementnational.fr\/petition\/pour-la-privatisation-de-laudiovisuel-public\" target=\"_blank\" class=\"c-link c-link--is-underlined\" rel=\"noopener\">\u00ab\u00a0un bastion id\u00e9ologique financ\u00e9 par les imp\u00f4ts des Fran\u00e7ais\u00a0\u00bb.<\/a><\/p>\n<p>Charles Alloncle, le rapporteur UDR de la commission d\u2019enqu\u00eate, a ainsi \u00e9voqu\u00e9 mardi en conf\u00e9rence de presse des \u00ab\u00a0atteintes r\u00e9p\u00e9t\u00e9es \u00e0 la transparence et \u00e0 l\u2019honn\u00eatet\u00e9\u00a0\u00bb sur les cha\u00eenes publiques, citant notamment \u00ab\u00a0la reprise des chiffres du Hamas sans devoir de source par France Inter\u00a0\u00bb ou les \u00ab\u00a0comparaisons indignes entre <a href=\"https:\/\/www.20minutes.fr\/dossier\/adolf_hitler\" class=\"c-link c-link--is-underlined\" target=\"_blank\" rel=\"noopener\">Adolf Hitler<\/a> et Jordan Bardella sur le plateau de France 5\u00a0\u00bb. L\u2019\u00e9lu UDR de l\u2019H\u00e9rault pr\u00e9voit \u00ab\u00a0au minimum une cinquantaine d\u2019auditions\u00a0\u00bb jusqu\u2019\u00e0 d\u00e9but mars, dont celles des patronnes de France T\u00e9l\u00e9visions et Radio France, Delphine Ernotte Cunci et Sibyle Veil.<\/p>\n<p>Afin de r\u00e9gler ses comptes avec les dirigeants du service public\u00a0? L\u2019entourage d\u2019Eric Ciotti faisait monter la pression lundi <a href=\"https:\/\/www.lefigaro.fr\/medias\/on-va-sortir-tous-les-cadavres-du-placard-l-audiovisuel-public-sur-le-gril-a-l-assemblee-nationale-20251123\" target=\"_blank\" class=\"c-link c-link--is-underlined\" rel=\"noopener\">aupr\u00e8s du Figaro<\/a>\u00a0: \u00ab\u00a0Tout le monde sera mis sur le gril. [\u2026] Il y a beaucoup de scandales \u00e0 r\u00e9v\u00e9ler, beaucoup d\u2019abus \u00e0 d\u00e9noncer. C\u2019est le moment de sortir les cadavres du placard.\u00a0\u00bb<\/p>\n<p>\u00ab\u00a0Un danger d\u00e9mocratique\u00a0\u00bb<\/p>\n<p>Les d\u00e9put\u00e9s de gauche et du centre craignent une op\u00e9ration \u00ab\u00a0politique\u00a0\u00bb pour se \u00ab\u00a0farcir\u00a0\u00bb France T\u00e9l\u00e9visions et Radio France. \u00ab\u00a0Il y a une volont\u00e9 d\u2019instrumentaliser cette commission, en d\u00e9nigrant l\u2019audiovisuel public et ses acteurs, regrette Erwan Balanant, d\u00e9put\u00e9 MoDem du Finist\u00e8re. Le but est d\u2019en faire un outil politique, d\u2019attaquer notre mod\u00e8le informationnel et ses institutions de contr\u00f4le, comme l\u2019Arcom. Et au fond, d\u2019attaquer notre Etat de droit, pour avancer dans leur projet de mod\u00e8le illib\u00e9ral. Il y a l\u00e0 un danger d\u00e9mocratique\u00a0\u00bb, pr\u00e9vient l\u2019\u00e9lu centriste, qui a \u00e9chou\u00e9 \u00e0 prendre la pr\u00e9sidence de cette commission.<\/p>\n<p>\u00ab\u00a0Il est toujours bon de poser des d\u00e9bats. Est-ce que les missions sont bien men\u00e9es\u00a0? Comment peut-on pousser encore plus la distinction par rapport aux m\u00e9dias priv\u00e9s afin que l\u2019audiovisuel public soit davantage une r\u00e9f\u00e9rence\u00a0?\u00a0\u00bb, interroge aussi C\u00e9line Calvez, d\u00e9put\u00e9e Horizons des Hauts-de-Seine. \u00ab\u00a0Mais on sent que le d\u00e9clenchement de cette commission est m\u00fb par des envies de fragiliser l\u2019audiovisuel public, de faire sensation lors des auditions, avec derri\u00e8re l\u2019id\u00e9e de justifier sa privatisation\u00a0\u00bb, ajoute la vice-pr\u00e9sidence de la commission.<\/p>\n<p>Une \u00ab\u00a0premi\u00e8re audition lunaire\u00a0\u00bb<\/p>\n<p>Le pr\u00e9sident de la commission d\u2019enqu\u00eate, l\u2019\u00e9lu <a href=\"https:\/\/www.20minutes.fr\/horizons\/\" class=\"c-link c-link--is-underlined\" target=\"_blank\" rel=\"noopener\">Horizons<\/a> J\u00e9r\u00e9mie Patrier-Leitus, a insist\u00e9 mardi sur le fait qu\u2019il veillerait \u00e0 ce qu\u2019elle ne soit pas \u00ab\u00a0le lieu de la politique spectacle\u00a0\u00bb, pr\u00e9cisant que les \u00ab\u00a0d\u00e9put\u00e9s ne sont pas des juges\u00a0\u00bb. Mais lors de la premi\u00e8re audition, les \u00e9changes se sont parfois tendus entre le rapporteur Charles Alloncle et le <a href=\"https:\/\/www.20minutes.fr\/dossier\/president\" class=\"c-link c-link--is-underlined\" target=\"_blank\" rel=\"noopener\">pr\u00e9sident<\/a> de l\u2019Arcom. En d\u00e9bat notamment\u00a0: la possible diff\u00e9rence de traitement entre <a href=\"https:\/\/www.20minutes.fr\/medias\/france_inter\/\" class=\"c-link c-link--is-underlined\" target=\"_blank\" rel=\"noopener\">France Inter<\/a> et les cha\u00eenes comme CNews ou C8, dont la fr\u00e9quence n\u2019a pas \u00e9t\u00e9 renouvel\u00e9e. \u00ab\u00a0En douze ans, l\u2019Arcom a prononc\u00e9 une dizaine de sanctions p\u00e9cuniaires, notamment contre <a href=\"https:\/\/www.20minutes.fr\/television\/c8\/\" class=\"c-link c-link--is-underlined\" target=\"_blank\" rel=\"noopener\">C8<\/a> et CNews, pour un montant total de 8\u00a0millions d\u2019euros. La derni\u00e8re sanction p\u00e9cuniaire inflig\u00e9e \u00e0 un m\u00e9dia du service public remonte \u00e0 quinze ans, en\u00a02010\u00a0\u00bb, a cibl\u00e9 l\u2019\u00e9lu UDR.<\/p>\n<p>\u00ab\u00a0On n\u2019est pas dupes des arri\u00e8re-pens\u00e9es de l\u2019extr\u00eame droite qui m\u00e8ne une bataille politique, on l\u2019a vu lors de cette premi\u00e8re audition lunaire avec des proc\u00e8s d\u2019intention, des mises en cause personnelle\u00a0\u00bb, d\u00e9plore Aur\u00e9lien Saintoul, d\u00e9put\u00e9 LFI des Hauts-de-Seine. \u00ab\u00a0Il y a en r\u00e9alit\u00e9 un \u00e9change de bons proc\u00e9d\u00e9s entre Bollor\u00e9 qui a mis son empire au service de l\u2019extr\u00eame droite et ses repr\u00e9sentants qui tentent de saboter le service public, pour le privatiser\u00a0\u00bb, ajoute l\u2019\u00e9lu insoumis.<\/p>\n<p>Depuis plusieurs semaines, l\u2019audiovisuel public est en guerre ouverte avec les m\u00e9dias priv\u00e9s dans le giron du milliardaire conservateur Vincent Bollor\u00e9, CNews, Europe 1 et le <a href=\"https:\/\/www.20minutes.fr\/dossier\/jdd\" class=\"c-link c-link--is-underlined\" target=\"_blank\" rel=\"noopener\">Journal du dimanche<\/a>. Face aux attaques sur leur manque de \u00ab\u00a0partialit\u00e9\u00a0\u00bb, France T\u00e9l\u00e9visions et Radio France ont contre-attaqu\u00e9 d\u00e9but novembre en poursuivant ces m\u00e9dias en justice pour \u00ab\u00a0d\u00e9nigrement\u00a0\u00bb.<\/p>\n<p>Interrog\u00e9 sur son rapport aux cha\u00eenes publiques, Charles Alloncle s\u2019est d\u00e9fini mardi comme un \u00ab\u00a0enfant de la t\u00e9l\u00e9\u00a0\u00bb. \u00ab\u00a0J\u2019ai \u00e9t\u00e9 biberonn\u00e9 \u00e0 nombre de programmes de l\u2019audiovisuel public, qui ont suscit\u00e9 d\u2019ailleurs un \u00e9veil dans mon engagement politique\u00a0\u00bb, citant notamment \u00ab\u00a0Compl\u00e9ment d\u2019Enqu\u00eate\u00a0\u00bb. L\u2019\u00e9lu UDR aura l\u2019occasion d\u00e8s ce jeudi de regarder le dernier \u00e9pisode de cette \u00e9mission de France 2, <a href=\"https:\/\/www.20minutes.fr\/arts-stars\/television\/4188103-20251126-cnews-apprend-complement-enquete-infos-desinfo-methode-cnews\" class=\"c-link c-link--is-underlined\" target=\"_blank\" rel=\"noopener\">consacr\u00e9 \u00e0 \u00ab\u00a0La m\u00e9thode CNews\u00a0\u00bb<\/a>, premi\u00e8re cha\u00eene d\u2019informations en continu.<\/p>\n","protected":false},"excerpt":{"rendered":"\u00abVous ne comprenez pas l\u2019indignation suscit\u00e9e par une grande majorit\u00e9 des Fran\u00e7ais\u00a0?\u00a0\u00bb La commission d\u2019enqu\u00eate sur \u00ab\u00a0la neutralit\u00e9,&hellip;\n","protected":false},"author":2,"featured_media":561720,"comment_status":"","ping_status":"","sticky":false,"template":"","format":"standard","meta":{"footnotes":""},"categories":[1356],"tags":[47,46891,416,6586,9722,5137,422,58,59,6537,1011,27,2400,1077,13960,316,10316,252,1364],"class_list":{"0":"post-561719","1":"post","2":"type-post","3":"status-publish","4":"format-standard","5":"has-post-thumbnail","7":"category-television","8":"tag-actualite","9":"tag-arcom-ex-csa","10":"tag-assemblee-nationale","11":"tag-audiovisuel-public","12":"tag-cnews","13":"tag-commission-denquete","14":"tag-depute","15":"tag-divertissement","16":"tag-entertainment","17":"tag-eric-ciotti","18":"tag-fr","19":"tag-france","20":"tag-france-televisions","21":"tag-jordan-bardella","22":"tag-patrick-cohen","23":"tag-politique","24":"tag-radio-france","25":"tag-television","26":"tag-tv"},"share_on_mastodon":{"url":"https:\/\/pubeurope.com\/@fr\/115620403207448525","error":""},"_links":{"self":[{"href":"https:\/\/www.europesays.com\/fr\/wp-json\/wp\/v2\/posts\/561719","targetHints":{"allow":["GET"]}}],"collection":[{"href":"https:\/\/www.europesays.com\/fr\/wp-json\/wp\/v2\/posts"}],"about":[{"href":"https:\/\/www.europesays.com\/fr\/wp-json\/wp\/v2\/types\/post"}],"author":[{"embeddable":true,"href":"https:\/\/www.europesays.com\/fr\/wp-json\/wp\/v2\/users\/2"}],"replies":[{"embeddable":true,"href":"https:\/\/www.europesays.com\/fr\/wp-json\/wp\/v2\/comments?post=561719"}],"version-history":[{"count":0,"href":"https:\/\/www.europesays.com\/fr\/wp-json\/wp\/v2\/posts\/561719\/revisions"}],"wp:featuredmedia":[{"embeddable":true,"href":"https:\/\/www.europesays.com\/fr\/wp-json\/wp\/v2\/media\/561720"}],"wp:attachment":[{"href":"https:\/\/www.europesays.com\/fr\/wp-json\/wp\/v2\/media?parent=561719"}],"wp:term":[{"taxonomy":"category","embeddable":true,"href":"https:\/\/www.europesays.com\/fr\/wp-json\/wp\/v2\/categories?post=561719"},{"taxonomy":"post_tag","embeddable":true,"href":"https:\/\/www.europesays.com\/fr\/wp-json\/wp\/v2\/tags?post=561719"}],"curies":[{"name":"wp","href":"https:\/\/api.w.org\/{rel}","templated":true}]}}