{"id":561721,"date":"2025-11-27T07:08:18","date_gmt":"2025-11-27T07:08:18","guid":{"rendered":"https:\/\/www.europesays.com\/fr\/561721\/"},"modified":"2025-11-27T07:08:18","modified_gmt":"2025-11-27T07:08:18","slug":"avec-rockstar-la-cherbourgeoise-isimaria-sort-un-nouveau-single","status":"publish","type":"post","link":"https:\/\/www.europesays.com\/fr\/561721\/","title":{"rendered":"Avec \u00ab Rockstar \u00bb, la Cherbourgeoise Isimaria sort un nouveau single"},"content":{"rendered":"<p>                    Par<br \/>\n        <strong><br \/>\n            <a href=\"https:\/\/actu.fr\/auteur\/redaction-pressemanche\" title=\"Consulter tous les articles de R\u00e9daction La Presse de la Manche\" target=\"_blank\" rel=\"noopener\">R\u00e9daction La Presse de la Manche<\/a><br \/>\n                    <\/strong><\/p>\n<p>        Publi\u00e9 le<\/p>\n<p>            26 nov. 2025 \u00e0 15h46        <\/p>\n<p data-end=\"418\">Originaire de <a href=\"https:\/\/actu.fr\/normandie\/cherbourg-en-cotentin_50129\" target=\"_blank\" rel=\"noopener\">Cherbourg<\/a> (<a href=\"https:\/\/actu.fr\/normandie\/manche_50\" target=\"_blank\" rel=\"noopener\">Manche<\/a>), l\u2019artiste<b> Isimaria<\/b> \u00e9volue dans le milieu de la musique depuis son enfance. Actuellement install\u00e9e <b>\u00e0 Paris,<\/b> elle est n\u00e9e dans une famille de musiciens et a \u00e9tudi\u00e9 le piano classique pendant dix ans dans un conservatoire en \u00cele-de-France, avant de se tourner vers la guitare \u00e0 l\u2019\u00e2ge de 15\u00a0ans.<\/p>\n<p data-end=\"668\" class=\" wall-content\">Tr\u00e8s t\u00f4t, Isimaria cherche \u00e0 faire des rencontres musicales pour exp\u00e9rimenter et monter des groupes. Ces projets lui permettent d\u2019assurer les <b>premi\u00e8res parties<\/b> de grands groupes, chanteurs et chanteuses c\u00e9l\u00e8bres comme<b> La Femme, Rover ou Nina Hagen.<\/b><\/p>\n<p data-end=\"1259\" class=\" wall-content\">La chanteuse encha\u00eene les collaborations et finit par fonder, en 2021, <b>son propre label,<\/b> Mante Production, pour sortir son premier EP autoproduit intitul\u00e9 J\u2019peux pas dormir.<\/p>\n<p>\u00ab\u2009Rockstar\u2009\u00bb, une ode \u00e0 la libert\u00e9<\/p>\n<p data-end=\"1259\" class=\" wall-content\"><b>En 2024,<\/b> elle lance son premier album, L\u2019Amante religieuse, en partie financ\u00e9 gr\u00e2ce \u00e0 une campagne de financement participatif. \u00ab\u2009J\u2019ai essentiellement pr\u00e9produit seule ce premier album, que ce soit les m\u00e9lodies, les arrangements ou le chant\u2009\u00bb, explique Isimaria.\u00a0Ses compositions m\u00ealent des <b>influences pop \u00e0 une touche \u00e9lectro <\/b>identifiable dans les sons de synth\u00e9tiseurs, la rythmique et l\u2019esth\u00e9tique des kicks.<\/p>\n<p data-end=\"1689\" class=\" wall-content\">2025 marque <b>un retour aux sources<\/b> pour la chanteuse, comme en t\u00e9moigne la sortie de son nouveau single, sobrement intitul\u00e9 Rockstar. \u00ab\u2009J\u2019ai toujours eu une vibe rock en moi\u2009\u00bb, confie l\u2019artiste. \u00ab\u2009Avec ce nouveau single, <b>les guitares sont beaucoup plus mises en avant <\/b>pour cr\u00e9er un r\u00e9sultat plus organique.\u2009\u00bb Le titre est \u00e9nergique, caract\u00e9ristique de ce qui d\u00e9finit la pop\u2009: accessible et percutant.<\/p>\n<p data-end=\"1914\" class=\" wall-content\">Une fois encore, Isimaria d\u00e9montre qu\u2019<b>elle ne s\u2019interdit rien.<\/b> \u00ab\u2009Je montre que je ne veux pas rentrer dans des cases.\u2009\u00bb Avec Rockstar, l\u2019artiste pose une question\u2009: jusqu\u2019o\u00f9 est-on pr\u00eat \u00e0 aller pour pr\u00e9server sa libert\u00e9\u2009?<\/p>\n<p>Vid\u00e9os : en ce moment sur Actu\u00ab\u2009Me produire \u00e0 nouveau \u00e0 Cherbourg\u2009\u00bb<\/p>\n<p data-end=\"2561\" class=\" wall-content\">Le single se veut un hymne \u00e0 la libert\u00e9, une invitation \u00e0 renouer <b>avec l\u2019\u00e2me rebelle de l\u2019adolescence<\/b> et \u00e0 se battre pour garder son authenticit\u00e9. Contrairement \u00e0 ses projets pr\u00e9c\u00e9dents, le titre n\u2019est pas pr\u00e9produit, il s\u2019agit d\u2019un travail collectif en studio.<\/p>\n<p data-end=\"2561\" class=\" wall-content\">Ce nouveau single s\u2019inscrit toutefois dans un univers coh\u00e9rent avec ce qu\u2019elle a d\u00e9j\u00e0 cr\u00e9\u00e9. \u00ab\u2009Je travaille actuellement <b>sur deux autres EP qui sont d\u00e9j\u00e0 compos\u00e9s\u2009: <\/b>l\u2019un pour le printemps prochain, l\u2019autre pour l\u2019automne 2026.\u2009\u00bb<\/p>\n<p>Votre r\u00e9gion, votre actu !<\/p>\n<p>Recevez chaque jour les infos qui comptent pour vous.<\/p>\n<p>\t<a href=\"https:\/\/actu.fr\/newsletter\" class=\"ac-btn ac-btn--corner ac-btn--medium ac-btn--blue800\" target=\"_blank\" rel=\"noopener\">S&rsquo;incrire<\/a><\/p>\n<p data-end=\"2561\" class=\" wall-content\">Le clip de Rockstar devrait sortir dans quelques jours sur sa cha\u00eene YouTube, o\u00f9 l\u2019on peut \u00e9galement retrouver ses autres compositions et ses reprises.<\/p>\n<p data-end=\"2954\" class=\" wall-content\">Bien qu\u2019install\u00e9e \u00e0 Paris, Isimaria n\u2019oublie pas d\u2019o\u00f9 elle vient. Elle a d\u00e9j\u00e0 eu l\u2019occasion de jouer sur diff\u00e9rentes sc\u00e8nes cherbourgeoises, notamment pour l\u2019association Cultur\u2019Elles, qui organise le festival Femmes dans la ville. \u00ab\u2009Je n\u2019oublie pas d\u2019o\u00f9 je viens, et j\u2019esp\u00e8re m\u00eame avoir l\u2019occasion de <b>me produire \u00e0 nouveau sur les sc\u00e8nes musicales de Cherbourg.\u2009<\/b>\u00bb<\/p>\n<p class=\" wall-content\"><b>De notre correspondant Julien LUCAS<\/b><\/p>\n<p>Le single \u00ab\u2009Rockstar\u2009\u00bb est disponible sur toutes les plateformes de streaming musical.<\/p>\n<p class=\" wall-content\">Personnalisez votre actualit\u00e9 en ajoutant vos villes et m\u00e9dias en favori avec <a href=\"https:\/\/moncompte.actu.fr\" title=\"D\u00e9couvez Mon Actu\" rel=\"nofollow noopener\" data-trk=\"{&quot;cta&quot;:{&quot;action&quot;:&quot;https:\\\/\\\/moncompte.actu.fr&quot;,&quot;category&quot;:&quot;mon compte&quot;,&quot;from&quot;:&quot;article footer&quot;,&quot;name&quot;:&quot;Mon actu&quot;,&quot;type&quot;:&quot;cta&quot;}}\" target=\"_blank\">Mon Actu<\/a>.<\/p>\n","protected":false},"excerpt":{"rendered":"Par R\u00e9daction La Presse de la Manche Publi\u00e9 le 26 nov. 2025 \u00e0 15h46 Originaire de Cherbourg (Manche),&hellip;\n","protected":false},"author":2,"featured_media":561722,"comment_status":"","ping_status":"","sticky":false,"template":"","format":"standard","meta":{"footnotes":""},"categories":[1355],"tags":[3168,58,59,1011,27,1652,1361,873],"class_list":{"0":"post-561721","1":"post","2":"type-post","3":"status-publish","4":"format-standard","5":"has-post-thumbnail","7":"category-musique","8":"tag-cotentin","9":"tag-divertissement","10":"tag-entertainment","11":"tag-fr","12":"tag-france","13":"tag-loisirs-culture","14":"tag-music","15":"tag-musique"},"share_on_mastodon":{"url":"https:\/\/pubeurope.com\/@fr\/115620407322109142","error":""},"_links":{"self":[{"href":"https:\/\/www.europesays.com\/fr\/wp-json\/wp\/v2\/posts\/561721","targetHints":{"allow":["GET"]}}],"collection":[{"href":"https:\/\/www.europesays.com\/fr\/wp-json\/wp\/v2\/posts"}],"about":[{"href":"https:\/\/www.europesays.com\/fr\/wp-json\/wp\/v2\/types\/post"}],"author":[{"embeddable":true,"href":"https:\/\/www.europesays.com\/fr\/wp-json\/wp\/v2\/users\/2"}],"replies":[{"embeddable":true,"href":"https:\/\/www.europesays.com\/fr\/wp-json\/wp\/v2\/comments?post=561721"}],"version-history":[{"count":0,"href":"https:\/\/www.europesays.com\/fr\/wp-json\/wp\/v2\/posts\/561721\/revisions"}],"wp:featuredmedia":[{"embeddable":true,"href":"https:\/\/www.europesays.com\/fr\/wp-json\/wp\/v2\/media\/561722"}],"wp:attachment":[{"href":"https:\/\/www.europesays.com\/fr\/wp-json\/wp\/v2\/media?parent=561721"}],"wp:term":[{"taxonomy":"category","embeddable":true,"href":"https:\/\/www.europesays.com\/fr\/wp-json\/wp\/v2\/categories?post=561721"},{"taxonomy":"post_tag","embeddable":true,"href":"https:\/\/www.europesays.com\/fr\/wp-json\/wp\/v2\/tags?post=561721"}],"curies":[{"name":"wp","href":"https:\/\/api.w.org\/{rel}","templated":true}]}}