{"id":561723,"date":"2025-11-27T07:09:40","date_gmt":"2025-11-27T07:09:40","guid":{"rendered":"https:\/\/www.europesays.com\/fr\/561723\/"},"modified":"2025-11-27T07:09:40","modified_gmt":"2025-11-27T07:09:40","slug":"tas-une-tres-mauvaise-memoire-si-tu-ne-reconnais-pas-ces-5-films-des-annees-80-en-une-replique","status":"publish","type":"post","link":"https:\/\/www.europesays.com\/fr\/561723\/","title":{"rendered":"t\u2019as une (tr\u00e8s) mauvaise m\u00e9moire si tu ne reconnais pas ces 5 films des ann\u00e9es 80 en une r\u00e9plique"},"content":{"rendered":"<p><p><a href=\"https:\/\/www.serieously.com\" target=\"_blank\" rel=\"noopener\">Accueil<\/a> &gt; <a href=\"https:\/\/www.serieously.com\/quiz\/\" target=\"_blank\" rel=\"noopener\">Quiz<\/a> &gt; Quiz : t\u2019as une (tr\u00e8s) mauvaise m\u00e9moire si tu ne reconnais pas ces 5 films des ann\u00e9es 80 en une r\u00e9plique<\/p>\n<\/p>\n<p class=\"o-article__published-by o-article__bullets\">\n            Publi\u00e9 le<br \/>\n                        26 novembre 2025 \u00e0 16 h 00<\/p>\n<p>             Par<br \/>\n                <a href=\"https:\/\/www.serieously.com\/author\/drifa\/\" target=\"_blank\" rel=\"noopener\">Drifa<br \/>\n                    Maza<\/a><\/p>\n<p><strong>Les ann\u00e9es 80 te manquent ? Ce quiz devrait te plaire ! Montre-nous que tu connais tout de cette p\u00e9riode et que tu as une excellente culture en termes de cin\u00e9ma de cette d\u00e9cennie en reconnaissant les 5 films suivants \u00e0 l\u2019aide de seulement une r\u00e9plique. Go ! <\/strong><\/p>\n<p>De Retour Vers le Futur aux Sous-Dou\u00e9s, reconnais les 5 films culte des <a href=\"https:\/\/www.serieously.com\/tag\/annees-80\/\" target=\"_blank\" rel=\"noreferrer noopener\">ann\u00e9es 80<\/a> de ce quiz gr\u00e2ce \u00e0 leurs r\u00e9pliques embl\u00e9matiques, et prouve ainsi que t\u2019as une m\u00e9moire d\u2019\u00e9l\u00e9phant.<\/p>\n<p>Dans quel film des ann\u00e9es 80 trouve-t-on cette r\u00e9plique ? <\/p>\n<p>\t\t\t\t\t<img decoding=\"async\" src=\"https:\/\/www.europesays.com\/fr\/wp-content\/uploads\/2025\/11\/replique-le-pere-noel-est-une-ordure.jpg\" alt=\"\u00a9 Pixabay \u00a9 Canva\" width=\"400\" height=\"225\" loading=\"lazy\" style=\"aspect-ratio: 16\/9; object-fit: cover;\"\/><\/p>\n<p>\u00a9 Pixabay \u00a9 Canva<\/p>\n<p>Cette r\u00e9plique est dite par F\u00e9lix dans Le P\u00e8re No\u00ebl est une ordure. \u00c0 noter que Le Jouet est un film des ann\u00e9es 70 et non 80.<\/p>\n<p>Dans quel film des ann\u00e9es 80 trouve-t-on cette r\u00e9plique ? <\/p>\n<p>\t\t\t\t\t<img decoding=\"async\" src=\"https:\/\/www.europesays.com\/fr\/wp-content\/uploads\/2025\/11\/replique-la-boum-de-poupette.jpg\" alt=\"\u00a9 Pixabay \u00a9 Canva\" width=\"400\" height=\"225\" loading=\"lazy\" style=\"aspect-ratio: 16\/9; object-fit: cover;\"\/><\/p>\n<p>\u00a9 Pixabay \u00a9 Canva<\/p>\n<p>Il s\u2019agit d\u2019une r\u00e9plique de Poupette dans La Boum.\u00a0<\/p>\n<p>Dans quel film des ann\u00e9es 80 trouve-t-on cette r\u00e9plique ? <\/p>\n<p>\t\t\t\t\t<img decoding=\"async\" src=\"https:\/\/www.europesays.com\/fr\/wp-content\/uploads\/2025\/11\/replique-le-cercle-des-poetes-disparus.jpg\" alt=\"\u00a9 Pixabay \u00a9 Canva\" width=\"400\" height=\"225\" loading=\"lazy\" style=\"aspect-ratio: 16\/9; object-fit: cover;\"\/><\/p>\n<p>\u00a9 Pixabay \u00a9 Canva<\/p>\n<p>Cette r\u00e9plique provient du Cercle des po\u00e8tes disparus.\u00a0<\/p>\n<p>Dans quel film des ann\u00e9es 80 trouve-t-on cette r\u00e9plique ? <\/p>\n<p>\t\t\t\t\t<img decoding=\"async\" src=\"https:\/\/www.europesays.com\/fr\/wp-content\/uploads\/2025\/11\/replique-de-johnny-dans-dirty-dancing-1.jpg\" alt=\"\u00a9 Pixabay \u00a9 Canva\" width=\"400\" height=\"225\" loading=\"lazy\" style=\"aspect-ratio: 16\/9; object-fit: cover;\"\/><\/p>\n<p>\u00a9 Pixabay \u00a9 Canva<\/p>\n<p>Johnny dit cette r\u00e9plique dans Dirty Dancing.\u00a0<\/p>\n<p>Dans quel film des ann\u00e9es 80 trouve-t-on cette r\u00e9plique ? <\/p>\n<p>\t\t\t\t\t<img decoding=\"async\" src=\"https:\/\/www.europesays.com\/fr\/wp-content\/uploads\/2025\/11\/replique-de-emmett-brown-dans-retour-vers-le-futur.jpg\" alt=\"\u00a9 Pixabay \u00a9 Canva\" width=\"400\" height=\"225\" loading=\"lazy\" style=\"aspect-ratio: 16\/9; object-fit: cover;\"\/><\/p>\n<p>\u00a9 Pixabay \u00a9 Canva<\/p>\n<p>Il s\u2019agit bien s\u00fbr d\u2019une r\u00e9plique du Dr. Emmett Brown dans Retour vers le futur !<\/p>\n<p class=\"o-quiz__result-title\">Quelle m\u00e9moire ! <\/p>\n<p class=\"o-quiz__result-subtitle\">Tu as obtenu un score de [[ score ]]\/[[ questions ]]<\/p>\n<p>\t\t\t\t\t\t\t\t\t<img decoding=\"async\" src=\"https:\/\/www.europesays.com\/fr\/wp-content\/uploads\/2025\/04\/bravo-resultat.jpg\" alt=\"Quelle m\u00e9moire ! \" width=\"768\" height=\"432\" loading=\"lazy\"\/><\/p>\n<p>Il n\u2019y a pas de doute, tu es un enfant des ann\u00e9es 80 ! Mais oui, qui d\u2019autre aurait pu avoir ce magnifique score de 5\/5 sinon ? Tu peux \u00eatre fier de toi et de tes connaissances. M\u00eame apr\u00e8s des ann\u00e9es, tu te souviens encore parfaitement des films qui t\u2019ont marqu\u00e9 !<\/p>\n<p class=\"o-quiz__result-title\">Pas mal ! <\/p>\n<p class=\"o-quiz__result-subtitle\">Tu as obtenu un score de [[ score ]]\/[[ questions ]]<\/p>\n<p>\t\t\t\t\t\t\t\t\t<img decoding=\"async\" src=\"https:\/\/www.europesays.com\/fr\/wp-content\/uploads\/2025\/04\/bien-resultat.jpg\" alt=\"Pas mal ! \" width=\"768\" height=\"432\" loading=\"lazy\"\/><\/p>\n<p>Retenir les r\u00e9pliques des films qui ont marqu\u00e9 ton enfance fait partie de tes points forts ! On parie que tu es le genre de personnage \u00e0 toujours glisser une r\u00e9f\u00e9rence ou deux \u00e0 ton film pr\u00e9f\u00e9r\u00e9 dans une conversation.<\/p>\n<p class=\"o-quiz__result-title\">Dory, c&rsquo;est toi ?! <\/p>\n<p class=\"o-quiz__result-subtitle\">Tu as obtenu un score de [[ score ]]\/[[ questions ]]<\/p>\n<p>\t\t\t\t\t\t\t\t\t<img decoding=\"async\" src=\"https:\/\/www.europesays.com\/fr\/wp-content\/uploads\/2025\/04\/rate-nul-resultat.jpg\" alt=\"Dory, c'est toi ?! \" width=\"768\" height=\"432\" loading=\"lazy\"\/><\/p>\n<p>Tu as regard\u00e9 ces films, mais pas vraiment retenu toutes ces r\u00e9pliques.. Pourtant, tu sais qu\u2019elles sont culte ! Tu n\u2019arrives juste pas \u00e0 t\u2019en souvenir\u2026<\/p>\n<p>\t\tRecommencer le quiz<\/p>\n<p>\t\t\t<img decoding=\"async\" src=\"https:\/\/www.europesays.com\/fr\/wp-content\/uploads\/2025\/11\/1764227380_646_drifa.jpg\" alt=\"Drifa Maza\" width=\"70\" height=\"70\" loading=\"lazy\"\/><\/p>\n<p class=\"m-user__name\">Drifa Maza<\/p>\n<p class=\"m-user__job\">Journaliste<\/p>\n<p class=\"m-user__description\">Journaliste chez Serieously depuis 2023, Drifa Maza est une grande passionn\u00e9e de cin\u00e9ma de toutes les \u00e9poques, allant de ses d\u00e9buts silencieux en noir et blanc \u00e0 aujourd\u2019hui. Toujours \u00e0 l\u2019affut de l\u2019actualit\u00e9, elle ne rate aucune sortie cin\u00e9 et s\u00e9rie, et est toujours \u00e0 la recherche d\u2019une nouveaut\u00e9 et d\u2019un show \u00e0 binger. Son enfance a \u00e9t\u00e9 berc\u00e9e par les films Pixar et l\u2019\u00e8re Disney Channel, son adolescence par le genre de la dystopie et les Marvel (qu\u2019elle aime toujours autant) mais c\u2019est surtout en regardant La La Land en 2016 que son amour pour cette industrie est n\u00e9. Aujourd\u2019hui, Drifa adore partager cette passion et ses connaissances \u00e0 travers des articles, des quiz et des interviews et rencontres avec les actrices, acteurs et cin\u00e9astes comme Celine Song, Danny Boyle ou encore Tom Hardy et Timoth\u00e9e Chalamet, qu\u2019elle admire.<\/p>\n<p>\n\t\t\t\t\t\t\t\t\t\t\t\t\t\t\tContacter<br \/>\n\t\t\t\t\t\tDrifa\n\t\t\t\t\t\t\t\t\t<\/p>\n<p>Lundi&rsquo;spensable<\/p>\n<p class=\"mt-4 mb-4 text-xl text-center\">Le meilleur de <\/p>\n<p> dans ta boite mail<\/p>\n","protected":false},"excerpt":{"rendered":"Accueil &gt; Quiz &gt; Quiz : t\u2019as une (tr\u00e8s) mauvaise m\u00e9moire si tu ne reconnais pas ces 5&hellip;\n","protected":false},"author":2,"featured_media":561724,"comment_status":"","ping_status":"","sticky":false,"template":"","format":"standard","meta":{"footnotes":""},"categories":[1354],"tags":[58,59,1346,1011,27,1360],"class_list":{"0":"post-561723","1":"post","2":"type-post","3":"status-publish","4":"format-standard","5":"has-post-thumbnail","7":"category-films","8":"tag-divertissement","9":"tag-entertainment","10":"tag-films","11":"tag-fr","12":"tag-france","13":"tag-movies"},"share_on_mastodon":{"url":"https:\/\/pubeurope.com\/@fr\/115620412697047676","error":""},"_links":{"self":[{"href":"https:\/\/www.europesays.com\/fr\/wp-json\/wp\/v2\/posts\/561723","targetHints":{"allow":["GET"]}}],"collection":[{"href":"https:\/\/www.europesays.com\/fr\/wp-json\/wp\/v2\/posts"}],"about":[{"href":"https:\/\/www.europesays.com\/fr\/wp-json\/wp\/v2\/types\/post"}],"author":[{"embeddable":true,"href":"https:\/\/www.europesays.com\/fr\/wp-json\/wp\/v2\/users\/2"}],"replies":[{"embeddable":true,"href":"https:\/\/www.europesays.com\/fr\/wp-json\/wp\/v2\/comments?post=561723"}],"version-history":[{"count":0,"href":"https:\/\/www.europesays.com\/fr\/wp-json\/wp\/v2\/posts\/561723\/revisions"}],"wp:featuredmedia":[{"embeddable":true,"href":"https:\/\/www.europesays.com\/fr\/wp-json\/wp\/v2\/media\/561724"}],"wp:attachment":[{"href":"https:\/\/www.europesays.com\/fr\/wp-json\/wp\/v2\/media?parent=561723"}],"wp:term":[{"taxonomy":"category","embeddable":true,"href":"https:\/\/www.europesays.com\/fr\/wp-json\/wp\/v2\/categories?post=561723"},{"taxonomy":"post_tag","embeddable":true,"href":"https:\/\/www.europesays.com\/fr\/wp-json\/wp\/v2\/tags?post=561723"}],"curies":[{"name":"wp","href":"https:\/\/api.w.org\/{rel}","templated":true}]}}