{"id":561725,"date":"2025-11-27T07:10:14","date_gmt":"2025-11-27T07:10:14","guid":{"rendered":"https:\/\/www.europesays.com\/fr\/561725\/"},"modified":"2025-11-27T07:10:14","modified_gmt":"2025-11-27T07:10:14","slug":"voici-les-4-ages-auxquels-le-cerveau-se-restructure","status":"publish","type":"post","link":"https:\/\/www.europesays.com\/fr\/561725\/","title":{"rendered":"Voici les 4 \u00e2ges auxquels le cerveau se restructure"},"content":{"rendered":"<p>&#13;<\/p>\n<p>L&rsquo;ESSENTIEL<\/p>\n<ul>&#13;<\/p>\n<li class=\"li_essentiel\"> Une \u00e9tude a identifi\u00e9 5 \u00ab\u00a0grandes \u00e9poques\u00a0\u00bb de structuration du cerveau au cours de la vie.\t<\/li>\n<li class=\"li_essentiel\"> Ces grands changements ont lieu \u00e0 9, 32, 66 et 83 ans.\t<\/li>\n<li class=\"li_essentiel\"> Cette \u00e9tude aide \u00e0 mieux comprendre le d\u00e9veloppement structurel du cerveau et montre qu&rsquo;il n&rsquo;est pas lin\u00e9aire.\t<\/li>\n<p>\t\t\t\t\t\t\t\t    &#13;\n\t\t\t\t\t\t<\/ul>\n<p>\t\t\t\t\t\t\t\t\t\t\t\t&#13;<\/p>\n<p>Le cerveau humain traverse 5 \u00e9tapes majeures de d\u00e9veloppement au cours de la vie. Ces changements distinctifs permettent de soutenir nos apprentissages, nos capacit\u00e9s ainsi que nos vuln\u00e9rabilit\u00e9s au fur et \u00e0 mesure que nous prenons de l&rsquo;\u00e2ge.<\/p>\n<p>&#13;<\/p>\n<p>Cette d\u00e9couverte, mise en lumi\u00e8re par des neuroscientifiques de l&rsquo;Universit\u00e9 de Cambridge, est d\u00e9taill\u00e9e dans la revue Nature Communication.<\/p>\n<p>&#13;<br \/>\nLe cerveau est un adolescent jusqu\u2019\u00e0 32 ans !&#13;<\/p>\n<p>En comparant les IRM des cerveaux de 3.802 personnes \u00e2g\u00e9es entre 0 et 90 ans, les chercheurs ont identifi\u00e9 quatre \u00ab\u00a0points de basculement\u00a0\u00bb cruciaux dans la structuration c\u00e9r\u00e9brale qui surviennent vers 9 ans, 32 ans, 66 ans et 83 ans. Le cerveau conna\u00eet ainsi 5 grandes p\u00e9riodes au cours de sa vie.<\/p>\n<p>&#13;<\/p>\n<p>Il y a d\u2019abord l&rsquo;enfance du cerveau qui s\u2019\u00e9tend de la naissance \u00e0 neuf ans. Cette p\u00e9riode est marqu\u00e9e par une \u00ab\u00a0consolidation du r\u00e9seau\u00a0\u00bb, au cours de laquelle la quantit\u00e9 tr\u00e8s importante de synapses dans le cerveau du b\u00e9b\u00e9 \u00e0 la naissance est r\u00e9duite. Seules, les plus actives restent. \u00ab\u00a0Parall\u00e8lement, la mati\u00e8re grise et la mati\u00e8re blanche augmentent rapidement en volume, de sorte que l&rsquo;\u00e9paisseur corticale \u2013 la distance entre la mati\u00e8re grise externe et la mati\u00e8re blanche interne \u2013 atteint un maximum, et le plissement cortical, les cr\u00eates caract\u00e9ristiques de la surface du cerveau, se stabilise\u00a0\u00bb, ajoutent les auteurs dans leur <a href=\"https:\/\/www.cam.ac.uk\/stories\/five-ages-human-brain\" target=\"_blank\" rel=\"noopener\">communiqu\u00e9.<\/a><\/p>\n<p>&#13;<\/p>\n<p>Vers 9 ans, le cerveau conna\u00eet son premier grand tournant : il entre dans l&rsquo;adolescence, et cela perdurera jusqu\u2019\u00e0 32 ans. Pendant cette nouvelle \u00e8re, le volume de la mati\u00e8re blanche continue d\u2019augmenter. Ce qui permet une am\u00e9lioration des r\u00e9seaux de communication neuronale. Ces connexions suppl\u00e9mentaires et plus efficaces permettent une activit\u00e9 plus importante. Ce ph\u00e9nom\u00e8ne, observ\u00e9 uniquement durant \u00ab\u00a0l\u2019adolescence\u00a0\u00bb du cerveau et dont l\u2019apog\u00e9e intervient au d\u00e9but de la trentaine, est li\u00e9 \u00e0 une am\u00e9lioration des performances cognitives.<\/p>\n<p>&#13;<\/p>\n<p>\u00ab\u00a0Aux alentours de 32 ans, on observe les changements les plus directionnels dans le c\u00e2blage et le plus grand changement global de trajectoire, par rapport \u00e0 tous les autres points de basculement\u00a0\u00bb, explique la Dr Alexa Mousley qui a dirig\u00e9 la recherche. \u00ab\u00a0Si la pubert\u00e9 marque un d\u00e9but clair, la fin de l\u2019adolescence est beaucoup plus difficile \u00e0 cerner scientifiquement. En nous basant seulement sur l\u2019architecture neuronale, nous avons constat\u00e9 que les changements de structure c\u00e9r\u00e9brale caract\u00e9ristiques de l\u2019adolescence prennent fin vers le d\u00e9but de la trentaine\u00a0\u00bb, ajoute-t-elle.<\/p>\n<p>&#13;<br \/>\nL\u2019architecture du cerveau commence \u00e0 vieillir \u00e0 partir de 66 ans&#13;<\/p>\n<p>Si le cerveau attend la trentaine bien pass\u00e9e pour devenir adulte, il s\u2019agit de l\u2019\u00e8re la plus longue de son d\u00e9veloppement. Elle dure trois d\u00e9cennies. \u00c0 cette p\u00e9riode, l\u2019architecture de l\u2019organe est stabilis\u00e9e. Le cerveau a atteint par ailleurs son \u201cplateau d&rsquo;intelligence et de personnalit\u00e9\u201d.<\/p>\n<p>&#13;<\/p>\n<p>Le cerveau commence \u00e0 vieillir \u00e0 partir de 66 ans, selon l\u2019\u00e9tude. S\u2019il n\u2019y a pas de changements structurels majeurs, les chercheurs ont observ\u00e9 certaines modifications c\u00e9r\u00e9brales progressives, dont un d\u00e9clin de la mati\u00e8re blanche. \u00ab\u00a0C\u2019est une \u00e9poque o\u00f9 les gens sont confront\u00e9s \u00e0 un risque accru de d\u00e9velopper diverses affections qui peuvent affecter le cerveau, comme l\u2019hypertension\u00a0\u00bb, remarque la Dr Alexa Mousley.<\/p>\n<p>&#13;<\/p>\n<p>Le dernier tournant survient aux alentours de 83 ans. Il s\u2019agit du stade vieillissement avanc\u00e9. \u00ab\u00a0Bien que les donn\u00e9es soient limit\u00e9es pour cette p\u00e9riode, la caract\u00e9ristique d\u00e9terminante est un passage d&rsquo;une connectivit\u00e9 globale \u00e0 une connectivit\u00e9 locale\u00a0\u00bb. En d\u2019autres termes, au lieu de travailler comme une seule entit\u00e9, certaines zones du cerveau prennent le dessus et deviennent plus importantes.<\/p>\n<p>&#13;<br \/>\n&#13;<br \/>\n&#13;<br \/>\n&#13;<br \/>\n&#13;<br \/>\n\t\t\t\t\t\t\t\t                                &#13;<br \/>\n&#13;<br \/>\nUne \u00e9tude fait la lumi\u00e8re sur le d\u00e9veloppement et le vieillissement du cerveau&#13;<\/p>\n<p>Pour l\u2019\u00e9quipe, leurs travaux sont essentiels pour mieux comprendre le cerveau et mieux le soigner. \u00ab\u00a0De nombreux troubles neurod\u00e9veloppementaux, neurologiques et de sant\u00e9 mentale sont li\u00e9s \u00e0 la fa\u00e7on dont le cerveau est c\u00e2bl\u00e9. En effet, des diff\u00e9rences dans le c\u00e2blage c\u00e9r\u00e9bral permettent de pr\u00e9dire les difficult\u00e9s d&rsquo;attention, de langage, de m\u00e9moire et toute une s\u00e9rie de comportements diff\u00e9rents\u00a0\u00bb, explique le professeur Duncan Astle de l\u2019universit\u00e9 de Cambridge et auteur principal de l\u2019\u00e9tude.<\/p>\n<p>&#13;<\/p>\n<p>\u00ab\u00a0Comprendre que le d\u00e9veloppement structurel du cerveau ne se r\u00e9sume pas \u00e0 une progression constante, mais plut\u00f4t \u00e0 quelques tournants majeurs, nous aidera \u00e0 identifier quand et comment son c\u00e2blage est vuln\u00e9rable aux perturbations.\u00a0\u00bb<\/p>\n<p>\t&#13;<br \/>\n\t\t\t\t\t\t\t\t&#13;<br \/>\n\t\t\t\t\t\t\t\t&#13;<br \/>\n\t\t\t\t\t\t\t\t \t\t\t\t\t\t\t\t\t\t\t\t\t\t\t\t\t\t\t &#13;<br \/>\n\t\t\t\t\t\t\t\t\t\t\t\t\t\t\t\t\t\t\t &#13;<br \/>\n\t\t\t\t\t\t\t\t\t\t\t\t\t\t\t\t\t\t\t&#13;<br \/>\n\t\t\t\t\t\t\t\t\t\t\t\t\t\t\t\t \t\t\t\t\t\t\t\t\t&#13;<br \/>\n\t\t\t\t\t\t\t\t\t&#13;<br \/>\n\t\t\t\t\t\t\t\t\t \t\t\t\t\t\t\t\t\t&#13;<br \/>\n\t\t\t\t\t\t\t\t\t&#13;<br \/>\n                &#13;<br \/>\n                &#13;<br \/>\n\t\t\t\t\t\t\t\t&#13;<br \/>\n&#13;<br \/>\n\t\t\t\t\t\t\t&#13;<br \/>\n\t\t\t\t\t\t\t&#13;<br \/>\n                &#13;<\/p>\n","protected":false},"excerpt":{"rendered":"&#13; L&rsquo;ESSENTIEL &#13; Une \u00e9tude a identifi\u00e9 5 \u00ab\u00a0grandes \u00e9poques\u00a0\u00bb de structuration du cerveau au cours de la&hellip;\n","protected":false},"author":2,"featured_media":561726,"comment_status":"","ping_status":"","sticky":false,"template":"","format":"standard","meta":{"footnotes":""},"categories":[10],"tags":[1011,27,72,71],"class_list":{"0":"post-561725","1":"post","2":"type-post","3":"status-publish","4":"format-standard","5":"has-post-thumbnail","7":"category-sante","8":"tag-fr","9":"tag-france","10":"tag-health","11":"tag-sante"},"share_on_mastodon":{"url":"https:\/\/pubeurope.com\/@fr\/115620415022989683","error":""},"_links":{"self":[{"href":"https:\/\/www.europesays.com\/fr\/wp-json\/wp\/v2\/posts\/561725","targetHints":{"allow":["GET"]}}],"collection":[{"href":"https:\/\/www.europesays.com\/fr\/wp-json\/wp\/v2\/posts"}],"about":[{"href":"https:\/\/www.europesays.com\/fr\/wp-json\/wp\/v2\/types\/post"}],"author":[{"embeddable":true,"href":"https:\/\/www.europesays.com\/fr\/wp-json\/wp\/v2\/users\/2"}],"replies":[{"embeddable":true,"href":"https:\/\/www.europesays.com\/fr\/wp-json\/wp\/v2\/comments?post=561725"}],"version-history":[{"count":0,"href":"https:\/\/www.europesays.com\/fr\/wp-json\/wp\/v2\/posts\/561725\/revisions"}],"wp:featuredmedia":[{"embeddable":true,"href":"https:\/\/www.europesays.com\/fr\/wp-json\/wp\/v2\/media\/561726"}],"wp:attachment":[{"href":"https:\/\/www.europesays.com\/fr\/wp-json\/wp\/v2\/media?parent=561725"}],"wp:term":[{"taxonomy":"category","embeddable":true,"href":"https:\/\/www.europesays.com\/fr\/wp-json\/wp\/v2\/categories?post=561725"},{"taxonomy":"post_tag","embeddable":true,"href":"https:\/\/www.europesays.com\/fr\/wp-json\/wp\/v2\/tags?post=561725"}],"curies":[{"name":"wp","href":"https:\/\/api.w.org\/{rel}","templated":true}]}}