{"id":561733,"date":"2025-11-27T07:14:12","date_gmt":"2025-11-27T07:14:12","guid":{"rendered":"https:\/\/www.europesays.com\/fr\/561733\/"},"modified":"2025-11-27T07:14:12","modified_gmt":"2025-11-27T07:14:12","slug":"travailler-en-suisse-voici-ce-que-vous-pourriez-toucher-en-changeant-juste-de-frontiere","status":"publish","type":"post","link":"https:\/\/www.europesays.com\/fr\/561733\/","title":{"rendered":"travailler en Suisse, voici ce que vous pourriez toucher en changeant juste de fronti\u00e8re"},"content":{"rendered":"<p>Chaque ann\u00e9e, des milliers de Fran\u00e7ais<br \/>\ndes d\u00e9partements frontaliers choisissent de travailler en Suisse.<br \/>\nLes r\u00e9mun\u00e9rations y sont nettement sup\u00e9rieures, parfois jusqu\u2019\u00e0 70<br \/>\n% de plus qu\u2019en France, mais derri\u00e8re ce r\u00eave de salaire, se<br \/>\ncachent des r\u00e9alit\u00e9s \u00e9conomiques qu\u2019il faut prendre en<br \/>\ncompte.<\/p>\n<p>La Suisse attire depuis longtemps les <strong>travailleurs<br \/>\nfran\u00e7ais<\/strong>, notamment ceux de Haute-Savoie, de l\u2019Ain ou du<br \/>\nDoubs. Les salaires y sont r\u00e9put\u00e9s g\u00e9n\u00e9reux, et les chiffres le<br \/>\nconfirment puisqu\u2019un salari\u00e9 suisse gagne en moyenne 5 600 \u20ac brut<br \/>\npar mois, contre 3 200 \u20ac pour son \u00e9quivalent fran\u00e7ais. Dans<br \/>\ncertains secteurs, l\u2019\u00e9cart est encore plus spectaculaire, avec des<br \/>\n<strong>r\u00e9mun\u00e9rations<\/strong> qui peuvent doubler, voire tripler.<br \/>\nPourtant, cette comparaison ne peut se limiter aux chiffres bruts.<br \/>\nEn effet, Le co\u00fbt de la vie helv\u00e9tique, les loyers exorbitants et<br \/>\nles charges sociales doivent \u00eatre int\u00e9gr\u00e9s dans l\u2019\u00e9quation. En<br \/>\nl\u2019\u00e9tat des choses, le mod\u00e8le le plus avantageux reste celui des<br \/>\nfrontaliers, \u00e0 savoir vivre en France, mais travailler en<br \/>\nSuisse.<\/p>\n<p>Pourquoi les salaires suisses sont-ils si \u00e9lev\u00e9s<br \/>\n?<br \/>\nUne \u00e9conomie comp\u00e9titive et diversifi\u00e9e<\/p>\n<p>La premi\u00e8re chose qui peut expliquer la hauteur des<br \/>\n<strong>salaires suisses<\/strong> est la comp\u00e9titivit\u00e9 de<br \/>\nl\u2019\u00e9conomie du pays. Port\u00e9e par des secteurs puissants comme la<br \/>\nfinance, la pharmaceutique ou l\u2019informatique, la<br \/>\n<strong>Suisse<\/strong> affiche une productivit\u00e9 \u00e9lev\u00e9e et une<br \/>\nforte demande de main-d\u2019\u0153uvre qualifi\u00e9e. Cette dynamique se traduit<br \/>\npar des salaires plus g\u00e9n\u00e9reux, destin\u00e9s \u00e0 attirer et fid\u00e9liser les<br \/>\ntalents. Ainsi, la diff\u00e9rence avec la France n\u2019est pas une<br \/>\nillusion, mais bien le reflet d\u2019un march\u00e9 plus comp\u00e9titif.<\/p>\n<p>Des \u00e9carts sectoriels impressionnants<\/p>\n<p>Les <strong>\u00e9carts de r\u00e9mun\u00e9ration<\/strong> varient selon les<br \/>\nm\u00e9tiers. En 2025, un employ\u00e9 du secteur bancaire peut toucher<br \/>\njusqu\u2019\u00e0 15 000 \u20ac par mois, un m\u00e9decin sp\u00e9cialiste d\u00e9passer les 11<br \/>\n000 \u20ac, et un ing\u00e9nieur en informatique atteindre 9 000 \u20ac. M\u00eame dans<br \/>\ndes secteurs moins qualifi\u00e9s, comme l\u2019h\u00f4tellerie-restauration, les<br \/>\nsalaires avoisinent 4 500 \u20ac, soit bien au-dessus des standards<br \/>\nfran\u00e7ais. En comparaison, les <strong>r\u00e9mun\u00e9rations<br \/>\nfran\u00e7aises<\/strong> apparaissent homog\u00e8nes et nettement<br \/>\ninf\u00e9rieures, ce qui explique l\u2019attrait des travailleurs pour la<br \/>\nSuisse.<\/p>\n<p>Des disparit\u00e9s selon les cantons<\/p>\n<p>En Suisse, les <strong>salaires<\/strong> ne sont pas uniformes<br \/>\nsur tout le territoire, pr\u00e9cise <a href=\"https:\/\/www.mariefrance.fr\/actualite\/societe\/salaire-voici-combien-argent-vous-toucheriez-plus-chaque-mois-vous-travailliez-suisse-1221358.html\" target=\"_blank\" rel=\"noopener\">Marie France<\/a>. Zurich<br \/>\narrive en t\u00eate avec une moyenne de 7 000 CHF par mois (environ 7<br \/>\n500 \u20ac), suivie de Gen\u00e8ve, dont le <strong>salaire minimum<\/strong><br \/>\nest l\u2019un des plus \u00e9lev\u00e9s d\u2019Europe. B\u00e2le, gr\u00e2ce \u00e0 son industrie<br \/>\npharmaceutique, propose \u00e9galement des r\u00e9mun\u00e9rations attractives. \u00c0<br \/>\nl\u2019inverse, le Tessin affiche des salaires plus modestes, autour de<br \/>\n5 400 CHF, soit 5 800 \u20ac. En France, les \u00e9carts g\u00e9ographiques sont<br \/>\nmoins marqu\u00e9s, concentr\u00e9s surtout dans les grandes m\u00e9tropoles comme<br \/>\nParis ou Lyon.<\/p>\n<p>Travailler en Suisse, vivre en<br \/>\nFrance : l\u2019\u00e9quilibre id\u00e9al ?<br \/>\nLe co\u00fbt de la vie helv\u00e9tique<\/p>\n<p>Certes, les salaires suisses font r\u00eaver, mais le <strong>co\u00fbt de<br \/>\nla vie helv\u00e9tique<\/strong> peut vite refroidir les ardeurs. \u00c0<br \/>\nGen\u00e8ve ou Zurich, un appartement d\u2019une chambre co\u00fbte entre 1 600 et<br \/>\n2 600 \u20ac par mois. Les courses, les abonnements t\u00e9l\u00e9phoniques et les<br \/>\ntransports sont \u00e9galement plus chers, avec des \u00e9carts allant de 30<br \/>\n\u00e0 60 % par rapport \u00e0 la France. Ainsi, <strong>r\u00e9sider en<br \/>\nSuisse<\/strong> tout en y travaillant peut r\u00e9duire consid\u00e9rablement<br \/>\nl\u2019avantage salarial. D\u2019ailleurs certains retrait\u00e9s suisses<br \/>\npr\u00e9f\u00e8rent s\u2019expatrier pour vivre leurs vieux jours.<\/p>\n<p>L\u2019option des frontaliers<\/p>\n<p>Le mod\u00e8le le plus avantageux reste celui des frontaliers. Ce<br \/>\nmod\u00e8le consiste \u00e0 vivre en France o\u00f9 les loyers et les d\u00e9penses<br \/>\nquotidiennes sont plus abordables, tout en travaillant en Suisse<br \/>\npour profiter des <strong>salaires \u00e9lev\u00e9s<\/strong>. Ce compromis<br \/>\npermet de <strong>maximiser les revenus<\/strong> tout en limitant<br \/>\nles charges. C\u2019est pourquoi des milliers de Fran\u00e7ais choisissent<br \/>\nchaque ann\u00e9e cette solution, qui combine le meilleur des deux<br \/>\nmondes.<\/p>\n<p>Un march\u00e9 de l\u2019emploi dynamique<\/p>\n<p>La <a href=\"https:\/\/www.pleinevie.fr\/retraite-travail\/travail\/on-manque-de-85-000-personnes-la-suisse-recrute-avec-des-salaires-entre-3-500e-et-6-500-e-voici-les-metiers-en-question-178170.html\" target=\"_blank\" rel=\"noopener\">Suisse<\/a> affiche un <strong>taux<br \/>\nde ch\u00f4mage<\/strong> tr\u00e8s faible et une forte demande dans des<br \/>\nsecteurs cl\u00e9s comme la sant\u00e9, la finance ou les \u00e9nergies<br \/>\nrenouvelables. Les <strong>employeurs<\/strong> recherchent<br \/>\nactivement des profils qualifi\u00e9s et appr\u00e9cient particuli\u00e8rement les<br \/>\ntravailleurs fran\u00e7ais, r\u00e9put\u00e9s bien form\u00e9s. Cette attractivit\u00e9<br \/>\nrenforce l\u2019id\u00e9e que la Suisse reste une terre d\u2019opportunit\u00e9s, m\u00eame<br \/>\nsi elle impose une vigilance accrue sur les conditions de vie et<br \/>\nles d\u00e9penses.<\/p>\n","protected":false},"excerpt":{"rendered":"Chaque ann\u00e9e, des milliers de Fran\u00e7ais des d\u00e9partements frontaliers choisissent de travailler en Suisse. Les r\u00e9mun\u00e9rations y sont&hellip;\n","protected":false},"author":2,"featured_media":561734,"comment_status":"","ping_status":"","sticky":false,"template":"","format":"standard","meta":{"footnotes":""},"categories":[6],"tags":[35,33,34,1011,27],"class_list":{"0":"post-561733","1":"post","2":"type-post","3":"status-publish","4":"format-standard","5":"has-post-thumbnail","7":"category-economie","8":"tag-business","9":"tag-economie","10":"tag-economy","11":"tag-fr","12":"tag-france"},"share_on_mastodon":{"url":"https:\/\/pubeurope.com\/@fr\/115620430852813121","error":""},"_links":{"self":[{"href":"https:\/\/www.europesays.com\/fr\/wp-json\/wp\/v2\/posts\/561733","targetHints":{"allow":["GET"]}}],"collection":[{"href":"https:\/\/www.europesays.com\/fr\/wp-json\/wp\/v2\/posts"}],"about":[{"href":"https:\/\/www.europesays.com\/fr\/wp-json\/wp\/v2\/types\/post"}],"author":[{"embeddable":true,"href":"https:\/\/www.europesays.com\/fr\/wp-json\/wp\/v2\/users\/2"}],"replies":[{"embeddable":true,"href":"https:\/\/www.europesays.com\/fr\/wp-json\/wp\/v2\/comments?post=561733"}],"version-history":[{"count":0,"href":"https:\/\/www.europesays.com\/fr\/wp-json\/wp\/v2\/posts\/561733\/revisions"}],"wp:featuredmedia":[{"embeddable":true,"href":"https:\/\/www.europesays.com\/fr\/wp-json\/wp\/v2\/media\/561734"}],"wp:attachment":[{"href":"https:\/\/www.europesays.com\/fr\/wp-json\/wp\/v2\/media?parent=561733"}],"wp:term":[{"taxonomy":"category","embeddable":true,"href":"https:\/\/www.europesays.com\/fr\/wp-json\/wp\/v2\/categories?post=561733"},{"taxonomy":"post_tag","embeddable":true,"href":"https:\/\/www.europesays.com\/fr\/wp-json\/wp\/v2\/tags?post=561733"}],"curies":[{"name":"wp","href":"https:\/\/api.w.org\/{rel}","templated":true}]}}