{"id":561735,"date":"2025-11-27T07:15:14","date_gmt":"2025-11-27T07:15:14","guid":{"rendered":"https:\/\/www.europesays.com\/fr\/561735\/"},"modified":"2025-11-27T07:15:14","modified_gmt":"2025-11-27T07:15:14","slug":"dapres-le-washington-post-donald-trump-a-conseille-au-japon-de-ne-pas-provoquer-la-chine-au-sujet-de-taiwan","status":"publish","type":"post","link":"https:\/\/www.europesays.com\/fr\/561735\/","title":{"rendered":"D\u2019apr\u00e8s le Washington Post, Donald Trump a conseill\u00e9 au Japon de \u00abne pas provoquer\u00bb la Chine au sujet de Ta\u00efwan"},"content":{"rendered":"<p>\n    Les relations entre P\u00e9kin et Tokyo se sont tendues apr\u00e8s que la nouvelle premi\u00e8re ministre japonaise a sugg\u00e9r\u00e9 qu\u2019elle interviendrait militairement en cas d\u2019attaque contre l\u2019\u00eele, que la Chine consid\u00e8re comme faisant partie de son territoire.<\/p>\n<p class=\"fig-paragraph\">Le pr\u00e9sident am\u00e9ricain\u00a0<a href=\"https:\/\/www.lefigaro.fr\/tag\/donald-trump\" target=\"_blank\" rel=\"sponsored noopener\" data-gtm-custom-categorie=\"navigation\" data-gtm-custom-action=\"crossclick\" data-gtm-custom-label=\"Contextuel\" data-gtm-event=\"customEventSPE\">Donald Trump<\/a>\u00a0a conseill\u00e9 \u00e0 la premi\u00e8re ministre japonaise\u00a0<a href=\"http:\/\/www.lefigaro.fr\/international\/au-japon-la-victoire-de-la-talibane-sanae-takaichi-aux-portes-du-pouvoir-pourrait-reverberer-dans-toute-l-asie-pacifique-20251004\" target=\"_blank\" data-fig-type=\"Article\" rel=\"noopener\" data-gtm-custom-categorie=\"navigation\" data-gtm-custom-action=\"crossclick\" data-gtm-custom-label=\"Contextuel\" data-gtm-event=\"customEventSPE\" data-fig-domain=\"LEFIGARO\">Sanae Takaichi<\/a>\u00a0de ne pas provoquer la Chine sur la question de la souverainet\u00e9 de Ta\u00efwan, a affirm\u00e9 jeudi le Wall Street Journal (WSJ), apr\u00e8s une querelle diplomatique entre Tokyo et P\u00e9kin.<\/p>\n<p class=\"fig-paragraph\">Les relations entre les deux plus grandes \u00e9conomies d&rsquo;Asie se sont tendues apr\u00e8s que la nouvelle cheffe nationaliste du gouvernement japonais a sugg\u00e9r\u00e9 d\u00e9but novembre que\u00a0<a href=\"http:\/\/www.lefigaro.fr\/flash-actu\/pekin-convoque-l-ambassadeur-du-japon-apres-les-propos-de-sa-premiere-ministre-sur-taiwan-20251114\" target=\"_blank\" data-fig-type=\"NewsFlash\" rel=\"noopener\" data-gtm-custom-categorie=\"navigation\" data-gtm-custom-action=\"crossclick\" data-gtm-custom-label=\"Contextuel\" data-gtm-event=\"customEventSPE\" data-fig-domain=\"LEFIGARO\">Tokyo pourrait intervenir militairement en cas d&rsquo;attaque contre l&rsquo;\u00eele<\/a>, que la Chine consid\u00e8re comme faisant partie de son territoire.<\/p>\n<p>                                    <a class=\"fig-a11y-skip a11y-hidden\" href=\"#fig-a11y-skip-main-inarticle\"><br \/>\n        Passer la publicit\u00e9<br \/>\n    <\/a><\/p>\n<p class=\"fig-paragraph\">Lors d&rsquo;un appel t\u00e9l\u00e9phonique avec Donald Trump lundi, le dirigeant chinois Xi Jinping a insist\u00e9 sur ce sujet sensible, affirmant que ce retour de Ta\u00efwan au sein de la Chine faisait partie int\u00e9grante de \u00abl&rsquo;ordre international d&rsquo;apr\u00e8s-guerre\u00bb, selon le minist\u00e8re chinois des Affaires \u00e9trang\u00e8res.<\/p>\n<p>\u00abMessage pr\u00e9occupant\u00bb<\/p>\n<p class=\"fig-paragraph\">Peu apr\u00e8s, \u00abTrump a organis\u00e9 un appel avec Takaichi et lui a conseill\u00e9 de ne pas provoquer P\u00e9kin sur la question de la souverainet\u00e9 de l&rsquo;\u00eele\u00bb, a indiqu\u00e9 le quotidien WSJ, citant sans les nommer des responsables japonais et un responsable am\u00e9ricain inform\u00e9s de la conversation. \u00abL&rsquo;avis de Trump \u00e9tait subtil, et il ne l&rsquo;a pas pouss\u00e9e \u00e0 revenir sur ses propos\u00bb, a toutefois pr\u00e9cis\u00e9 le journal.<\/p>\n<p class=\"fig-paragraph\">Contact\u00e9e par l&rsquo;AFP, une porte-parole des services de Sanae Takaichi a refus\u00e9 de commenter cette information. Dans son compte rendu de l&rsquo;appel, la premi\u00e8re ministre japonaise s&rsquo;est born\u00e9e \u00e0 indiquer qu&rsquo;elle et Donald Trump avaient \u00e9voqu\u00e9 la conversation avec Xi Jinping, ainsi que les relations entre les deux alli\u00e9s. \u00abLe pr\u00e9sident Trump a dit que nous \u00e9tions de tr\u00e8s proches amis, et il m&rsquo;a propos\u00e9 de l&rsquo;appeler \u00e0 tout moment\u00bb, a-t-elle d\u00e9clar\u00e9. Mais selon le WSJ, \u00ables responsables japonais ont jug\u00e9 le message pr\u00e9occupant\u00bb.<\/p>\n<p class=\"fig-paragraph\">\u00abLe pr\u00e9sident (am\u00e9ricain) ne voulait pas que des frictions autour de Ta\u00efwan puissent compromettre la d\u00e9tente conclue le mois dernier avec Xi, qui inclut la promesse (par la Chine) d&rsquo;acheter davantage de produits agricoles am\u00e9ricains, afin de soutenir les agriculteurs durement touch\u00e9s par la guerre commerciale\u00bb d\u00e9clench\u00e9e par le dirigeant am\u00e9ricain, estime le journal.<\/p>\n<p class=\"fig-paragraph\">\u00c0 la suite des propos de Sanae Takaichi, la Chine a convoqu\u00e9 l&rsquo;ambassadeur du Japon et conseill\u00e9 \u00e0 ses citoyens d&rsquo;\u00e9viter de voyager dans l&rsquo;archipel. La sortie de plusieurs films japonais a \u00e9galement \u00e9t\u00e9 report\u00e9e en Chine, selon les m\u00e9dias d&rsquo;\u00c9tat chinois.<\/p>\n","protected":false},"excerpt":{"rendered":"Les relations entre P\u00e9kin et Tokyo se sont tendues apr\u00e8s que la nouvelle premi\u00e8re ministre japonaise a sugg\u00e9r\u00e9&hellip;\n","protected":false},"author":2,"featured_media":561736,"comment_status":"","ping_status":"","sticky":false,"template":"","format":"standard","meta":{"footnotes":""},"categories":[5],"tags":[11,309,75,1011,27,14,2070,12,22053,28],"class_list":{"0":"post-561735","1":"post","2":"type-post","3":"status-publish","4":"format-standard","5":"has-post-thumbnail","7":"category-international","8":"tag-actualites","9":"tag-chine","10":"tag-donald-trump","11":"tag-fr","12":"tag-france","13":"tag-international","14":"tag-japon","15":"tag-news","16":"tag-taiwan","17":"tag-world"},"share_on_mastodon":{"url":"https:\/\/pubeurope.com\/@fr\/115620434750443461","error":""},"_links":{"self":[{"href":"https:\/\/www.europesays.com\/fr\/wp-json\/wp\/v2\/posts\/561735","targetHints":{"allow":["GET"]}}],"collection":[{"href":"https:\/\/www.europesays.com\/fr\/wp-json\/wp\/v2\/posts"}],"about":[{"href":"https:\/\/www.europesays.com\/fr\/wp-json\/wp\/v2\/types\/post"}],"author":[{"embeddable":true,"href":"https:\/\/www.europesays.com\/fr\/wp-json\/wp\/v2\/users\/2"}],"replies":[{"embeddable":true,"href":"https:\/\/www.europesays.com\/fr\/wp-json\/wp\/v2\/comments?post=561735"}],"version-history":[{"count":0,"href":"https:\/\/www.europesays.com\/fr\/wp-json\/wp\/v2\/posts\/561735\/revisions"}],"wp:featuredmedia":[{"embeddable":true,"href":"https:\/\/www.europesays.com\/fr\/wp-json\/wp\/v2\/media\/561736"}],"wp:attachment":[{"href":"https:\/\/www.europesays.com\/fr\/wp-json\/wp\/v2\/media?parent=561735"}],"wp:term":[{"taxonomy":"category","embeddable":true,"href":"https:\/\/www.europesays.com\/fr\/wp-json\/wp\/v2\/categories?post=561735"},{"taxonomy":"post_tag","embeddable":true,"href":"https:\/\/www.europesays.com\/fr\/wp-json\/wp\/v2\/tags?post=561735"}],"curies":[{"name":"wp","href":"https:\/\/api.w.org\/{rel}","templated":true}]}}