{"id":561737,"date":"2025-11-27T07:16:20","date_gmt":"2025-11-27T07:16:20","guid":{"rendered":"https:\/\/www.europesays.com\/fr\/561737\/"},"modified":"2025-11-27T07:16:20","modified_gmt":"2025-11-27T07:16:20","slug":"manifestants-blesses-la-ligue-des-droits-de-lhomme-va-porter-plainte","status":"publish","type":"post","link":"https:\/\/www.europesays.com\/fr\/561737\/","title":{"rendered":"manifestants bless\u00e9s, la ligue des droits de l&rsquo;Homme va porter plainte"},"content":{"rendered":"<p>                    Par<br \/>\n        <strong><br \/>\n            <a href=\"https:\/\/actu.fr\/auteur\/samuel-sauneuf\" title=\"Consulter tous les articles de Samuel Sauneuf\" target=\"_blank\" rel=\"noopener\">Samuel Sauneuf<\/a><br \/>\n                    <\/strong><\/p>\n<p>        Publi\u00e9 le<\/p>\n<p>            26 nov. 2025 \u00e0 19h19        <\/p>\n<p>La venue de <a href=\"https:\/\/actu.fr\/tag\/jordan-bardella\" target=\"_blank\" rel=\"noopener\">Jordan Bardella<\/a> \u00e0 <a href=\"https:\/\/actu.fr\/bretagne\/saint-malo_35288\" target=\"_blank\" rel=\"noopener\">Saint-Malo<\/a> (Ille-et-Vilaine), dimanche 23 novembre 2025, n\u2019en finit plus de faire parler. Le leader du <a href=\"https:\/\/actu.fr\/tag\/rassemblement-national-rn\" target=\"_blank\" rel=\"noopener\">Rassemblement national<\/a> a r\u00e9ussi le tour de force de r\u00e9unir plus de 1 500 fans dans la cit\u00e9 corsaire. Des admirateurs, pas vraiment du coin et souvent venus de loin, pour une d\u00e9dicace et un selfie.<\/p>\n<p class=\" wall-content\">\u00c0 quelques dizaines de m\u00e8tres de l\u00e0, sur la chauss\u00e9e du Sillon, plus de 200\u00a0personnes \u00e9taient r\u00e9unies pour manifester contre l\u2019extr\u00eame droite. Sous la surveillance de dizaines de policiers et maintenues par un barrage de CRS \u00e0 distance de l\u2019h\u00f4tel Oceania o\u00f9 Bardella recevait ses sympathisants, le peloton des manifestants s\u2019est soudainement \u00e9parpill\u00e9 apr\u00e8s l\u2019explosion d\u2019une grenade de maintien de l\u2019ordre.<\/p>\n<p>Six bless\u00e9s selon la ligue des droits de l\u2019Homme<\/p>\n<p class=\" wall-content\">On a alors vu deux personnes \u00e2g\u00e9es de 76 ans et un homme d\u2019environ une trentaine d\u2019ann\u00e9es, secourus par d\u2019autres manifestants, avant d\u2019\u00eatre pris en charge par les pompiers pour des blessures l\u00e9g\u00e8res aux pieds, aux chevilles et aux mollets.<\/p>\n<p class=\" wall-content\">\u00ab Aujourd\u2019hui nous comptons six bless\u00e9s, dans leur quasi-int\u00e9gralit\u00e9 des personnes \u00e2g\u00e9es, qui ont \u00e9t\u00e9 touch\u00e9es aux membres inf\u00e9rieurs par des \u00e9clats de grenade. Une Malouine de plus de 75 ans a vu sa chaussure \u00eatre litt\u00e9ralement transperc\u00e9e par un fragment tandis que plusieurs personnes se sont plaintes d\u2019avoir perdu une partie de leur audition \u00bb, d\u00e9plore dans un communiqu\u00e9 Camille Tap, pr\u00e9sidente de la section Saint-Malo et Pays Malouin de la ligue des droits de l\u2019Homme, qui \u00e9tait \u00e9galement pr\u00e9sente \u00e0 la <a href=\"https:\/\/actu.fr\/tag\/manifestations\" target=\"_blank\" rel=\"noopener\">manifestation<\/a>.<\/p>\n<p>Pourquoi ?<\/p>\n<p class=\" wall-content\">Par qui et surtout pourquoi cette grenade a-t-elle \u00e9t\u00e9 jet\u00e9e au milieu des manifestants ? Trois jours apr\u00e8s les faits, on ne sait toujours pas ce qu\u2019il s\u2019est pr\u00e9cis\u00e9ment pass\u00e9. Contact\u00e9s, les services de la pr\u00e9fecture d\u2019Ille-et-Vilaine et de la direction interd\u00e9partementale de la police nationale restent muets. Des policiers nous ont dit sur place avoir \u00e9t\u00e9 la cible de cailloux. Une autre source, au commissariat, explique \u00ab qu\u2019un CRS a \u00e9t\u00e9 frapp\u00e9 au casque \u00e0 l\u2019aide d\u2019une barre de fer \u00bb. Mais aucune prise de parole officielle ne vient encore \u00e9tayer ces propos.<\/p>\n<p>Vid\u00e9os : en ce moment sur Actu<\/p>\n<p class=\" wall-content\">La ligue des droits de l\u2019Homme a, pour sa part, une autre version de ce dimanche de triste m\u00e9moire. \u00ab La manifestation contre l\u2019<a href=\"https:\/\/actu.fr\/tag\/extreme-droite\" target=\"_blank\" rel=\"noopener\">extr\u00eame droite<\/a> avait \u00e9t\u00e9 autoris\u00e9e par la pr\u00e9fecture jusqu\u2019\u00e0 la limite du b\u00e2timent du Palais du grand large. Contrairement aux affirmations colport\u00e9es sur les r\u00e9seaux sociaux par des comptes d\u2019extr\u00eame droite, elle s\u2019est d\u00e9roul\u00e9e dans le calme. C\u2019est le cordon de police plac\u00e9 en amont du parcours autoris\u00e9 qui a provoqu\u00e9 des heurts mineurs. En r\u00e9ponse, les CRS ont fait un usage disproportionn\u00e9 de la force en lan\u00e7ant une grenade assourdissante en plein milieu de la foule. Ce tir a \u00e9t\u00e9 enregistr\u00e9 en vid\u00e9o et montre clairement un lancer en cloche, ce qui est \u00e0 la fois non-r\u00e9glementaire et dangereux, la grenade pouvant exploser au niveau du visage. Le policier responsable a donc mis en danger la vie des manifestants pacifiques en toute connaissance de cause. \u00bb<\/p>\n<p>Votre r\u00e9gion, votre actu !<\/p>\n<p>Recevez chaque jour les infos qui comptent pour vous.<\/p>\n<p>\t<a href=\"https:\/\/actu.fr\/newsletter\" class=\"ac-btn ac-btn--corner ac-btn--medium ac-btn--blue800\" target=\"_blank\" rel=\"noopener\">S&rsquo;incrire<\/a><\/p>\n<p class=\" wall-content\">En cons\u00e9quence, la LDH exige \u00ab des explications de la part des autorit\u00e9s responsables sur ce dispositif de r\u00e9pression (pr\u00e9fet et sous-pr\u00e9fet). La police doit \u00eatre r\u00e9publicaine. Elle doit respecter les lois.\u00a0Une plainte est en cours de constitution. \u00bb<\/p>\n<p class=\" wall-content\">Personnalisez votre actualit\u00e9 en ajoutant vos villes et m\u00e9dias en favori avec <a href=\"https:\/\/moncompte.actu.fr\" title=\"D\u00e9couvez Mon Actu\" rel=\"nofollow noopener\" data-trk=\"{&quot;cta&quot;:{&quot;action&quot;:&quot;https:\\\/\\\/moncompte.actu.fr&quot;,&quot;category&quot;:&quot;mon compte&quot;,&quot;from&quot;:&quot;article footer&quot;,&quot;name&quot;:&quot;Mon actu&quot;,&quot;type&quot;:&quot;cta&quot;}}\" target=\"_blank\">Mon Actu<\/a>.<\/p>\n","protected":false},"excerpt":{"rendered":"Par Samuel Sauneuf Publi\u00e9 le 26 nov. 2025 \u00e0 19h19 La venue de Jordan Bardella \u00e0 Saint-Malo (Ille-et-Vilaine),&hellip;\n","protected":false},"author":2,"featured_media":561738,"comment_status":"","ping_status":"","sticky":false,"template":"","format":"standard","meta":{"footnotes":""},"categories":[4],"tags":[11,1076,1011,27,1077,1272,12,25,104],"class_list":{"0":"post-561737","1":"post","2":"type-post","3":"status-publish","4":"format-standard","5":"has-post-thumbnail","7":"category-france","8":"tag-actualites","9":"tag-extreme-droite","10":"tag-fr","11":"tag-france","12":"tag-jordan-bardella","13":"tag-manifestations","14":"tag-news","15":"tag-republique-francaise","16":"tag-societe"},"share_on_mastodon":{"url":"https:\/\/pubeurope.com\/@fr\/115620438674297682","error":""},"_links":{"self":[{"href":"https:\/\/www.europesays.com\/fr\/wp-json\/wp\/v2\/posts\/561737","targetHints":{"allow":["GET"]}}],"collection":[{"href":"https:\/\/www.europesays.com\/fr\/wp-json\/wp\/v2\/posts"}],"about":[{"href":"https:\/\/www.europesays.com\/fr\/wp-json\/wp\/v2\/types\/post"}],"author":[{"embeddable":true,"href":"https:\/\/www.europesays.com\/fr\/wp-json\/wp\/v2\/users\/2"}],"replies":[{"embeddable":true,"href":"https:\/\/www.europesays.com\/fr\/wp-json\/wp\/v2\/comments?post=561737"}],"version-history":[{"count":0,"href":"https:\/\/www.europesays.com\/fr\/wp-json\/wp\/v2\/posts\/561737\/revisions"}],"wp:featuredmedia":[{"embeddable":true,"href":"https:\/\/www.europesays.com\/fr\/wp-json\/wp\/v2\/media\/561738"}],"wp:attachment":[{"href":"https:\/\/www.europesays.com\/fr\/wp-json\/wp\/v2\/media?parent=561737"}],"wp:term":[{"taxonomy":"category","embeddable":true,"href":"https:\/\/www.europesays.com\/fr\/wp-json\/wp\/v2\/categories?post=561737"},{"taxonomy":"post_tag","embeddable":true,"href":"https:\/\/www.europesays.com\/fr\/wp-json\/wp\/v2\/tags?post=561737"}],"curies":[{"name":"wp","href":"https:\/\/api.w.org\/{rel}","templated":true}]}}