{"id":561741,"date":"2025-11-27T07:18:17","date_gmt":"2025-11-27T07:18:17","guid":{"rendered":"https:\/\/www.europesays.com\/fr\/561741\/"},"modified":"2025-11-27T07:18:17","modified_gmt":"2025-11-27T07:18:17","slug":"linquietude-sur-le-marche-a-la-gare","status":"publish","type":"post","link":"https:\/\/www.europesays.com\/fr\/561741\/","title":{"rendered":"l\u2019inqui\u00e9tude sur le march\u00e9, \u00e0 la gare"},"content":{"rendered":"<p>La question laisse peu de monde indiff\u00e9rent\u2026 Clients habituels ou occasionnels, promeneurs ou simple habitant, rares sont les Appelous qui n\u2019ont pas un avis sur la localisation du march\u00e9 non alimentaire du jeudi matin.<\/p>\n<p>Ce dernier a d\u00e9sert\u00e9 son emplacement historique du c\u0153ur de ville et de la place du Breuil fin mars, pour s\u2019installer sur le parvis de la gare et sur une partie des parkings voisins.<\/p>\n<p>Le march\u00e9 \u00e0 la gare, pour combien de temps\u00a0?<\/p>\n<p>D\u2019embl\u00e9e, la Ville a bien signal\u00e9 que cette d\u00e9localisation \u00e9tait provisoire, pendant <a href=\"https:\/\/www.leprogres.fr\/societe\/2025\/10\/26\/place-du-breuil-une-nouvelle-phase-de-travaux-debute-ce-lundi\" target=\"_blank\" rel=\"noopener\">les travaux des abords de la place du Breuil<\/a>. En octobre, les \u00e9tals auraient donc d\u00fb reprendre leur position mais la Vogue s\u2019est install\u00e9e, d\u00e9calant une nouvelle fois le retour du march\u00e9. Et maintenant, c\u2019est une nouvelle tranche de travaux qui perturbe les abords de la place du Breuil\u2026<\/p>\n<p>Le march\u00e9 reste donc vers la gare, mais pour combien de temps\u00a0? La question est sur toutes les l\u00e8vres, aussi bien du c\u00f4t\u00e9 des marchands que des clients.<\/p>\n<p>\u00ab\u00a0Quand il fait beau,&#8230;                        <\/p>\n","protected":false},"excerpt":{"rendered":"La question laisse peu de monde indiff\u00e9rent\u2026 Clients habituels ou occasionnels, promeneurs ou simple habitant, rares sont les&hellip;\n","protected":false},"author":2,"featured_media":561742,"comment_status":"","ping_status":"","sticky":false,"template":"","format":"standard","meta":{"footnotes":""},"categories":[9653],"tags":[1111,11,2430,4406,33,7539,1777,674,10282,10283,1011,27,12,25,4001],"class_list":{"0":"post-561741","1":"post","2":"type-post","3":"status-publish","4":"format-standard","5":"has-post-thumbnail","7":"category-saint-etienne","8":"tag-actu","9":"tag-actualites","10":"tag-auvergne-rhone-alpes","11":"tag-commerce-et-services","12":"tag-economie","13":"tag-edition-loire-sud","14":"tag-eu","15":"tag-europe","16":"tag-firminy","17":"tag-firminy-ville","18":"tag-fr","19":"tag-france","20":"tag-news","21":"tag-republique-francaise","22":"tag-saint-etienne"},"share_on_mastodon":{"url":"https:\/\/pubeurope.com\/@fr\/115620446611024995","error":""},"_links":{"self":[{"href":"https:\/\/www.europesays.com\/fr\/wp-json\/wp\/v2\/posts\/561741","targetHints":{"allow":["GET"]}}],"collection":[{"href":"https:\/\/www.europesays.com\/fr\/wp-json\/wp\/v2\/posts"}],"about":[{"href":"https:\/\/www.europesays.com\/fr\/wp-json\/wp\/v2\/types\/post"}],"author":[{"embeddable":true,"href":"https:\/\/www.europesays.com\/fr\/wp-json\/wp\/v2\/users\/2"}],"replies":[{"embeddable":true,"href":"https:\/\/www.europesays.com\/fr\/wp-json\/wp\/v2\/comments?post=561741"}],"version-history":[{"count":0,"href":"https:\/\/www.europesays.com\/fr\/wp-json\/wp\/v2\/posts\/561741\/revisions"}],"wp:featuredmedia":[{"embeddable":true,"href":"https:\/\/www.europesays.com\/fr\/wp-json\/wp\/v2\/media\/561742"}],"wp:attachment":[{"href":"https:\/\/www.europesays.com\/fr\/wp-json\/wp\/v2\/media?parent=561741"}],"wp:term":[{"taxonomy":"category","embeddable":true,"href":"https:\/\/www.europesays.com\/fr\/wp-json\/wp\/v2\/categories?post=561741"},{"taxonomy":"post_tag","embeddable":true,"href":"https:\/\/www.europesays.com\/fr\/wp-json\/wp\/v2\/tags?post=561741"}],"curies":[{"name":"wp","href":"https:\/\/api.w.org\/{rel}","templated":true}]}}