{"id":561744,"date":"2025-11-27T07:20:16","date_gmt":"2025-11-27T07:20:16","guid":{"rendered":"https:\/\/www.europesays.com\/fr\/561744\/"},"modified":"2025-11-27T07:20:16","modified_gmt":"2025-11-27T07:20:16","slug":"grand-nancy-visage-tumefie-cotes-cassees-un-nourrisson-hospitalise-17-jours-apres-sa-naissance-son-pere-condamne-pour-violences","status":"publish","type":"post","link":"https:\/\/www.europesays.com\/fr\/561744\/","title":{"rendered":"Grand Nancy. Visage tum\u00e9fi\u00e9, c\u00f4tes cass\u00e9es&#8230; Un nourrisson hospitalis\u00e9 17 jours apr\u00e8s sa naissance, son p\u00e8re condamn\u00e9 pour violences"},"content":{"rendered":"<p>\u00ab\u00a0Aujourd\u2019hui, Liam est en famille d\u2019accueil, c\u2019est un b\u00e9b\u00e9 de quatre mois qui \u00e9volue tr\u00e8s bien\u00a0\u00bb, souligne Me Violaine Lagarrigue, intervenant pour la pr\u00e9sidente du conseil d\u00e9partemental de Meurthe-et-Moselle.<\/p>\n<p>Les parents de Liam \u00e9coutent avec attention, sans broncher, l\u2019avocate de la partie civile donner des nouvelles de leur enfant. Bien que s\u00e9par\u00e9s, ce mercredi, ils comparaissent ensemble \u00e0&#8230;<\/p>\n","protected":false},"excerpt":{"rendered":"\u00ab\u00a0Aujourd\u2019hui, Liam est en famille d\u2019accueil, c\u2019est un b\u00e9b\u00e9 de quatre mois qui \u00e9volue tr\u00e8s bien\u00a0\u00bb, souligne Me&hellip;\n","protected":false},"author":2,"featured_media":561745,"comment_status":"","ping_status":"","sticky":false,"template":"","format":"standard","meta":{"footnotes":""},"categories":[9635],"tags":[1111,11,1707,1704,1706,1705,1777,674,274,1011,27,775,19913,6364,3457,1702,12,25],"class_list":{"0":"post-561744","1":"post","2":"type-post","3":"status-publish","4":"format-standard","5":"has-post-thumbnail","7":"category-nancy","8":"tag-actu","9":"tag-actualites","10":"tag-edition-luneville","11":"tag-edition-nancy-et-agglomeration","12":"tag-edition-pont-a-mousson","13":"tag-edition-toul","14":"tag-eu","15":"tag-europe","16":"tag-faits-divers-justice","17":"tag-fr","18":"tag-france","19":"tag-grand-est","20":"tag-heillecourt","21":"tag-metropole-du-grand-nancy-54b1","22":"tag-meurthe-et-moselle","23":"tag-nancy","24":"tag-news","25":"tag-republique-francaise"},"share_on_mastodon":{"url":"https:\/\/pubeurope.com\/@fr\/115620454315624627","error":""},"_links":{"self":[{"href":"https:\/\/www.europesays.com\/fr\/wp-json\/wp\/v2\/posts\/561744","targetHints":{"allow":["GET"]}}],"collection":[{"href":"https:\/\/www.europesays.com\/fr\/wp-json\/wp\/v2\/posts"}],"about":[{"href":"https:\/\/www.europesays.com\/fr\/wp-json\/wp\/v2\/types\/post"}],"author":[{"embeddable":true,"href":"https:\/\/www.europesays.com\/fr\/wp-json\/wp\/v2\/users\/2"}],"replies":[{"embeddable":true,"href":"https:\/\/www.europesays.com\/fr\/wp-json\/wp\/v2\/comments?post=561744"}],"version-history":[{"count":0,"href":"https:\/\/www.europesays.com\/fr\/wp-json\/wp\/v2\/posts\/561744\/revisions"}],"wp:featuredmedia":[{"embeddable":true,"href":"https:\/\/www.europesays.com\/fr\/wp-json\/wp\/v2\/media\/561745"}],"wp:attachment":[{"href":"https:\/\/www.europesays.com\/fr\/wp-json\/wp\/v2\/media?parent=561744"}],"wp:term":[{"taxonomy":"category","embeddable":true,"href":"https:\/\/www.europesays.com\/fr\/wp-json\/wp\/v2\/categories?post=561744"},{"taxonomy":"post_tag","embeddable":true,"href":"https:\/\/www.europesays.com\/fr\/wp-json\/wp\/v2\/tags?post=561744"}],"curies":[{"name":"wp","href":"https:\/\/api.w.org\/{rel}","templated":true}]}}