{"id":561756,"date":"2025-11-27T07:27:19","date_gmt":"2025-11-27T07:27:19","guid":{"rendered":"https:\/\/www.europesays.com\/fr\/561756\/"},"modified":"2025-11-27T07:27:19","modified_gmt":"2025-11-27T07:27:19","slug":"pres-de-rouen-cette-ancienne-boulangerie-luval-est-en-travaux-que-va-t-elle-devenir","status":"publish","type":"post","link":"https:\/\/www.europesays.com\/fr\/561756\/","title":{"rendered":"Pr\u00e8s de Rouen, cette ancienne boulangerie Luval est en travaux : que va-t-elle devenir\u00a0?"},"content":{"rendered":"<p>                    Par<br \/>\n        <strong><br \/>\n            <a href=\"https:\/\/actu.fr\/auteur\/yann-rivallan\" title=\"Consulter tous les articles de Yann Rivallan\" target=\"_blank\" rel=\"noopener\">Yann Rivallan<\/a><br \/>\n                    <\/strong><\/p>\n<p>        Publi\u00e9 le<\/p>\n<p>            27 nov. 2025 \u00e0 8h17        <\/p>\n<p>Elle est rest\u00e9e portes closes depuis <a href=\"https:\/\/actu.fr\/normandie\/rouen_76540\/les-boulangeries-luval-placees-en-liquidation-judiciaire-plusieurs-boutiques-ferment_60605525.html\" target=\"_blank\" rel=\"noopener\">la liquidation judiciaire<\/a> de l\u2019enseigne le 30\u00a0janvier 2024. M\u00eame si certaines <strong>boulangeries Luval<\/strong> ont depuis <a href=\"https:\/\/actu.fr\/normandie\/rouen_76540\/certaines-boulangeries-luval-ont-rouvert-a-rouen-depuis-la-fin-du-mois-de-mars-voici-pourquoi_62442522.html\" target=\"_blank\" rel=\"noopener\">rouvert leurs portes<\/a>, celle du <strong>rond-point des Bruy\u00e8res<\/strong>, au Petit-Quevilly, pr\u00e8s de Rouen, \u00e9tait toujours ferm\u00e9e. Mais le 17\u00a0d\u00e9cembre prochain, ce commerce va rouvrir, sous une autre forme. On vous explique ce qu\u2019il va devenir.<\/p>\n<p>Un nouveau commerce \u00e0 la place de la boulangerie<\/p>\n<p class=\" wall-content\">Fini le pain et les viennoiseries. Une sup\u00e9rette de l\u2019enseigne Carrefour va s\u2019installer ici. Il s\u2019agira plus pr\u00e9cis\u00e9ment d\u2019un magasin <strong>Carrefour Express<\/strong>. D\u2019une superficie de 120\u00a0m2, il proposera toutes les r\u00e9f\u00e9rences habituelles de l\u2019enseigne.<\/p>\n<p>    <img   decoding=\"async\" loading=\"lazy\" src=\"https:\/\/www.europesays.com\/fr\/wp-content\/uploads\/2025\/11\/luval-bruyeres-rouen-carrefour-express-960x640.jpg\" alt=\"\u00c0 l'abandon depuis la liquidation judiciaire des boulangeries Luval, ce commerce du rond-point des Bruy\u00e8res, pr\u00e8s de Rouen, va devenir un Carrefour Express.\" width=\"960\" height=\"640\"\/><br \/>\n    \u00c0 l\u2019abandon depuis la liquidation judiciaire des boulangeries Luval, ce commerce du rond-point des Bruy\u00e8res, pr\u00e8s de Rouen, va devenir un Carrefour Express. (\u00a9YR\/76actu)<\/p>\n<p class=\" wall-content\">Produits de la vie quotidienne, alimentation, marques conventionnelles et premiers prix\u2026 Un Carrefour tout \u00e0 fait classique, convient son futur g\u00e9rant, Kanesan Kobal.<\/p>\n<p class=\" wall-content\">Un type de commerce qui <strong>\u00ab\u2009manquait\u2009\u00bb<\/strong> dans les environs, assure-t-il. Il y a seulement une petite \u00e9picerie toute proche et un magasin concurrent \u00e0 un bon kilom\u00e8tre. \u00ab\u2009C\u2019est un emplacement id\u00e9al o\u00f9 il n\u2019y a pas trop de magasins de ce genre\u2009\u00bb, pense le g\u00e9rant.<\/p>\n<p>Une terrasse pour manger sur place<\/p>\n<p class=\" wall-content\">Cette nouvelle sup\u00e9rette mise sur les habitants du coin et compte \u00e9galement offrir <strong>un point de restauration<\/strong> pour les salari\u00e9s et lyc\u00e9ens des environs.<\/p>\n<p>Vid\u00e9os : en ce moment sur Actu<\/p>\n<blockquote class=\"ac-article-quote wall-content\">\n<p>On proposera une terrasse \u00e0 l&rsquo;ext\u00e9rieur avec des tables et des chaises pour manger sur place.<\/p>\n<p>    <strong>Kanesan Kobal<\/strong><br \/>\n        Futur g\u00e9rant du Carrefour Express    <\/p><\/blockquote>\n<p class=\" wall-content\">Bien s\u00fbr, ce nouveau Carrefour proposera l\u2019ensemble des services que l\u2019on retrouve dans d\u2019autres magasins\u2009: \u00ab\u2009On fera relais colis, Vinted, des livraisons pour Uber Eats\u2009\u00bb, \u00e9num\u00e8re le futur g\u00e9rant.<\/p>\n<p>Votre r\u00e9gion, votre actu !<\/p>\n<p>Recevez chaque jour les infos qui comptent pour vous.<\/p>\n<p>\t<a href=\"https:\/\/actu.fr\/newsletter\" class=\"ac-btn ac-btn--corner ac-btn--medium ac-btn--blue800\" target=\"_blank\" rel=\"noopener\">S&rsquo;incrire<\/a><\/p>\n<p class=\" wall-content\">\u00ab\u2009On a aussi la chance d\u2019avoir <strong>un parking de 4 places<\/strong> juste devant le magasin\u2009\u00bb, pr\u00e9cise-t-il. Une aubaine pour des clients de passage. Enfin, Kanesan Kobal indique qu\u2019un dernier poste en CDI de 35h est \u00e0 pourvoir pour ce futur magasin.<\/p>\n<p><strong>Infos pratiques<\/strong><br \/>\nCarrefour Express rond-point des Bruy\u00e8re, au Petit-Quevilly. Horaires d\u2019ouverture\u2009: de 7h \u00e0 22h du lundi au samedi et de 8h \u00e0 13h le dimanche. Pour postuler, il faut passer par la page Facebook <a href=\"https:\/\/www.facebook.com\/profile.php?id=61584371395030\" target=\"_blank\" rel=\"noopener\">CRF Les Bruy\u00e8res<\/a>.Suivez l\u2019actualit\u00e9 de Rouen sur <a href=\"https:\/\/www.whatsapp.com\/channel\/0029VaKfnf99hXF2ddApFB1D\" target=\"_blank\" rel=\"noopener\">notre cha\u00eene WhatsApp<\/a> et sur <a href=\"https:\/\/www.tiktok.com\/@76actu.fr?lang=fr\" target=\"_blank\" rel=\"noopener\">notre compte TikTok<\/a><\/p>\n<p class=\" wall-content\">Personnalisez votre actualit\u00e9 en ajoutant vos villes et m\u00e9dias en favori avec <a href=\"https:\/\/moncompte.actu.fr\" title=\"D\u00e9couvez Mon Actu\" rel=\"nofollow noopener\" data-trk=\"{&quot;cta&quot;:{&quot;action&quot;:&quot;https:\\\/\\\/moncompte.actu.fr&quot;,&quot;category&quot;:&quot;mon compte&quot;,&quot;from&quot;:&quot;article footer&quot;,&quot;name&quot;:&quot;Mon actu&quot;,&quot;type&quot;:&quot;cta&quot;}}\" target=\"_blank\">Mon Actu<\/a>.<\/p>\n<p>                    <script async src=\"\/\/www.tiktok.com\/embed.js\"><\/script><\/p>\n","protected":false},"excerpt":{"rendered":"Par Yann Rivallan Publi\u00e9 le 27 nov. 2025 \u00e0 8h17 Elle est rest\u00e9e portes closes depuis la liquidation&hellip;\n","protected":false},"author":2,"featured_media":561757,"comment_status":"","ping_status":"","sticky":false,"template":"","format":"standard","meta":{"footnotes":""},"categories":[9587],"tags":[1111,11,4304,215,33,1777,674,1011,27,12,5161,3147,25,9590],"class_list":{"0":"post-561756","1":"post","2":"type-post","3":"status-publish","4":"format-standard","5":"has-post-thumbnail","7":"category-rouen","8":"tag-actu","9":"tag-actualites","10":"tag-carrefour","11":"tag-commerce","12":"tag-economie","13":"tag-eu","14":"tag-europe","15":"tag-fr","16":"tag-france","17":"tag-news","18":"tag-normandie","19":"tag-nouveaux-commerces","20":"tag-republique-francaise","21":"tag-rouen"},"share_on_mastodon":{"url":"https:\/\/pubeurope.com\/@fr\/115620482757245475","error":""},"_links":{"self":[{"href":"https:\/\/www.europesays.com\/fr\/wp-json\/wp\/v2\/posts\/561756","targetHints":{"allow":["GET"]}}],"collection":[{"href":"https:\/\/www.europesays.com\/fr\/wp-json\/wp\/v2\/posts"}],"about":[{"href":"https:\/\/www.europesays.com\/fr\/wp-json\/wp\/v2\/types\/post"}],"author":[{"embeddable":true,"href":"https:\/\/www.europesays.com\/fr\/wp-json\/wp\/v2\/users\/2"}],"replies":[{"embeddable":true,"href":"https:\/\/www.europesays.com\/fr\/wp-json\/wp\/v2\/comments?post=561756"}],"version-history":[{"count":0,"href":"https:\/\/www.europesays.com\/fr\/wp-json\/wp\/v2\/posts\/561756\/revisions"}],"wp:featuredmedia":[{"embeddable":true,"href":"https:\/\/www.europesays.com\/fr\/wp-json\/wp\/v2\/media\/561757"}],"wp:attachment":[{"href":"https:\/\/www.europesays.com\/fr\/wp-json\/wp\/v2\/media?parent=561756"}],"wp:term":[{"taxonomy":"category","embeddable":true,"href":"https:\/\/www.europesays.com\/fr\/wp-json\/wp\/v2\/categories?post=561756"},{"taxonomy":"post_tag","embeddable":true,"href":"https:\/\/www.europesays.com\/fr\/wp-json\/wp\/v2\/tags?post=561756"}],"curies":[{"name":"wp","href":"https:\/\/api.w.org\/{rel}","templated":true}]}}