{"id":561758,"date":"2025-11-27T07:28:18","date_gmt":"2025-11-27T07:28:18","guid":{"rendered":"https:\/\/www.europesays.com\/fr\/561758\/"},"modified":"2025-11-27T07:28:18","modified_gmt":"2025-11-27T07:28:18","slug":"jai-ete-frappe-par-le-nombre-dinexactitudes-des-historiens-se-questionnent-sur-la-cite-immersive-viking-a-rouen","status":"publish","type":"post","link":"https:\/\/www.europesays.com\/fr\/561758\/","title":{"rendered":"\u00ab\u00a0J&rsquo;ai \u00e9t\u00e9 frapp\u00e9 par le nombre d&rsquo;inexactitudes\u00a0\u00bb : des historiens se questionnent sur la Cit\u00e9 Immersive Viking \u00e0 Rouen"},"content":{"rendered":"<p>D&rsquo;apr\u00e8s certains historiens normands, la Cit\u00e9 Immersive Viking de Rouen pr\u00e9sente plusieurs approximations dans son traitement de cette p\u00e9riode. Le cofondateur du lieu d\u00e9ment.<\/p>\n<p>\u00ab\u00a0C&rsquo;est du grand n&rsquo;importe quoi\u00a0\u00bb, r\u00e9agit Pierre Bauduin, professeur d&rsquo;histoire m\u00e9di\u00e9vale \u00e0 l&rsquo;universit\u00e9 de Caen \u00e0 propos de l&rsquo;une des salles de la Cit\u00e9 Immersive Viking \u00e0 Rouen. Il n&rsquo;est pas le seul historien \u00e0\u00a0<strong>s&rsquo;interroger sur le contenu de ce lieu<\/strong>\u00a0consacr\u00e9 \u00e0 l&rsquo;arriv\u00e9e des Vikings en Normandie. D&rsquo;apr\u00e8s l&rsquo;un de ses fondateurs, cet endroit a attir\u00e9 environ 150.000 personnes depuis son ouverture en juin 2024.<\/p>\n<p>La derni\u00e8re sc\u00e8ne, des vid\u00e9os projet\u00e9es sur les murs et le plafond de la salle, racontant l&rsquo;histoire des descendants des Vikings, a heurt\u00e9 Pierre Bauduin.\u00a0\u00ab\u00a0C&rsquo;est un m\u00e9lange de genre, ce n&rsquo;est pas r\u00e9ussi d&rsquo;un point de vue historique. Il n&rsquo;y a pas d&rsquo;histoire, car c&rsquo;est une accumulation d&rsquo;images dont j&rsquo;ai du mal \u00e0 saisir le sens.\u00a0\u00bb\u00a0<strong>Le cofondateur du lieu, Jean Verg\u00e8s, s&rsquo;en d\u00e9fend<\/strong>.\u00a0\u00bbNous ne diffusons pas de fausses informations historiques. \u00c9videmment, notre intention, c&rsquo;est d&rsquo;\u00eatre le plus proche de la rigueur, mais il y a une part de r\u00e9cit pour cr\u00e9er un contenu grand public.\u00a0\u00bb<\/p>\n<p>\u00a0\u00bb Nous ne diffusons pas de fausses informations \u00ab\u00a0<\/p>\n<p>\u00ab\u00a0On dit aussi que la Normandie est un duch\u00e9 alors que le premier terme attest\u00e9 de duc de Normandie remonte au XIe si\u00e8cle alors que l\u00e0, on est au Xe si\u00e8cle\u00a0\u00bb, remarque Christophe Cramoisan, \u00e9tudiant en master d&rsquo;histoire \u00e0 l&rsquo;universit\u00e9 de Rouen. Jean Verg\u00e8s pr\u00e9cise ce que l&rsquo;exposition a voulu transmettre comme message\u00a0:\u00a0\u00ab\u00a0Alors la date de 911, c&rsquo;est un peu la date l\u00e9gendaire pour la cr\u00e9ation de la Normandie par le trait\u00e9 de Saint-Clair-sur-Epte. Le Duch\u00e9 de Normandie en tant que tel est effectivement post\u00e9rieur, le titre de Duc de Normandie arrive un petit peu plus tard.\u00a0\u00bb<\/p>\n<p>Alexis Gr\u00e9lois, son ma\u00eetre de conf\u00e9rence en histoire du Moyen \u00c2ge \u00e0 l&rsquo;universit\u00e9 de Rouen,\u00a0<strong>soul\u00e8ve un autre probl\u00e8me<\/strong>.\u00a0\u00ab\u00a0Ce qui m&rsquo;a le plus marqu\u00e9, c&rsquo;est cette volont\u00e9 de faire de Rollon un h\u00e9ros quasi-surhumain et de concentrer sur la p\u00e9riode 912-927 la formation de la Normandie alors que c&rsquo;est un processus beaucoup plus long et qu&rsquo;en 927, la situation est encore extr\u00eamement pr\u00e9caire.\u00a0\u00bb<\/p>\n<p>Jean Verg\u00e8s n&rsquo;est pas d&rsquo;accord\u00a0:\u00a0\u00ab\u00a0Lorsque Rollon, en 927 dans son discours dit qu&rsquo;il a voulu cr\u00e9er une Normandie prosp\u00e8re et bien oui, on peut l&rsquo;assumer, on peut le dire parce qu&rsquo;\u00e0 cette \u00e9poque, la Normandie est stabilis\u00e9e politiquement, est stabilis\u00e9e sur le plan s\u00e9curitaire et va v\u00e9ritablement ouvrir la voie vers une destin\u00e9e qui est assez exceptionnelle.\u00a0\u00bb<\/p>\n<p>\u00ab\u00a0Le risque est d&rsquo;avoir une vision tr\u00e8s partielle\u00a0\u00bb<\/p>\n<p>Que retenir de cette Cit\u00e9 Immersive Viking\u00a0? Alexis Gr\u00e9lois l&rsquo;admet\u00a0:\u00a0\u00ab\u00a0J&rsquo;ai plut\u00f4t pass\u00e9 un bon moment, le spectacle final est plut\u00f4t r\u00e9ussi d&rsquo;un point de vue visuel. Les premi\u00e8res salles sont int\u00e9ressantes. Il y a des anachronismes, mais qui ne sont pas trop g\u00eanants.\u00a0\u00bb\u00a0Mais il est aussi\u00a0<strong>critique sur certains aspects<\/strong>\u00a0du lieu.\u00a0\u00ab\u00a0En tant qu&rsquo;historien, j&rsquo;ai \u00e9t\u00e9 frapp\u00e9 par le nombre d&rsquo;inexactitudes. Le risque, c&rsquo;est d&rsquo;avoir une vision tr\u00e8s, tr\u00e8s partielle, dont on ne garderait du d\u00e9but que les Vikings sanguinaires puisque Rollon est un gars g\u00e9nial qui a laiss\u00e9 une Normandie parfaite et que cette Normandie s&rsquo;est affirm\u00e9e conqu\u00e9rante en Italie du Sud ou dans l&rsquo;espace avec Thomas Pesquet.\u00a0\u00bb<\/p>\n<p>Jean Verg\u00e8s a une toute autre vision des choses.\u00a0\u00ab\u00a0Les querelles d&rsquo;historiens sur est-ce que le bon terme a \u00e9t\u00e9 employ\u00e9 ou non finalement ne sont pas notre sujet \u00e0 partir du moment o\u00f9 on reste droit dans la d\u00e9marche et dans la nature du contenu que nous utilisons.\u00a0\u00bb\u00a0Le cofondateur de la Cit\u00e9 Immersive de Rouen\u00a0<strong>assume son choix de vulgariser l&rsquo;histoire<\/strong>.\u00a0\u00ab\u00a0On peut \u00eatre extr\u00eamement fier de se dire qu&rsquo;on accueille des gens qui ne se rendent pas traditionnellement dans les mus\u00e9es. Nous avons vocation \u00e0 \u00eatre une \u00e9tincelle vers des savoirs plus sp\u00e9cialis\u00e9s.\u00a0\u00bb\u00a0Jean Verg\u00e8s pr\u00e9cise qu&rsquo;un ouvrage co-\u00e9crit par 11 historiens, mandat\u00e9s par la Cit\u00e9 Immersive Viking, est disponible en boutique pour les visiteurs qui voudraient en apprendre plus sur le sujet.<\/p>\n","protected":false},"excerpt":{"rendered":"D&rsquo;apr\u00e8s certains historiens normands, la Cit\u00e9 Immersive Viking de Rouen pr\u00e9sente plusieurs approximations dans son traitement de cette&hellip;\n","protected":false},"author":2,"featured_media":561759,"comment_status":"","ping_status":"","sticky":false,"template":"","format":"standard","meta":{"footnotes":""},"categories":[9587],"tags":[1111,11,1777,674,1011,27,12,5161,25,9590],"class_list":{"0":"post-561758","1":"post","2":"type-post","3":"status-publish","4":"format-standard","5":"has-post-thumbnail","7":"category-rouen","8":"tag-actu","9":"tag-actualites","10":"tag-eu","11":"tag-europe","12":"tag-fr","13":"tag-france","14":"tag-news","15":"tag-normandie","16":"tag-republique-francaise","17":"tag-rouen"},"share_on_mastodon":{"url":"https:\/\/pubeurope.com\/@fr\/115620485868374935","error":""},"_links":{"self":[{"href":"https:\/\/www.europesays.com\/fr\/wp-json\/wp\/v2\/posts\/561758","targetHints":{"allow":["GET"]}}],"collection":[{"href":"https:\/\/www.europesays.com\/fr\/wp-json\/wp\/v2\/posts"}],"about":[{"href":"https:\/\/www.europesays.com\/fr\/wp-json\/wp\/v2\/types\/post"}],"author":[{"embeddable":true,"href":"https:\/\/www.europesays.com\/fr\/wp-json\/wp\/v2\/users\/2"}],"replies":[{"embeddable":true,"href":"https:\/\/www.europesays.com\/fr\/wp-json\/wp\/v2\/comments?post=561758"}],"version-history":[{"count":0,"href":"https:\/\/www.europesays.com\/fr\/wp-json\/wp\/v2\/posts\/561758\/revisions"}],"wp:featuredmedia":[{"embeddable":true,"href":"https:\/\/www.europesays.com\/fr\/wp-json\/wp\/v2\/media\/561759"}],"wp:attachment":[{"href":"https:\/\/www.europesays.com\/fr\/wp-json\/wp\/v2\/media?parent=561758"}],"wp:term":[{"taxonomy":"category","embeddable":true,"href":"https:\/\/www.europesays.com\/fr\/wp-json\/wp\/v2\/categories?post=561758"},{"taxonomy":"post_tag","embeddable":true,"href":"https:\/\/www.europesays.com\/fr\/wp-json\/wp\/v2\/tags?post=561758"}],"curies":[{"name":"wp","href":"https:\/\/api.w.org\/{rel}","templated":true}]}}