{"id":561762,"date":"2025-11-27T07:30:25","date_gmt":"2025-11-27T07:30:25","guid":{"rendered":"https:\/\/www.europesays.com\/fr\/561762\/"},"modified":"2025-11-27T07:30:25","modified_gmt":"2025-11-27T07:30:25","slug":"arthur-a-besoin-de-ses-doudous-a-lhopital-son-pere-cherche-sa-voiture-disparue-apres-un-controle-routier-a-grenoble","status":"publish","type":"post","link":"https:\/\/www.europesays.com\/fr\/561762\/","title":{"rendered":"\u00ab\u00a0Arthur a besoin de ses doudous \u00e0 l&rsquo;h\u00f4pital\u00a0\u00bb, son p\u00e8re cherche sa voiture disparue apr\u00e8s un contr\u00f4le routier \u00e0 Grenoble"},"content":{"rendered":"<p>Le fils a\u00een\u00e9 de Rodrigo est hospitalis\u00e9, en phase terminale d&rsquo;un cancer du cerveau \u00e0 Grenoble (Is\u00e8re). Vendredi 21 novembre, il partait chercher ses doudous quand la police l&rsquo;a arr\u00eat\u00e9 et a immobilis\u00e9 sa voiture. Depuis, la voiture est introuvable et les peluches sont toujours \u00e0 l&rsquo;int\u00e9rieur.<\/p>\n<p>Rodrigo et sa famille ne quittent plus l&rsquo;h\u00f4pital Couple-Enfant \u00e0 Grenoble, o\u00f9 leur fils a\u00een\u00e9, Arthur, 10 ans, est hospitalis\u00e9 au service oncologie. Diagnostiqu\u00e9 d&rsquo;une forme tr\u00e8s agressive de cancer du cerveau, <strong>le petit gar\u00e7on n&rsquo;a plus que quelques mois \u00e0 vivre<\/strong>. Vendredi 21 novembre, il a demand\u00e9 \u00e0 ses parents de lui amener ses doudous, deux peluches avec lesquelles il a grandi et qu&rsquo;il veut aupr\u00e8s de lui \u00e0 l&rsquo;h\u00f4pital. Son p\u00e8re est parti les chercher le soir m\u00eame. Sur le chemin du retour, <strong>la police nationale l&rsquo;a arr\u00eat\u00e9 et a ordonn\u00e9 l&rsquo;immobilisation du v\u00e9hicule<\/strong>. Depuis, <strong>la voiture et les peluches \u00e0 l&rsquo;int\u00e9rieur sont introuvables<\/strong>.<\/p>\n<p>loading<\/p>\n<p>\u00ab\u00a0Je ne comprends pas comment on peut \u00eatre si cruel\u00a0\u00bb<\/p>\n<p>Les d\u00e9tails du contr\u00f4le routiers sont grav\u00e9s dans la m\u00e9moire du p\u00e8re de famille. \u00ab\u00a0Je revenais d&rsquo;avoir d\u00e9pos\u00e9 ma fille chez une amie, j&rsquo;avais r\u00e9cup\u00e9r\u00e9 les doudous d&rsquo;Arthur et de quoi passer la nuit avec ma femme \u00e0 l&rsquo;h\u00f4pital, quand j&rsquo;ai vu des sir\u00e8nes bleues.\u00a0\u00bb L&rsquo;\u00e9quipe de police nationale lui fait signe de se ranger et proc\u00e8de \u00e0 un contr\u00f4le routier. \u00ab\u00a0L&rsquo;agent m&rsquo;a dit que je n&rsquo;\u00e9tais pas assur\u00e9. M\u00eame avec mon certificat d&rsquo;assurance et mes factures sous les yeux, il a maintenu que comme mon assurance n&rsquo;apparaissait pas dans ses syst\u00e8mes, il allait immobiliser ma voiture. Il neigeait, <strong>il \u00e9tait tard, je devais \u00eatre aupr\u00e8s de mon fils, pas en train d&rsquo;argumenter<\/strong> sur des choses simples\u00a0\u00a0\u00bb s&rsquo;\u00e9nerve encore Rodrigo. R\u00e9sign\u00e9, il finit par signer l&rsquo;immobilisation de sa Fiat et <strong>part pour l&rsquo;h\u00f4pital \u00e0 pied, sans les doudous.<\/strong>\u00a0\u00bb C&rsquo;\u00e9tait surr\u00e9el, je n&rsquo;aurais jamais pens\u00e9 tomber sur des gens si cruels.\u00a0\u00bb<\/p>\n<p>Aucune trace du v\u00e9hicule depuis le contr\u00f4le routier<\/p>\n<p>\u00c7a n&rsquo;est que le dimanche, quand il d\u00e9cide de retourner r\u00e9cup\u00e9rer ses affaires dans son v\u00e9hicule, qu&rsquo;il se rend compte qu&rsquo;il a disparu. \u00ab\u00a0Arthur n&rsquo;a rien fait pour m\u00e9riter \u00e7a. Mon fils a dix ans, il va mourir, il a juste demand\u00e9 son canari et son ourson et \u00e0 cause de ce contr\u00f4le, ils ont disparu\u00a0\u00bb se d\u00e9sole le p\u00e8re de famille.\u00a0Dans sa voiture, il y a non seulement <strong>les peluches de son petit-gar\u00e7on, mais aussi ses ordinateurs<\/strong>, gr\u00e2ce auxquels cet ing\u00e9nieur continue de travailler \u00e0 distance. \u00ab\u00a0Ce sont des donn\u00e9es sensibles, tout est crypt\u00e9 normalement, mais je ne peux plus travailler\u00a0\u00bb, d\u00e9plore encore Rodrigo.<\/p>\n<p>Rodrigo a contact\u00e9 la fourri\u00e8re, pas de trace de sa voiture. Du c\u00f4t\u00e9 de la police nationale, l&rsquo;immobilisation de la voiture est toujours en cours. Face au constat du p\u00e8re de famille qui ne trouve plus son v\u00e9hicule l\u00e0 o\u00f9 il l&rsquo;a laiss\u00e9, <strong>les forces de l&rsquo;ordre pensent que le v\u00e9hicule a \u00e9t\u00e9 vol\u00e9<\/strong>.<\/p>\n","protected":false},"excerpt":{"rendered":"Le fils a\u00een\u00e9 de Rodrigo est hospitalis\u00e9, en phase terminale d&rsquo;un cancer du cerveau \u00e0 Grenoble (Is\u00e8re). Vendredi&hellip;\n","protected":false},"author":2,"featured_media":561763,"comment_status":"","ping_status":"","sticky":false,"template":"","format":"standard","meta":{"footnotes":""},"categories":[9566],"tags":[1111,11,2430,1777,674,1011,27,2731,12,25],"class_list":{"0":"post-561762","1":"post","2":"type-post","3":"status-publish","4":"format-standard","5":"has-post-thumbnail","7":"category-grenoble","8":"tag-actu","9":"tag-actualites","10":"tag-auvergne-rhone-alpes","11":"tag-eu","12":"tag-europe","13":"tag-fr","14":"tag-france","15":"tag-grenoble","16":"tag-news","17":"tag-republique-francaise"},"share_on_mastodon":{"url":"https:\/\/pubeurope.com\/@fr\/115620493588116283","error":""},"_links":{"self":[{"href":"https:\/\/www.europesays.com\/fr\/wp-json\/wp\/v2\/posts\/561762","targetHints":{"allow":["GET"]}}],"collection":[{"href":"https:\/\/www.europesays.com\/fr\/wp-json\/wp\/v2\/posts"}],"about":[{"href":"https:\/\/www.europesays.com\/fr\/wp-json\/wp\/v2\/types\/post"}],"author":[{"embeddable":true,"href":"https:\/\/www.europesays.com\/fr\/wp-json\/wp\/v2\/users\/2"}],"replies":[{"embeddable":true,"href":"https:\/\/www.europesays.com\/fr\/wp-json\/wp\/v2\/comments?post=561762"}],"version-history":[{"count":0,"href":"https:\/\/www.europesays.com\/fr\/wp-json\/wp\/v2\/posts\/561762\/revisions"}],"wp:featuredmedia":[{"embeddable":true,"href":"https:\/\/www.europesays.com\/fr\/wp-json\/wp\/v2\/media\/561763"}],"wp:attachment":[{"href":"https:\/\/www.europesays.com\/fr\/wp-json\/wp\/v2\/media?parent=561762"}],"wp:term":[{"taxonomy":"category","embeddable":true,"href":"https:\/\/www.europesays.com\/fr\/wp-json\/wp\/v2\/categories?post=561762"},{"taxonomy":"post_tag","embeddable":true,"href":"https:\/\/www.europesays.com\/fr\/wp-json\/wp\/v2\/tags?post=561762"}],"curies":[{"name":"wp","href":"https:\/\/api.w.org\/{rel}","templated":true}]}}