{"id":561764,"date":"2025-11-27T07:32:38","date_gmt":"2025-11-27T07:32:38","guid":{"rendered":"https:\/\/www.europesays.com\/fr\/561764\/"},"modified":"2025-11-27T07:32:38","modified_gmt":"2025-11-27T07:32:38","slug":"musique-solidarite-jouets-a-donner-les-rockeurs-du-coeur-sont-enfin-de-retour-a-rennes-3","status":"publish","type":"post","link":"https:\/\/www.europesays.com\/fr\/561764\/","title":{"rendered":"Musique, solidarit\u00e9, jouets \u00e0 donner&#8230; Les Rockeurs du c\u0153ur sont enfin de retour \u00e0 Rennes"},"content":{"rendered":"<p>Apr\u00e8s plusieurs ann\u00e9es d\u2019absence, les Rockeurs ont du c\u0153ur font leur grand retour le vendredi 19\u00a0d\u00e9cembre 2025. Pour assister \u00e0 la soir\u00e9e, venez avec un jouet neuf ou en tr\u00e8s bon \u00e9tat d\u2019une valeur de 10\u00a0\u20ac minimum. Les jouets collect\u00e9s seront redistribu\u00e9s<\/p>\n<p>Apr\u00e8s plusieurs ann\u00e9es d\u2019absence, <a target=\"_self\" href=\"https:\/\/rennes.maville.com\/info\/info-locale\/rockeurs-ont-du-coeur-impossible-sans-recette-1628795\" rel=\"noopener\">les Rockeurs ont du c\u0153ur<\/a> font leur grand retour le vendredi 19\u00a0d\u00e9cembre 2025, sur la\u00a0sc\u00e8ne de L\u2019\u00c9tage de Rennes (Ille-et-Vilaine), pour faire rimer musique et solidarit\u00e9\u00a0!<\/p>\n<p>N\u00e9e de l\u2019initiative nantaise (qui r\u00e9unit chaque ann\u00e9e, depuis 1988, des centaines de spectateurs autour de plateaux\u00a0artistiques d\u2019exception), la soir\u00e9e a pour objectif de collecter des jouets au profit du Secours Populaire, qui\u00a0seront ensuite redistribu\u00e9s aux familles suivies par l\u2019association.<\/p>\n<p>\t<img decoding=\"async\" src=\"https:\/\/www.europesays.com\/fr\/wp-content\/uploads\/2025\/11\/P35603042D7081032G_px_640_.jpg\" alt=\"photo le groupe outrage.  \u00a9  photo fournie \u00e0 ouest-france\" width=\"640\" title=\" Le groupe Outrage.   Photo fournie \u00e0 Ouest-France \"\/><\/p>\n<p class=\"elmt-legende\"> Le groupe Outrage.   Photo fournie \u00e0 Ouest-France <\/p>\n<p>Cinq groupes au programme<\/p>\n<p>Cinq formations feront vibrer le plancher de L\u2019\u00c9tage pour cette soir\u00e9e de solidarit\u00e9\u00a0: La Phaze, qui signe son grand retour sur sc\u00e8ne\u00a0; <a target=\"_self\" href=\"https:\/\/lemans.maville.com\/actu\/actudet_-le-groupe-sarthois-outrage-appelle-a-soutenir-son-nouvel-album-_52734-6515795_actu.Htm\" rel=\"noopener\">Outrage<\/a> et son ska-punk endiabl\u00e9\u00a0; <a target=\"_self\" href=\"https:\/\/www.ouest-france.fr\/culture\/musiques\/rock\/ces-deux-freres-bretons-et-le-groupe-moundrag-reviennent-avec-un-second-album-et-un-rock-70s-bf7a07d6-9e0c-11f0-9269-ac82a639081c\" rel=\"noopener\">Moundrag<\/a>, deux fr\u00e8res (Camille et Colin) qui comptent parmi les meilleurs repr\u00e9sentants du rock psych\u00e9 en France\u00a0; les <a target=\"_self\" href=\"https:\/\/pontivy.maville.com\/actu\/actudet_--defendre-l-image-d-un-rock-simple-a-plumeliau-bieuzy-les-furieux-en-selle-pour-un-6e-festival-_12-6938600_actu.Htm\" rel=\"noopener\">Black Boys\u00a0On Moped<\/a> et Rose Corail pour un d\u00e9but de soir\u00e9e bien \u00e9nerv\u00e9\u00a0!<\/p>\n<p>Un jouet d\u2019une valeur de 10 \u20ac minimum<\/p>\n<p>Pour assister \u00e0 la soir\u00e9e, rien de plus simple\u00a0: venez avec un jouet neuf ou en tr\u00e8s bon \u00e9tat d\u2019une valeur de 10\u00a0\u20ac minimum (jeux de soci\u00e9t\u00e9, peluches, d\u00e9guisements, ou tout ce qui pourra \u00e9gayer le No\u00ebl des enfants)<\/p>\n<p><strong>Vendredi 19\u00a0d\u00e9cembre 2025<\/strong>, de 19\u00a0h \u00e0 minuit, \u00e0 L\u2019\u00c9tage, 1, esplanade Charles de Gaulle, \u00e0 Rennes, entr\u00e9e libre contre remise d\u2019un jouet neuf ou en tr\u00e8s bon \u00e9tat, d\u2019une valeur de 10\u00a0\u20ac minimum.<\/p>\n<p>\u00a0<\/p>\n","protected":false},"excerpt":{"rendered":"Apr\u00e8s plusieurs ann\u00e9es d\u2019absence, les Rockeurs ont du c\u0153ur font leur grand retour le vendredi 19\u00a0d\u00e9cembre 2025. Pour&hellip;\n","protected":false},"author":2,"featured_media":559619,"comment_status":"","ping_status":"","sticky":false,"template":"","format":"standard","meta":{"footnotes":""},"categories":[2821],"tags":[1111,11,829,11269,6596,1777,674,1011,27,6647,873,12,3086,584,25,8133,64082,3400,11489],"class_list":{"0":"post-561764","1":"post","2":"type-post","3":"status-publish","4":"format-standard","5":"has-post-thumbnail","7":"category-rennes","8":"tag-actu","9":"tag-actualites","10":"tag-bretagne","11":"tag-donner","12":"tag-enfin","13":"tag-eu","14":"tag-europe","15":"tag-fr","16":"tag-france","17":"tag-jouets","18":"tag-musique","19":"tag-news","20":"tag-redon","21":"tag-rennes","22":"tag-republique-francaise","23":"tag-retour","24":"tag-rockeurs","25":"tag-solidarite","26":"tag-ur"},"share_on_mastodon":{"url":"https:\/\/pubeurope.com\/@fr\/115620502273814332","error":""},"_links":{"self":[{"href":"https:\/\/www.europesays.com\/fr\/wp-json\/wp\/v2\/posts\/561764","targetHints":{"allow":["GET"]}}],"collection":[{"href":"https:\/\/www.europesays.com\/fr\/wp-json\/wp\/v2\/posts"}],"about":[{"href":"https:\/\/www.europesays.com\/fr\/wp-json\/wp\/v2\/types\/post"}],"author":[{"embeddable":true,"href":"https:\/\/www.europesays.com\/fr\/wp-json\/wp\/v2\/users\/2"}],"replies":[{"embeddable":true,"href":"https:\/\/www.europesays.com\/fr\/wp-json\/wp\/v2\/comments?post=561764"}],"version-history":[{"count":0,"href":"https:\/\/www.europesays.com\/fr\/wp-json\/wp\/v2\/posts\/561764\/revisions"}],"wp:featuredmedia":[{"embeddable":true,"href":"https:\/\/www.europesays.com\/fr\/wp-json\/wp\/v2\/media\/559619"}],"wp:attachment":[{"href":"https:\/\/www.europesays.com\/fr\/wp-json\/wp\/v2\/media?parent=561764"}],"wp:term":[{"taxonomy":"category","embeddable":true,"href":"https:\/\/www.europesays.com\/fr\/wp-json\/wp\/v2\/categories?post=561764"},{"taxonomy":"post_tag","embeddable":true,"href":"https:\/\/www.europesays.com\/fr\/wp-json\/wp\/v2\/tags?post=561764"}],"curies":[{"name":"wp","href":"https:\/\/api.w.org\/{rel}","templated":true}]}}