{"id":561765,"date":"2025-11-27T07:33:11","date_gmt":"2025-11-27T07:33:11","guid":{"rendered":"https:\/\/www.europesays.com\/fr\/561765\/"},"modified":"2025-11-27T07:33:11","modified_gmt":"2025-11-27T07:33:11","slug":"rennes-le-prix-goncourt-des-lyceens-decerne-ce-jeudi-midi","status":"publish","type":"post","link":"https:\/\/www.europesays.com\/fr\/561765\/","title":{"rendered":"Rennes. Le Prix Goncourt des Lyc\u00e9ens d\u00e9cern\u00e9 ce jeudi midi"},"content":{"rendered":"\n<p>Leurs cinq romans sont \u00ab\u00a0La maison vide\u00a0\u00bb (Laurent Mauvignier, aux \u00e9ditions de Minuit), \u00ab\u00a0La nuit au c\u0153ur\u00a0\u00bb (Nathacha Appanah, Gallimard), \u00ab\u00a0L&rsquo;adieu au visage\u00a0\u00bb (David Deneufgermain, Marchialy), \u00ab\u00a0La collision\u00a0\u00bb (Paul Gasnier, Gallimard) et \u00ab\u00a0Un fr\u00e8re\u00a0\u00bb (David Thomas, L&rsquo;Olivier).<\/p>\n<p>Les deux premiers ont d\u00e9j\u00e0 \u00e9t\u00e9 aur\u00e9ol\u00e9s de prix litt\u00e9raires au d\u00e9but du mois de novembre.<\/p>\n<p><strong>Laurent Mauvignier <\/strong>a re\u00e7u la plus prestigieuse des r\u00e9compenses de la litt\u00e9rature en France, le prix Goncourt, pour sa vaste fresque familiale de 750 pages. Dans \u00ab\u00a0La maison vide\u00a0\u00bb, l&rsquo;auteur raconte les g\u00e9n\u00e9rations se succ\u00e9dant depuis le d\u00e9but du XXe si\u00e8cle dans une b\u00e2tisse de La Bass\u00e9e, un village imaginaire de Touraine qui ressemble \u00e0 la petite ville de Descartes o\u00f9 il a grandi.<\/p>\n<p><strong>Nathacha Appanah <\/strong>s&rsquo;est quant \u00e0 elle vu d\u00e9cerner le prix Femina, dont le jury est enti\u00e8rement f\u00e9minin. Son roman \u00ab\u00a0La nuit au c\u0153ur\u00a0\u00bb lie le destin de trois femmes prises dans la spirale des violences masculines, dont Chahinez Daoud, m\u00e8re de trois jeunes enfants, br\u00fbl\u00e9e vive par son mari qu&rsquo;elle avait quitt\u00e9 en 2021.\u00a0<\/p>\n<p>S&rsquo;ils sont aujourd&rsquo;hui moins mis en avant sur les pr\u00e9sentoirs des librairies, les trois autres romans conservent cependant toutes leurs chances. N\u00e9 d&rsquo;un journal de bord tenu entre mars et mai 2020, \u00ab\u00a0L&rsquo;adieu au visage\u00a0\u00bb de <strong>David Deneufgermain<\/strong> raconte le quotidien d&rsquo;un psychiatre au d\u00e9but de la pand\u00e9mie de Covid-19, entre ses maraudes aupr\u00e8s des SDF et l&rsquo;h\u00f4pital o\u00f9 les malades meurent seuls, sans leurs proches aupr\u00e8s d&rsquo;eux.<\/p>\n<p>Dans \u00ab\u00a0La Collision\u00a0\u00bb, le journaliste <strong>Paul Gasnier<\/strong> (Quotidien) revient sur l&rsquo;accident mortel de sa m\u00e8re, survenu en 2012 \u00e0 Lyon, et enqu\u00eate sur le jeune gar\u00e7on en moto cross qui l&rsquo;a percut\u00e9e. Enfin <strong>David Thomas<\/strong> dresse enfin dans \u00ab\u00a0Un fr\u00e8re\u00a0\u00bb le portrait touchant d&rsquo;\u00c9douard, atteint de schizophr\u00e9nie, et il d\u00e9peint les d\u00e9g\u00e2ts de la maladie sur lui et sur ses proches.<\/p>\n<p>\u00a0<\/p>\n<blockquote><p>\nIls ont ont \u00e9t\u00e9 s\u00e9lectionn\u00e9s lundi par pr\u00e8s de 2.000 lyc\u00e9ens\n<\/p><\/blockquote>\n<p>\u00a0<\/p>\n<p>Les cinq finalistes de cette 38\u00e8me \u00e9dition ont \u00e9t\u00e9 s\u00e9lectionn\u00e9s lundi par pr\u00e8s de 2.000 lyc\u00e9ens, scolaris\u00e9s dans l&rsquo;ensemble des classes et des fili\u00e8res au sein de 57 \u00e9tablissements en France et \u00e0 l&rsquo;\u00e9tranger. Ils ont lu et \u00e9tudi\u00e9 depuis la rentr\u00e9e les ouvrages de la s\u00e9lection 2025, quasiment identique \u00e0 celle du prix Goncourt.\u00a0<\/p>\n<p>Seul David Diop, laur\u00e9at en 2018, en a \u00e9t\u00e9 retir\u00e9, le r\u00e8glement du Goncourt des lyc\u00e9ens n&rsquo;autorisant pas, comme son a\u00een\u00e9, un auteur \u00e0 remporter deux fois le prix.<\/p>\n<p>Les lyc\u00e9ens ont \u00e9galement eu l&rsquo;occasion le mois dernier de d\u00e9battre avec les auteurs s\u00e9lectionn\u00e9s lors de rencontres dans plusieurs villes en France.<\/p>\n<p><strong>Le prix, annonc\u00e9 aux alentours de 13H00 \u00e0 l&rsquo;H\u00f4tel de ville de Rennes, sera remis au laur\u00e9at en d\u00e9but de soir\u00e9e \u00e0 l&rsquo;Elys\u00e9e en pr\u00e9sence d&rsquo;Emmanuel Macron et du jury, compos\u00e9 de treize lyc\u00e9ens d\u00e9l\u00e9gu\u00e9s, d\u00e9sign\u00e9s lors des d\u00e9lib\u00e9rations r\u00e9gionales lundi.<\/strong><\/p>\n<p style=\"text-align: right;\">AFP<\/p>\n<p>Petit fr\u00e8re du Goncourt des adultes, le Goncourt des lyc\u00e9ens, cr\u00e9\u00e9 dans la capitale bretonne en 1988 et organis\u00e9 par la Fnac et le minist\u00e8re de l&rsquo;Education nationale, se d\u00e9roule chaque ann\u00e9e de septembre \u00e0 novembre.<br \/>Il permet \u00e0 des jeunes lecteurs de d\u00e9couvrir la litt\u00e9rature contemporaine et de promouvoir le go\u00fbt de la lecture dans leurs \u00e9tablissements. Le Goncourt des lyc\u00e9ens est tr\u00e8s prescripteur en termes de ventes et peut repr\u00e9senter certaines ann\u00e9es plusieurs centaines de milliers d&rsquo;exemplaires.<\/p>\n<p><strong>En 2024, il avait \u00e9t\u00e9 attribu\u00e9 \u00e0 Sandrine Collette pour son livre \u00ab\u00a0Madelaine avant l&rsquo;Aube\u00a0\u00bb, publi\u00e9 chez JC Latt\u00e8s.<\/strong><\/p>\n","protected":false},"excerpt":{"rendered":"Leurs cinq romans sont \u00ab\u00a0La maison vide\u00a0\u00bb (Laurent Mauvignier, aux \u00e9ditions de Minuit), \u00ab\u00a0La nuit au c\u0153ur\u00a0\u00bb (Nathacha&hellip;\n","protected":false},"author":2,"featured_media":561766,"comment_status":"","ping_status":"","sticky":false,"template":"","format":"standard","meta":{"footnotes":""},"categories":[2821],"tags":[1111,11,829,1777,674,1011,27,15387,12,18630,584,25],"class_list":{"0":"post-561765","1":"post","2":"type-post","3":"status-publish","4":"format-standard","5":"has-post-thumbnail","7":"category-rennes","8":"tag-actu","9":"tag-actualites","10":"tag-bretagne","11":"tag-eu","12":"tag-europe","13":"tag-fr","14":"tag-france","15":"tag-lyceens","16":"tag-news","17":"tag-prix-goncourt","18":"tag-rennes","19":"tag-republique-francaise"},"share_on_mastodon":{"url":"https:\/\/pubeurope.com\/@fr\/115620505490052010","error":""},"_links":{"self":[{"href":"https:\/\/www.europesays.com\/fr\/wp-json\/wp\/v2\/posts\/561765","targetHints":{"allow":["GET"]}}],"collection":[{"href":"https:\/\/www.europesays.com\/fr\/wp-json\/wp\/v2\/posts"}],"about":[{"href":"https:\/\/www.europesays.com\/fr\/wp-json\/wp\/v2\/types\/post"}],"author":[{"embeddable":true,"href":"https:\/\/www.europesays.com\/fr\/wp-json\/wp\/v2\/users\/2"}],"replies":[{"embeddable":true,"href":"https:\/\/www.europesays.com\/fr\/wp-json\/wp\/v2\/comments?post=561765"}],"version-history":[{"count":0,"href":"https:\/\/www.europesays.com\/fr\/wp-json\/wp\/v2\/posts\/561765\/revisions"}],"wp:featuredmedia":[{"embeddable":true,"href":"https:\/\/www.europesays.com\/fr\/wp-json\/wp\/v2\/media\/561766"}],"wp:attachment":[{"href":"https:\/\/www.europesays.com\/fr\/wp-json\/wp\/v2\/media?parent=561765"}],"wp:term":[{"taxonomy":"category","embeddable":true,"href":"https:\/\/www.europesays.com\/fr\/wp-json\/wp\/v2\/categories?post=561765"},{"taxonomy":"post_tag","embeddable":true,"href":"https:\/\/www.europesays.com\/fr\/wp-json\/wp\/v2\/tags?post=561765"}],"curies":[{"name":"wp","href":"https:\/\/api.w.org\/{rel}","templated":true}]}}