{"id":561767,"date":"2025-11-27T07:34:13","date_gmt":"2025-11-27T07:34:13","guid":{"rendered":"https:\/\/www.europesays.com\/fr\/561767\/"},"modified":"2025-11-27T07:34:13","modified_gmt":"2025-11-27T07:34:13","slug":"bischheim-pour-sortir-de-lorniere-financiere-la-voute-etoilee-augmente-ses-tarifs","status":"publish","type":"post","link":"https:\/\/www.europesays.com\/fr\/561767\/","title":{"rendered":"Bischheim. Pour sortir de l\u2019orni\u00e8re financi\u00e8re, la Vo\u00fbte \u00e9toil\u00e9e augmente ses tarifs"},"content":{"rendered":"<p>La Vo\u00fbte \u00e9toil\u00e9e a longtemps fait la fiert\u00e9 de la ville de Bischheim. C\u2019\u00e9tait \u00ab\u00a0la Rolls Royce des maisons de retraite\u00a0\u00bb. Et ce n\u2019est pas le maire qui le dit, c\u2019est <a href=\"https:\/\/www.dna.fr\/politique\/2020\/02\/29\/trait-d-union-veut-tourner-la-page\" target=\"_blank\" rel=\"noopener\">Christ\u00e8le Lafor\u00eat<\/a> , conseill\u00e8re municipale d\u2019opposition (Trait d\u2019Union) qui l\u2019affirme. Qu\u2019en est-il aujourd\u2019hui\u00a0?<\/p>\n<p>L\u2019\u00e9tablissement, ouvert en 1993, a toujours fi\u00e8re allure. D\u00e8s l\u2019entr\u00e9e, le visiteur d\u00e9couvre le puits de lumi\u00e8re constitu\u00e9 par la grande verri\u00e8re et son jardin exotique d\u2019hiver. Confort \u00e0 tous les \u00e9tages avec la salle \u00e0 manger pour 50 couverts, la cuisine o\u00f9 la nourriture est r\u00e9alis\u00e9e sur place, les salons d\u2019\u00e9tage pour accueillir les familles et servir le repas des r\u00e9sidents les moins mobiles, une salle de recueillement pour les proches en cas de d\u00e9c\u00e8s\u2026 L\u2019extension datant de 2014 a permis d\u2019accueillir des seniors lourdement d\u00e9pendants. <a href=\"https:\/\/www.dna.fr\/societe\/2024\/04\/11\/la-memoire-des-aines-mise-en-scene-dans-un-film\" target=\"_blank\" rel=\"noopener\">94 r\u00e9sidents<\/a> vivent&#8230;<\/p>\n","protected":false},"excerpt":{"rendered":"La Vo\u00fbte \u00e9toil\u00e9e a longtemps fait la fiert\u00e9 de la ville de Bischheim. C\u2019\u00e9tait \u00ab\u00a0la Rolls Royce des&hellip;\n","protected":false},"author":2,"featured_media":561768,"comment_status":"","ping_status":"","sticky":false,"template":"","format":"standard","meta":{"footnotes":""},"categories":[2820],"tags":[1111,11,13205,2880,1777,674,107,1011,27,775,12,25,71,801,640,3265],"class_list":{"0":"post-561767","1":"post","2":"type-post","3":"status-publish","4":"format-standard","5":"has-post-thumbnail","7":"category-strasbourg","8":"tag-actu","9":"tag-actualites","10":"tag-bischheim","11":"tag-edition-strasbourg","12":"tag-eu","13":"tag-europe","14":"tag-fil-info","15":"tag-fr","16":"tag-france","17":"tag-grand-est","18":"tag-news","19":"tag-republique-francaise","20":"tag-sante","21":"tag-social","22":"tag-strasbourg","23":"tag-strasbourg-nord"},"share_on_mastodon":{"url":"https:\/\/pubeurope.com\/@fr\/115620509410364203","error":""},"_links":{"self":[{"href":"https:\/\/www.europesays.com\/fr\/wp-json\/wp\/v2\/posts\/561767","targetHints":{"allow":["GET"]}}],"collection":[{"href":"https:\/\/www.europesays.com\/fr\/wp-json\/wp\/v2\/posts"}],"about":[{"href":"https:\/\/www.europesays.com\/fr\/wp-json\/wp\/v2\/types\/post"}],"author":[{"embeddable":true,"href":"https:\/\/www.europesays.com\/fr\/wp-json\/wp\/v2\/users\/2"}],"replies":[{"embeddable":true,"href":"https:\/\/www.europesays.com\/fr\/wp-json\/wp\/v2\/comments?post=561767"}],"version-history":[{"count":0,"href":"https:\/\/www.europesays.com\/fr\/wp-json\/wp\/v2\/posts\/561767\/revisions"}],"wp:featuredmedia":[{"embeddable":true,"href":"https:\/\/www.europesays.com\/fr\/wp-json\/wp\/v2\/media\/561768"}],"wp:attachment":[{"href":"https:\/\/www.europesays.com\/fr\/wp-json\/wp\/v2\/media?parent=561767"}],"wp:term":[{"taxonomy":"category","embeddable":true,"href":"https:\/\/www.europesays.com\/fr\/wp-json\/wp\/v2\/categories?post=561767"},{"taxonomy":"post_tag","embeddable":true,"href":"https:\/\/www.europesays.com\/fr\/wp-json\/wp\/v2\/tags?post=561767"}],"curies":[{"name":"wp","href":"https:\/\/api.w.org\/{rel}","templated":true}]}}