{"id":561769,"date":"2025-11-27T07:35:16","date_gmt":"2025-11-27T07:35:16","guid":{"rendered":"https:\/\/www.europesays.com\/fr\/561769\/"},"modified":"2025-11-27T07:35:16","modified_gmt":"2025-11-27T07:35:16","slug":"strasbourg-crystal-palace-en-direct-a-quelle-heure-et-sur-quelle-chaine-voir-le-match","status":"publish","type":"post","link":"https:\/\/www.europesays.com\/fr\/561769\/","title":{"rendered":"Strasbourg &#8211; Crystal Palace en direct : \u00e0 quelle heure et sur quelle cha\u00eene voir le match ?"},"content":{"rendered":"<p class=\"paragraph text_align_left lp-f-body-02\">Ce jeudi, ne manquez pas la quatri\u00e8me journ\u00e9e de la phase de ligue. \u00c0 cette occasion, Strasbourg d\u00e9fie Crystal Palace pour tenter de conserver une place dans le haut du classement, synonyme de qualification directe en huiti\u00e8mes de finale. Pour le moment, le club tricolore est invaincu, avec deux victoires (Slovan Bratislava et H\u00e4cken) et un nul conc\u00e9d\u00e9 \u00e0 Jagiellonia (1-1). Cette semaine, l\u2019entra\u00eeneur Liam Rosenior doit composer avec une absence de taille. Le milieu de terrain Abdoul Ouattara est d\u2019ores et d\u00e9j\u00e0 forfait pour la r\u00e9ception des Britanniques. En championnat, Strasbourg sort d\u2019une d\u00e9faite contre le RC Lens (1-0). De son c\u00f4t\u00e9, Crystal Palace est neuvi\u00e8me avec six points au compteur. Apr\u00e8s avoir remport\u00e9 le duel contre le Dynamo Kiev (0-2), les co\u00e9quipiers d\u2019Isma\u00efla Sarr se sont inclin\u00e9s face \u00e0 l\u2019AEK Larnaca (0-1). Par la suite, Crystal Palace a renou\u00e9 avec le succ\u00e8s en renversant l\u2019AZ Alkmaar sur un score de trois buts \u00e0 un. En Premier League, Crystal Palace est cinqui\u00e8me avec cinq victoires, cinq nuls et deux d\u00e9faites. Dans ces lignes on vous dit \u00e0 quelle heure et sur quelle cha\u00eene voir le match Strasbourg \u2013 Crystal Palace en direct ce jeudi soir.<\/p>\n<p class=\"paragraph text_align_left lp-f-body-02\"><b>Le match qui oppose Strasbourg et Crystal Palace est diffus\u00e9 ce jeudi 27 novembre <\/b><a href=\"https:\/\/ad.doubleclick.net\/ddm\/trackclk\/N6600.145219.LEPARISIEN.FR\/B32944843.412602239;dc_trk_aid=604786699;dc_trk_cid=228480032;dc_lat=;dc_rdid=;tag_for_child_directed_treatment=;tfua=;gdpr=${GDPR};gdpr_consent=${GDPR_CONSENT_755};ltd=;dc_tdv=1\" target=\"_blank\" rel=\"sponsored noopener\"><b>en direct sur la cha\u00eene CANAL+<\/b><\/a><b>. La rencontre est pr\u00e9vue \u00e0 21h au stade de la Meinau. <\/b>L\u2019arbitre espagnol Javier Alberola Rojas a \u00e9t\u00e9 d\u00e9sign\u00e9 pour diriger la confrontation. Il sera assist\u00e9 d\u2019Alfredo Rodriguez Moreno et de Carlos Alvarez Fernandez.<\/p>\n","protected":false},"excerpt":{"rendered":"Ce jeudi, ne manquez pas la quatri\u00e8me journ\u00e9e de la phase de ligue. \u00c0 cette occasion, Strasbourg d\u00e9fie&hellip;\n","protected":false},"author":2,"featured_media":561770,"comment_status":"","ping_status":"","sticky":false,"template":"","format":"standard","meta":{"footnotes":""},"categories":[2820],"tags":[1111,11,814,1777,674,63,1011,27,775,749,12,25,640,6718],"class_list":{"0":"post-561769","1":"post","2":"type-post","3":"status-publish","4":"format-standard","5":"has-post-thumbnail","7":"category-strasbourg","8":"tag-actu","9":"tag-actualites","10":"tag-direct","11":"tag-eu","12":"tag-europe","13":"tag-football","14":"tag-fr","15":"tag-france","16":"tag-grand-est","17":"tag-guide-shopping","18":"tag-news","19":"tag-republique-francaise","20":"tag-strasbourg","21":"tag-tv-streaming"},"share_on_mastodon":{"url":"https:\/\/pubeurope.com\/@fr\/115620513305813278","error":""},"_links":{"self":[{"href":"https:\/\/www.europesays.com\/fr\/wp-json\/wp\/v2\/posts\/561769","targetHints":{"allow":["GET"]}}],"collection":[{"href":"https:\/\/www.europesays.com\/fr\/wp-json\/wp\/v2\/posts"}],"about":[{"href":"https:\/\/www.europesays.com\/fr\/wp-json\/wp\/v2\/types\/post"}],"author":[{"embeddable":true,"href":"https:\/\/www.europesays.com\/fr\/wp-json\/wp\/v2\/users\/2"}],"replies":[{"embeddable":true,"href":"https:\/\/www.europesays.com\/fr\/wp-json\/wp\/v2\/comments?post=561769"}],"version-history":[{"count":0,"href":"https:\/\/www.europesays.com\/fr\/wp-json\/wp\/v2\/posts\/561769\/revisions"}],"wp:featuredmedia":[{"embeddable":true,"href":"https:\/\/www.europesays.com\/fr\/wp-json\/wp\/v2\/media\/561770"}],"wp:attachment":[{"href":"https:\/\/www.europesays.com\/fr\/wp-json\/wp\/v2\/media?parent=561769"}],"wp:term":[{"taxonomy":"category","embeddable":true,"href":"https:\/\/www.europesays.com\/fr\/wp-json\/wp\/v2\/categories?post=561769"},{"taxonomy":"post_tag","embeddable":true,"href":"https:\/\/www.europesays.com\/fr\/wp-json\/wp\/v2\/tags?post=561769"}],"curies":[{"name":"wp","href":"https:\/\/api.w.org\/{rel}","templated":true}]}}