{"id":561771,"date":"2025-11-27T07:36:16","date_gmt":"2025-11-27T07:36:16","guid":{"rendered":"https:\/\/www.europesays.com\/fr\/561771\/"},"modified":"2025-11-27T07:36:16","modified_gmt":"2025-11-27T07:36:16","slug":"une-nouvelle-porte-dentree-pour-toutes-les-demarches-administratives-avec-la-nouvelle-maison-france-services-installee-dans-les-locaux-de-lassociation-adam-aux-moulins-a-nice","status":"publish","type":"post","link":"https:\/\/www.europesays.com\/fr\/561771\/","title":{"rendered":"Une nouvelle porte d\u2019entr\u00e9e pour toutes les d\u00e9marches administratives avec la nouvelle maison France services install\u00e9e dans les locaux de l\u2019association ADAM aux Moulins \u00e0 Nice"},"content":{"rendered":"<p class=\"fs-5 \">Il y avait foule ce mercredi 26 novembre 2025 devant les locaux de l\u2019association ADAM au c\u0153ur des Moulins.<\/p>\n<p class=\"fs-5 \">Il faut dire que c\u2019\u00e9tait jour d\u2019inauguration &#8211; en pr\u00e9sence notamment du pr\u00e9fet, Laurent Hottiaux, et de repr\u00e9sentants de la Ville dont l\u2019adjointe d\u00e9l\u00e9gu\u00e9e au territoire Nice-Ouest, Monique Bailet -, celle de la nouvelle maison France services.<\/p>\n<p class=\"fs-5 \">Visiblement, les habitants s\u2019\u00e9taient donn\u00e9 le mot et ils \u00e9taient d\u00e9j\u00e0 nombreux en qu\u00eate de r\u00e9ponses \u00e0 leurs questions.<\/p>\n<p class=\"fs-5 \">\u00ab Gr\u00e2ce \u00e0 ce point d\u2019accueil fixe et sans rendez-vous, quiconque a besoin d\u2019aide pourra venir en trouver ici, r\u00e9sume Leila Gharbi, la responsable de l\u2019acc\u00e8s aux droits et services \u00e0 ADAM. L\u2019objectif est d\u2019accompagner les usagers dans leurs d\u00e9marches administratives. Cela peut \u00eatre parce qu\u2019ils ne sont pas familiers des proc\u00e9dures, parce qu\u2019ils ont du mal \u00e0 r\u00e9diger des courriers ou m\u00eame parce qu\u2019ils n\u2019ont pas d\u2019acc\u00e8s \u00e0 Internet chez eux. Ici, ils pourront trouver dans un lieu unique des r\u00e9ponses s\u2019agissant de leurs papiers, ou encore concernant la Caf, la CPAM, France Travail ou encore les Finances publiques. Avec la d\u00e9mat\u00e9rialisation, certains ont d\u00fb mal \u00e0 g\u00e9rer leurs demandes et peuvent faire face \u00e0 une coupure de leurs droits, par exemple une suspension de leur retraite \u00e0 cause d\u2019une erreur de proc\u00e9dure ou d\u2019un document non transmis. Ils peuvent venir ici afin qu\u2019on examine leur dossier et qu\u2019on trouve avec eux une solution. \u00bb<\/p>\n<p>                                                                                La 35e maison France services du d\u00e9partement<\/p>\n<p class=\"fs-5 \">\u00ab Il s\u2019agit de la 35e maison France services dans le d\u00e9partement, se r\u00e9jouit Laurent Hottiaux. Le bus France services, qui va d\u2019ailleurs continuer de circuler, rencontrait d\u00e9j\u00e0 un franc succ\u00e8s montrant la n\u00e9cessit\u00e9 d\u2019ouvrir un point d\u2019accueil fixe. \u00bb<\/p>\n<p class=\"fs-5 \">Le pr\u00e9fet a tenu \u00e0 participer \u00e0 l\u2019\u00e9v\u00e9nement \u00ab pour r\u00e9affirmer la pr\u00e9sence de l\u2019Etat au c\u0153ur de ce quartier \u00bb, rappelant que ce dispositif \u00ab a \u00e9t\u00e9 d\u00e9ploy\u00e9 apr\u00e8s la crise des gilets jaunes pour permettre un meilleur acc\u00e8s aux services publics \u00bb.<\/p>\n<p class=\"fs-5 \">Le fait d\u2019adosser ce dispositif \u00e0 l\u2019association ADAM (l\u2019\u00e9tat lui verse une subvention annuelle pour le g\u00e9rer) lui permet de s\u2019ancrer dans la r\u00e9alit\u00e9 et les probl\u00e9matiques des Moulins.<\/p>\n<p class=\"fs-5 \">Car elle existe depuis une trentaine d\u2019ann\u00e9es et si son nom est l\u2019acronyme d\u2019aide aux devoirs et animation des Moulins, elle \u0153uvre d\u00e9sormais bien au-del\u00e0 de cette mission.<\/p>\n<p class=\"fs-5 \">\u00ab Ce travail de partenariat entre les diff\u00e9rents services de l\u2019\u00e9tat \u00e9tablit une relation de confiance avec les usagers. Ils peuvent continuer \u00e0 compter sur les salari\u00e9s de l\u2019association qui donnent sans compter, travaillent avec rigueur, patience, dignit\u00e9 et abn\u00e9gation \u00bb, souligne son pr\u00e9sident Jean-Marc Latapie.<\/p>\n<p class=\"fs-5 \">\u00ab Cette maison France services t\u00e9moigne d\u2019une volont\u00e9 d\u2019offrir des services publics plus simples, rapides et proches de tous, remarque Monique Bailet. Elle deviendra un rep\u00e8re dans la vie quotidienne des habitants. \u00bb<\/p>\n<p class=\"fs-5 \">Pour faciliter les d\u00e9marches, le lieu est ouvert du lundi au vendredi, de 9h15 \u00e0 12h et de 13h \u00e0 17h30 au 6, rue de la Santoline (rens. sur <a href=\"https:\/\/www.associationadam.fr\/\" target=\"_blank\" rel=\"nofollow noopener\">associationadam.fr<\/a>).<\/p>\n","protected":false},"excerpt":{"rendered":"Il y avait foule ce mercredi 26 novembre 2025 devant les locaux de l\u2019association ADAM au c\u0153ur des&hellip;\n","protected":false},"author":2,"featured_media":561772,"comment_status":"","ping_status":"","sticky":false,"template":"","format":"standard","meta":{"footnotes":""},"categories":[2819],"tags":[1111,11,1777,674,1011,27,12,2401,882,25],"class_list":{"0":"post-561771","1":"post","2":"type-post","3":"status-publish","4":"format-standard","5":"has-post-thumbnail","7":"category-nice","8":"tag-actu","9":"tag-actualites","10":"tag-eu","11":"tag-europe","12":"tag-fr","13":"tag-france","14":"tag-news","15":"tag-nice","16":"tag-provence-alpes-cote-dazur","17":"tag-republique-francaise"},"share_on_mastodon":{"url":"https:\/\/pubeurope.com\/@fr\/115620517240140774","error":""},"_links":{"self":[{"href":"https:\/\/www.europesays.com\/fr\/wp-json\/wp\/v2\/posts\/561771","targetHints":{"allow":["GET"]}}],"collection":[{"href":"https:\/\/www.europesays.com\/fr\/wp-json\/wp\/v2\/posts"}],"about":[{"href":"https:\/\/www.europesays.com\/fr\/wp-json\/wp\/v2\/types\/post"}],"author":[{"embeddable":true,"href":"https:\/\/www.europesays.com\/fr\/wp-json\/wp\/v2\/users\/2"}],"replies":[{"embeddable":true,"href":"https:\/\/www.europesays.com\/fr\/wp-json\/wp\/v2\/comments?post=561771"}],"version-history":[{"count":0,"href":"https:\/\/www.europesays.com\/fr\/wp-json\/wp\/v2\/posts\/561771\/revisions"}],"wp:featuredmedia":[{"embeddable":true,"href":"https:\/\/www.europesays.com\/fr\/wp-json\/wp\/v2\/media\/561772"}],"wp:attachment":[{"href":"https:\/\/www.europesays.com\/fr\/wp-json\/wp\/v2\/media?parent=561771"}],"wp:term":[{"taxonomy":"category","embeddable":true,"href":"https:\/\/www.europesays.com\/fr\/wp-json\/wp\/v2\/categories?post=561771"},{"taxonomy":"post_tag","embeddable":true,"href":"https:\/\/www.europesays.com\/fr\/wp-json\/wp\/v2\/tags?post=561771"}],"curies":[{"name":"wp","href":"https:\/\/api.w.org\/{rel}","templated":true}]}}