{"id":561773,"date":"2025-11-27T07:37:23","date_gmt":"2025-11-27T07:37:23","guid":{"rendered":"https:\/\/www.europesays.com\/fr\/561773\/"},"modified":"2025-11-27T07:37:23","modified_gmt":"2025-11-27T07:37:23","slug":"attentats-de-nice-qui-est-le-rappeur-freeze-corleone-bientot-juge-pour-apologie-du-terrorisme","status":"publish","type":"post","link":"https:\/\/www.europesays.com\/fr\/561773\/","title":{"rendered":"Attentats de Nice : qui est le rappeur Freeze Corleone, bient\u00f4t jug\u00e9 pour apologie du terrorisme\u202f?"},"content":{"rendered":"<p>L\u2019affaire secoue d\u00e9j\u00e0 le monde du rap. Dans quelques mois, un<br \/>\nvisage bien connu de la sc\u00e8ne urbaine devra s\u2019expliquer devant la<br \/>\njustice. Mais derri\u00e8re cette convocation tr\u00e8s m\u00e9diatis\u00e9e, un nom<br \/>\nintrigue : celui de <strong>Freeze Corleone<\/strong>, figure<br \/>\ncentrale de la galaxie 667 et rappeur \u00e0 l\u2019aura sulfureuse, <a href=\"https:\/\/www.closermag.fr\/people\/info-closer.-apres-des-menaces-contre-valerie-benaim-un-homme-place-en-garde-a-vue-1175317\" target=\"_blank\" rel=\"noopener\"><br \/>\nun artiste habitu\u00e9 aux pol\u00e9miques<\/a> et aujourd\u2019hui au c\u0153ur d\u2019un<br \/>\ndossier extr\u00eamement sensible. Tout est parti d\u2019une phrase.<\/p>\n<p>Quelques mots l\u00e2ch\u00e9s dans une rime devenue explosive. \u201cEn<br \/>\nd\u00e9fense j\u2019suis Kalidou, t\u2019es Lenglet. Burberry comme un grand-p\u00e8re<br \/>\nanglais. J\u2019arrive dans l\u2019rap comme un <strong>camion qui bombarde \u00e0<br \/>\nfond sur la\u2026\u201d<\/strong>. Ces vers, issus du morceau<br \/>\nHaaland, enregistr\u00e9 avec l\u2019Allemand Luciano et sorti d\u00e9but<br \/>\n2024, ont imm\u00e9diatement fait bondir les \u00e9lus ni\u00e7ois et les<br \/>\nassociations de victimes de <a href=\"https:\/\/www.closermag.fr\/vecu\/temoignages\/proces-de-l-attentat-de-nice-ce-souvenir-insoutenable-conserve-dans-leur-cave-par-les-parents-de-yanis-mort-a-4-ans-1644539\" target=\"_blank\" rel=\"noopener\"><br \/>\nl\u2019attentat du 14 juillet 2016.\u00a0<\/a><\/p>\n<p>Freeze Corleone devant la justice en f\u00e9vrier prochain<\/p>\n<p>Car si Freeze Corleone ne prononce pas explicitement le nom de<br \/>\nla <a href=\"https:\/\/www.closermag.fr\/vecu\/faits-divers\/ce-soir-la-kenza-est-redevenue-un-bebe-ces-dramatiques-sequelles-des-jeunes-victimes-de-l-attentat-de-nice-1644525\" target=\"_blank\" rel=\"noopener\"><br \/>\nPromenade des Anglais<\/a>, la rime y renvoie de mani\u00e8re<br \/>\nsuffisamment claire pour d\u00e9clencher une enqu\u00eate. Le parquet de Nice<br \/>\ny voit une <strong>possible apologie du terrorisme.<\/strong> Le<br \/>\nrappeur devra donc compara\u00eetre le 16 f\u00e9vrier 2026 devant le<br \/>\ntribunal correctionnel. L\u2019\u00e9moi est imm\u00e9diat. D\u00e8s le lendemain de la<br \/>\nsortie du morceau, les r\u00e9actions s\u2019encha\u00eenent.<\/p>\n<p>Jean-Claude Hubler, fondateur de Life for Nice, dit \u00eatre<br \/>\n\u201chorrifi\u00e9\u201d. <strong>D\u2019autres victimes d\u00e9posent<br \/>\nplainte.<\/strong> Pendant plusieurs mois, Freeze Corleone ignore<br \/>\nles convocations. Finalement entendu en audition libre, il refuse<br \/>\nde r\u00e9pondre aux questions, invoque son droit au silence et se voit<br \/>\nnotifier sa citation \u00e0 compara\u00eetre. Cette nouvelle affaire rallume<br \/>\nun pass\u00e9 m\u00e9diatique charg\u00e9. Freeze Corleone, <strong>de son vrai<br \/>\nnom Issa Lorenzo Diakhat\u00e9,<\/strong> avait d\u00e9j\u00e0 fait face en 2020 \u00e0<br \/>\nune enqu\u00eate pour <strong>\u201cprovocation \u00e0 la haine<br \/>\nraciale\u201d.<\/strong> En cause : des clips contenant des propos<br \/>\nouvertement antis\u00e9mites, comme \u201cJ\u2019arrive d\u00e9termin\u00e9 comme Adolf<br \/>\ndans les ann\u00e9es 1930\u201d ou \u201ctous les jours RAF de la Shoah\u201d.<\/p>\n<p>Un rappeur aux nombreuses<br \/>\npol\u00e9miques<\/p>\n<p>L\u2019affaire avait \u00e9t\u00e9 class\u00e9e sans suite, mais son label Universal<br \/>\nMusic l\u2019avait imm\u00e9diatement l\u00e2ch\u00e9, jugeant ses paroles<br \/>\n\u201cinacceptables\u201d. Depuis, sa carri\u00e8re se poursuit dans un<br \/>\nunivers ind\u00e9pendant, suivie par une communaut\u00e9 aussi fid\u00e8le que<br \/>\npol\u00e9mique.<\/p>\n<p>Ces derni\u00e8res ann\u00e9es, plusieurs de ses concerts ont \u00e9t\u00e9<br \/>\ninterdits \u00e0 travers le pays, les autorit\u00e9s craignant la reprise de<br \/>\npropos injurieux sur sc\u00e8ne. Avec Haaland, l\u2019artiste se<br \/>\nretrouve une nouvelle fois face \u00e0 la justice.<\/p>\n","protected":false},"excerpt":{"rendered":"L\u2019affaire secoue d\u00e9j\u00e0 le monde du rap. Dans quelques mois, un visage bien connu de la sc\u00e8ne urbaine&hellip;\n","protected":false},"author":2,"featured_media":561774,"comment_status":"","ping_status":"","sticky":false,"template":"","format":"standard","meta":{"footnotes":""},"categories":[2819],"tags":[1111,11,5581,1777,674,1011,27,12,2401,882,25],"class_list":{"0":"post-561773","1":"post","2":"type-post","3":"status-publish","4":"format-standard","5":"has-post-thumbnail","7":"category-nice","8":"tag-actu","9":"tag-actualites","10":"tag-attentat","11":"tag-eu","12":"tag-europe","13":"tag-fr","14":"tag-france","15":"tag-news","16":"tag-nice","17":"tag-provence-alpes-cote-dazur","18":"tag-republique-francaise"},"share_on_mastodon":{"url":"https:\/\/pubeurope.com\/@fr\/115620521165220433","error":""},"_links":{"self":[{"href":"https:\/\/www.europesays.com\/fr\/wp-json\/wp\/v2\/posts\/561773","targetHints":{"allow":["GET"]}}],"collection":[{"href":"https:\/\/www.europesays.com\/fr\/wp-json\/wp\/v2\/posts"}],"about":[{"href":"https:\/\/www.europesays.com\/fr\/wp-json\/wp\/v2\/types\/post"}],"author":[{"embeddable":true,"href":"https:\/\/www.europesays.com\/fr\/wp-json\/wp\/v2\/users\/2"}],"replies":[{"embeddable":true,"href":"https:\/\/www.europesays.com\/fr\/wp-json\/wp\/v2\/comments?post=561773"}],"version-history":[{"count":0,"href":"https:\/\/www.europesays.com\/fr\/wp-json\/wp\/v2\/posts\/561773\/revisions"}],"wp:featuredmedia":[{"embeddable":true,"href":"https:\/\/www.europesays.com\/fr\/wp-json\/wp\/v2\/media\/561774"}],"wp:attachment":[{"href":"https:\/\/www.europesays.com\/fr\/wp-json\/wp\/v2\/media?parent=561773"}],"wp:term":[{"taxonomy":"category","embeddable":true,"href":"https:\/\/www.europesays.com\/fr\/wp-json\/wp\/v2\/categories?post=561773"},{"taxonomy":"post_tag","embeddable":true,"href":"https:\/\/www.europesays.com\/fr\/wp-json\/wp\/v2\/tags?post=561773"}],"curies":[{"name":"wp","href":"https:\/\/api.w.org\/{rel}","templated":true}]}}